{"id":2398,"date":"2025-04-15T17:23:04","date_gmt":"2025-04-15T20:23:04","guid":{"rendered":"https:\/\/cidadenoar.com\/?p=2398"},"modified":"2025-07-26T17:53:57","modified_gmt":"2025-07-26T20:53:57","slug":"posso-mudar-de-nome-so-porque-nao-gosto-o-caso-de-reinalda","status":"publish","type":"post","link":"https:\/\/cidadenoar.com\/global\/politica\/posso-mudar-de-nome-so-porque-nao-gosto-o-caso-de-reinalda\/","title":{"rendered":"Posso mudar de nome s\u00f3 porque n\u00e3o gosto? O caso de REINALDA"},"content":{"rendered":"\n<p>O texto explica como, com a nova lei, ficou mais f\u00e1cil mudar de nome diretamente no cart\u00f3rio, sem precisar ir ao judici\u00e1rio ou justificar o motivo. A partir da hist\u00f3ria de uma mulher que nunca se sentiu representada pelo pr\u00f3prio nome, o artigo mostra como essa mudan\u00e7a representa um passo importante no respeito \u00e0 identidade e \u00e0 liberdade de cada pessoa.<\/p>\n\n\n\n<p><\/p>\n\n\n\n<h2 class=\"wp-block-heading\">Me chama de &#8220;Nanda&#8221;<\/h2>\n\n\n\n<p>Reinalda nunca gostou do pr\u00f3prio nome.<br>Nunca. Nem quando era pequena, nem quando cresceu.<\/p>\n\n\n\n<p>Desde cedo, sentia que aquela palavra comprida, arrastada, n\u00e3o era dela. Tinha algo pesado em \u201cReinalda\u201d, soava antigo, distante, como se tivesse sido emprestado de uma outra vida, uma outra \u00e9poca, pertencia a uma outra pessoa.<\/p>\n\n\n\n<p>Foi ainda crian\u00e7a que ela come\u00e7ou a pedir:<br>\u2014 \u201cMe chama de Nanda, por favor&#8230;\u201d<\/p>\n\n\n\n<p>Era o jeito que encontrou de se proteger. De suavizar o inc\u00f4modo.<br>Mas nem todo mundo respeitava. Tinha quem insistisse:<br>\u2014 \u201cMas \u00e9 o seu nome, u\u00e9. Reinalda!\u201d<br>E l\u00e1 vinha o desconforto, de novo. Nas chamadas da escola. Nos sistemas de cadastro. Nos crach\u00e1s.<\/p>\n\n\n\n<p><strong>Reinalda era inimiga de si.<\/strong><br>Estava l\u00e1, gravada em tinta preta no registro de nascimento.<br>Mas quem caminhava, quem sonhava, quem ardia por dentro&#8230; era outra.<\/p>\n\n\n\n<p>Reinalda era peso. Era dist\u00e2ncia. Era o nome que os outros chamavam, mas que ela nunca atendeu de verdade.<br>Quem habitava aquele corpo era <strong>Nanda<\/strong> &#8211; e s\u00f3 ela sabia o quanto do\u00eda ouvir um nome que n\u00e3o era seu.<\/p>\n\n\n\n<p><strong>Nanda existia \u00e0 margem do pr\u00f3prio nome<\/strong>, sufocada por um r\u00f3tulo que nunca coube.<br>A cada chamada de lista, a cada assinatura for\u00e7ada, a cada \u201cReinalda?\u201d surgia uma ang\u00fastia antiga.<br>Uma sensa\u00e7\u00e3o de desencontro com o mundo &#8211; e consigo.<\/p>\n\n\n\n<p>Ela n\u00e3o queria apagar o passado. Queria apenas escrever o presente com a pr\u00f3pria letra.<br>Ela n\u00e3o queria provar nada a ningu\u00e9m. S\u00f3 ser chamada como se sente, Nanda.<\/p>\n\n\n\n<p>E ent\u00e3o vem a pergunta que talvez tamb\u00e9m seja sua:<\/p>\n\n\n\n<blockquote class=\"wp-block-quote is-layout-flow wp-block-quote-is-layout-flow\">\n<p><\/p>\n<\/blockquote>\n\n\n\n<blockquote class=\"wp-block-quote has-text-align-right is-layout-flow wp-block-quote-is-layout-flow\">\n<p class=\"has-text-align-left\"><strong>Se o nome que te deram n\u00e3o te representa, ser\u00e1 que voc\u00ea n\u00e3o tem o direito de escolher o seu?<\/strong><\/p>\n<cite>Antes mudar de nome era pedir permiss\u00e3o para existir.<\/cite><\/blockquote>\n\n\n\n<p>Durante anos, mudar de nome significava enfrentar um processo judicial. Advogado, justificativas, peti\u00e7\u00f5es, prova de que aquele nome causava dor. Era como se fosse preciso implorar ao Estado o direito de ser voc\u00ea. E mesmo assim, muitos pedidos eram negados. O sistema dizia: \u201cSeu desconforto n\u00e3o \u00e9 suficiente.\u201d<\/p>\n\n\n\n<p><strong><mark class=\"has-inline-color has-vivid-cyan-blue-color\">Em 2022, tudo mudou.<br><\/mark><\/strong>Com a <strong>Lei n.\u00ba 14.382\/2022<\/strong>, o artigo 56 da Lei de Registros P\u00fablicos passou a permitir que <strong>qualquer pessoa maior de 18 anos possa alterar o prenome diretamente no cart\u00f3rio<\/strong>, <strong>sem precisar justificar o motivo<\/strong> e <strong>sem precisar de decis\u00e3o judicial<\/strong>.<\/p>\n\n\n\n<p>Reinalda mal acreditou.<br>Depois de anos se escondendo atr\u00e1s de um apelido, <strong>poderia finalmente ser quem sempre foi<\/strong>.<\/p>\n\n\n\n<p>Foi at\u00e9 o cart\u00f3rio.<br>Preencheu o formul\u00e1rio.<br>Escolheu com firmeza, <strong>Nanda<\/strong>.<\/p>\n\n\n\n<p>Saiu de l\u00e1 com um novo registro e uma sensa\u00e7\u00e3o libertadora:<br>&#8211; \u201cAgora meu nome me veste bem.\u201d<\/p>\n\n\n\n<p><\/p>\n\n\n\n<h2 class=\"wp-block-heading\"><strong>Seu nome, sua hist\u00f3ria, sua escolha<\/strong>: Um Direito da Personalidade<\/h2>\n\n\n\n<p>O nome \u00e9 um dos principais elementos que identificam uma pessoa na sociedade. Ele est\u00e1 presente nos documentos, nos v\u00ednculos familiares e nas rela\u00e7\u00f5es jur\u00eddicas do dia a dia. Por isso, o nome \u00e9 protegido como um direito da personalidade, ou seja, um direito ligado \u00e0 pr\u00f3pria exist\u00eancia da pessoa, ao modo como ela se apresenta e \u00e9 reconhecida.<\/p>\n\n\n\n<p>Desse modo, ter o nome respeitado, ou a possibilidade de alter\u00e1-lo quando dissociado da identidade pessoal, integra o exerc\u00edcio da autonomia privada e da autodetermina\u00e7\u00e3o individual. O que faz parte do que n\u00f3s do direito chamamos de efetiva\u00e7\u00e3o dos direitos da personalidade.<\/p>\n\n\n\n<p>Antes da mudan\u00e7a na lei, s\u00f3 era poss\u00edvel alterar o nome <strong>sem justificativa<\/strong> ao completar <strong>18 anos<\/strong> &#8211; e ainda assim, <strong>apenas dentro daquele ano<\/strong>. Se voc\u00ea perdesse esse prazo, o caminho seria outro: <strong>ingressar na Justi\u00e7a<\/strong>, contratar um advogado, apresentar provas, esperar meses&#8230; e torcer para convencer o juiz.<\/p>\n\n\n\n<p>A regra era clara: <strong>s\u00f3 podia mudar se houvesse um &#8220;motivo justo&#8221;<\/strong> &#8211; como nomes vexat\u00f3rios, que causassem humilha\u00e7\u00e3o ou expusessem a pessoa ao rid\u00edculo.<\/p>\n\n\n\n<p>Ou seja: <strong>voc\u00ea precisava sofrer para ter o direito de ser chamado como queria<\/strong>.<\/p>\n\n\n\n<p>Mas isso mudou.<\/p>\n\n\n\n<p>Conforme vimos, com a <strong>Lei Federal n.\u00ba 14.382\/2022<\/strong>, agora <strong>qualquer pessoa maior de 18 anos<\/strong> pode pedir a <strong>mudan\u00e7a de nome diretamente no Cart\u00f3rio de <a href=\"https:\/\/blogdodg.com.br\/artigo-o-que-voce-tem-que-saber-sobre-o-tema-do-enem-2021-geovani-menezes\/\" data-type=\"link\" data-id=\"https:\/\/blogdodg.com.br\/artigo-o-que-voce-tem-que-saber-sobre-o-tema-do-enem-2021-geovani-menezes\/\" target=\"_blank\" rel=\"noopener\">Registro Civil de Pessoas Naturais<\/a><\/strong>, <strong>sem precisar justificar o motivo<\/strong>, <strong>sem entrar com a\u00e7\u00e3o judicial<\/strong> e <strong>sem limite de tempo<\/strong>.<\/p>\n\n\n\n<p>E mais, <strong>os pais tamb\u00e9m podem solicitar a altera\u00e7\u00e3o do nome do beb\u00ea<\/strong>, desde que o pedido seja feito at\u00e9 15 dias ap\u00f3s o registro.<\/p>\n\n\n\n<p>O processo \u00e9 simples, r\u00e1pido e seguro.<br>Mas aten\u00e7\u00e3o: <strong>a mudan\u00e7a s\u00f3 pode ser feita uma \u00fanica vez<\/strong>, ent\u00e3o pense bem antes de decidir. O valor para mudan\u00e7a de nome no cart\u00f3rio pode variar conforme o Estado, mas geralmente fica entre R$ 100 e R$ 400.<\/p>\n\n\n\n<p>No fim das contas, a moral da hist\u00f3ria \u00e9 simples: <strong>O nome \u00e9 seu &#8211; e agora, o direito de escolh\u00ea-lo tamb\u00e9m \u00e9.<\/strong><\/p>\n\n\n\n<p class=\"has-text-align-right\"><\/p>\n\n\n\n<blockquote class=\"wp-block-quote is-layout-flow wp-block-quote-is-layout-flow\">\n<p><strong>Geovani Ramos Menezes<\/strong><sup data-fn=\"da1b1afb-1b67-4094-8638-88d35b3c4681\" class=\"fn\"><a id=\"da1b1afb-1b67-4094-8638-88d35b3c4681-link\" href=\"#da1b1afb-1b67-4094-8638-88d35b3c4681\">1<\/a><\/sup><\/p>\n<\/blockquote>\n\n\n\n<p><\/p>\n\n\n<ol class=\"wp-block-footnotes\"><li id=\"da1b1afb-1b67-4094-8638-88d35b3c4681\">Geovani Menezes \u00e9 Mestrando em Ci\u00eancias Jur\u00eddicas e Bacharel em Direito pela Universidade Cesumar \u2013 UniCesumar (Campus Maring\u00e1\/PR), sendo bolsista do Programa de Suporte \u00e0 P\u00f3s-Gradua\u00e7\u00e3o de Institui\u00e7\u00f5es de Ensino Particulares (PROSUP\/CAPES). P\u00f3s-graduando em Direito Notarial e Registral pelo Centro Universit\u00e1rio Cidade Verde \u2013 UniCV (Maring\u00e1\/PR). Pesquisador vinculado \u00e0 CAPES, ICETI, CNPq e FA, desenvolve pesquisas em direito com enfoque nas \u00e1reas de direitos da personalidade, desjudicializa\u00e7\u00e3o e acesso \u00e0 justi\u00e7a.<br><br>Geovani \u00e9 o mais novo colunista do portal <strong>CidadeNoAr.com<\/strong>, autor da coluna <em>Direito Notarial e Registral<\/em>, na qual aborda temas relacionados aos cart\u00f3rios, aos direitos da personalidade e \u00e0 fun\u00e7\u00e3o cidad\u00e3 do extrajudicial.<br><br>Contato: <strong><a class=\"\">geovani_menezes@hotmail.com.br<\/a><\/strong> <a href=\"#da1b1afb-1b67-4094-8638-88d35b3c4681-link\" aria-label=\"Ir para a refer\u00eancia 1 na nota de rodap\u00e9\">\u21a9\ufe0e<\/a><\/li><\/ol>\n\n\n<p class=\"has-text-align-right\">Siga o autor no instagram: <a href=\"http:\/\/instagram.com\/geovani.menezes\/\" data-type=\"link\" data-id=\"http:\/\/instagram.com\/geovani.menezes\/\" target=\"_blank\" rel=\"noopener\"><strong>@geovanimenezes<\/strong> <\/a>&#8211; l\u00e1 o Direito \u00e9 direto.<\/p>\n\n\n\n<p><\/p>\n","protected":false},"excerpt":{"rendered":"<p>O texto explica como, com a nova lei, ficou mais f\u00e1cil mudar de nome diretamente no cart\u00f3rio, sem precisar ir ao judici\u00e1rio ou justificar o motivo. A partir da hist\u00f3ria de uma mulher que nunca se sentiu representada pelo pr\u00f3prio nome, o artigo mostra como essa mudan\u00e7a representa um passo importante no respeito \u00e0 identidade&#8230;<\/p>\n","protected":false},"author":27,"featured_media":2399,"comment_status":"open","ping_status":"open","sticky":false,"template":"","format":"standard","meta":{"footnotes":"[{\"id\":\"da1b1afb-1b67-4094-8638-88d35b3c4681\",\"content\":\"Geovani Menezes \\u00e9 Mestrando em Ci\\u00eancias Jur\\u00eddicas e Bacharel em Direito pela Universidade Cesumar \\u2013 UniCesumar (Campus Maring\\u00e1\\\/PR), sendo bolsista do Programa de Suporte \\u00e0 P\\u00f3s-Gradua\\u00e7\\u00e3o de Institui\\u00e7\\u00f5es de Ensino Particulares (PROSUP\\\/CAPES). P\\u00f3s-graduando em Direito Notarial e Registral pelo Centro Universit\\u00e1rio Cidade Verde \\u2013 UniCV (Maring\\u00e1\\\/PR). Pesquisador vinculado \\u00e0 CAPES, ICETI, CNPq e FA, desenvolve pesquisas em direito com enfoque nas \\u00e1reas de direitos da personalidade, desjudicializa\\u00e7\\u00e3o e acesso \\u00e0 justi\\u00e7a.<br><br>Geovani \\u00e9 o mais novo colunista do portal <strong>CidadeNoAr.com<\\\/strong>, autor da coluna <em>Direito Notarial e Registral<\\\/em>, na qual aborda temas relacionados aos cart\\u00f3rios, aos direitos da personalidade e \\u00e0 fun\\u00e7\\u00e3o cidad\\u00e3 do extrajudicial.<br><br>Contato: <strong><a class=\\\"\\\">geovani_menezes@hotmail.com.br<\\\/a><\\\/strong>\"}]"},"categories":[374],"tags":[187,181,184,182,190,180,191,189,183,185,179,188,186,192],"class_list":["post-2398","post","type-post","status-publish","format-standard","has-post-thumbnail","hentry","category-politica","tag-alteracao-de-nome","tag-autonomia-individual","tag-cartorio","tag-cidadania","tag-desjudicializacao","tag-direito-ao-nome","tag-direito-civil","tag-direitos-da-personalidade","tag-identidade-pessoal","tag-lei-14-382-2022","tag-mudanca-de-nome","tag-nome-social","tag-registro-civil","tag-servico-extrajudicial"],"_links":{"self":[{"href":"https:\/\/cidadenoar.com\/global\/wp-json\/wp\/v2\/posts\/2398","targetHints":{"allow":["GET"]}}],"collection":[{"href":"https:\/\/cidadenoar.com\/global\/wp-json\/wp\/v2\/posts"}],"about":[{"href":"https:\/\/cidadenoar.com\/global\/wp-json\/wp\/v2\/types\/post"}],"author":[{"embeddable":true,"href":"https:\/\/cidadenoar.com\/global\/wp-json\/wp\/v2\/users\/27"}],"replies":[{"embeddable":true,"href":"https:\/\/cidadenoar.com\/global\/wp-json\/wp\/v2\/comments?post=2398"}],"version-history":[{"count":0,"href":"https:\/\/cidadenoar.com\/global\/wp-json\/wp\/v2\/posts\/2398\/revisions"}],"wp:featuredmedia":[{"embeddable":true,"href":"https:\/\/cidadenoar.com\/global\/wp-json\/wp\/v2\/media\/2399"}],"wp:attachment":[{"href":"https:\/\/cidadenoar.com\/global\/wp-json\/wp\/v2\/media?parent=2398"}],"wp:term":[{"taxonomy":"category","embeddable":true,"href":"https:\/\/cidadenoar.com\/global\/wp-json\/wp\/v2\/categories?post=2398"},{"taxonomy":"post_tag","embeddable":true,"href":"https:\/\/cidadenoar.com\/global\/wp-json\/wp\/v2\/tags?post=2398"}],"curies":[{"name":"wp","href":"https:\/\/api.w.org\/{rel}","templated":true}]}}