{"id":2400,"date":"2025-04-15T16:26:10","date_gmt":"2025-04-15T19:26:10","guid":{"rendered":"https:\/\/cidadenoar.com\/?p=2400"},"modified":"2025-07-26T17:56:54","modified_gmt":"2025-07-26T20:56:54","slug":"apos-sucesso-em-2024-ondm-retorna-a-goiania-com-98-dos-espacos-ja-comercializados","status":"publish","type":"post","link":"https:\/\/cidadenoar.com\/global\/cultura-lazer\/apos-sucesso-em-2024-ondm-retorna-a-goiania-com-98-dos-espacos-ja-comercializados\/","title":{"rendered":"Ap\u00f3s sucesso em 2024, ONDM retorna a Goi\u00e2nia com 98% dos espa\u00e7os j\u00e1 comercializados"},"content":{"rendered":"\n<p>O&nbsp;<a href=\"https:\/\/ondm.com.br\/\" target=\"_blank\" rel=\"noreferrer noopener\"><u>ONDM &#8211; O Neg\u00f3cio da Moda<\/u><\/a>, um dos principais eventos do calend\u00e1rio nacional voltado ao mercado da moda e em especial da confec\u00e7\u00e3o t\u00eaxtil, est\u00e1 prestes a desembarcar pela segunda vez em Goi\u00e2nia. Marcado para os dias 14 e 15 de maio, o evento retorna \u00e0 cidade ap\u00f3s o grande sucesso registrado em 2024, quando realizou sua estreia no Centro-Oeste.<\/p>\n\n\n\n<p>Idealizado pelo empres\u00e1rio brusquense Ivan Jasper e com trajet\u00f3ria iniciada em Santa Catarina em 2015,&nbsp;<strong>completando 10 anos agora em 2025,<\/strong>&nbsp;o ONDM vem ganhando relev\u00e2ncia e ampliando seu alcance nacional ao longo dos anos. A edi\u00e7\u00e3o de Goi\u00e2nia em 2025 sequer estava nos planos iniciais dos organizadores, mas o alto n\u00edvel de procura e os resultados alcan\u00e7ados na edi\u00e7\u00e3o anterior levaram o evento a confirmar nova data na cidade.<\/p>\n\n\n\n<p>Faltando mais de um m\u00eas para sua realiza\u00e7\u00e3o, a edi\u00e7\u00e3o goiana j\u00e1 tem 98% dos espa\u00e7os destinados a expositores vendidos, evidenciando a for\u00e7a do setor na regi\u00e3o e a expectativa do p\u00fablico por mais uma edi\u00e7\u00e3o de neg\u00f3cios, conte\u00fado e networking.<\/p>\n\n\n\n<p>&#8220;Quando realizamos a primeira edi\u00e7\u00e3o em Goi\u00e2nia, em 2024, ficamos impressionados com a receptividade do p\u00fablico e a for\u00e7a do mercado local. O sucesso foi t\u00e3o grande que n\u00e3o tivemos d\u00favidas em voltar em 2025. Ver 98% dos espa\u00e7os j\u00e1 comercializados a um m\u00eas do evento refor\u00e7a que estamos no caminho certo, conectando cada vez mais pessoas e neg\u00f3cios na ind\u00fastria da moda e da confec\u00e7\u00e3o\u201d, comemora Ivan Jasper, gestor do ONDM.<\/p>\n\n\n\n<figure class=\"wp-block-table\"><table class=\"has-fixed-layout\"><tbody><tr><td><img decoding=\"async\" width=\"600\" src=\"https:\/\/ci3.googleusercontent.com\/meips\/ADKq_Na9I8tGr1GjDuXzt2ldtlz9mpMnrCs8tUPnnsEa5hEaBwepuS3xUGhv73Gn6KhihuWjUqS7O9uJGf7sIVA5f90FZ0i6sdhlEiMMSV9stVyRFO8Y1abUb_HCNiMxiskSN3-1KPqv3nO5Kcbsjij1tcmLAug6fiVDlwq1ll3ovqMf_irTpHvb7ReicoOlGMvYn9pSrMnypl1sUDeZn-ErXYz4jTSWIAVlEjm2DHZ_kwV56whL27FGGFbiwxFR1FBKMc5NHyhCPptCWQZUmXtb8Q-4UMkLFIg9G-Nx-g=s0-d-e1-ft#https:\/\/s2504.imxsnd80.com\/2==gYhpDO5ImY1kjOyJmLt92YuEWbpxWZzVWYwBUa2FGZ6EzN1kzMzcjN3EjOnVGcq5ydvxGMhZTNycTY3EjN1IGMlZGNjNjZhRWMxcjYlZzMlVDZ5YkMlUDZ5YkMlITO2gTMGJTJ2IjNzYTO3MDOy8VL1ETLf9VLwITLfpTO\" alt=\"\" title=\"\"><\/td><\/tr><\/tbody><\/table><figcaption class=\"wp-element-caption\">Ivan Jasper &#8211; Foto: DKZ Fotografia<\/figcaption><\/figure>\n\n\n\n<p>Al\u00e9m da feira de neg\u00f3cios, que re\u00fane confeccionistas, fornecedores e players do setor, o evento tamb\u00e9m aposta em uma programa\u00e7\u00e3o intensa de conte\u00fado, com palestras e talks que trazem temas essenciais para empres\u00e1rios, profissionais e empreendedores do mercado da moda e da confec\u00e7\u00e3o. Entre os nomes j\u00e1 confirmados para a trilha de conte\u00fado de Goi\u00e2nia est\u00e3o a jornalista e comunicadora M\u00f4nica Salgado, a especialista em branding Joy Alano, o consultor de neg\u00f3cios Carlos Ferreirinha, o empres\u00e1rio Eduardo Cristian e a estrategista de vendas e marketing&nbsp;<a href=\"https:\/\/www.instagram.com\/joicebispooficial\/\" target=\"_blank\" rel=\"noreferrer noopener\"><u>Joice Bispo<\/u><\/a>.<\/p>\n\n\n\n<figure class=\"wp-block-table\"><table class=\"has-fixed-layout\"><tbody><tr><td><img decoding=\"async\" width=\"600\" src=\"https:\/\/ci3.googleusercontent.com\/meips\/ADKq_Na260aXNUjVuCvctIBBKjim92WtvZW0dO1NNxYX3_Vkt1LPuNZZlcTw9IwvWAyJBhjeJDdqnWVFDSCLQOcsw0j9HP5s56YD3I05vKpaySKE2y1RxAQT1m9zZln1s5BZ700zO4Zl4YpL0sVOAjq1zNdg2fkFlS22Zv-WhrFb0mP_mahR91zSnvrFYpJJ--yuGgceLu1x9Midhi2WFNHVqSiV8dV0QDgJv8vymxPiJhD9V480vHFnnCkMLKudf3uXZzLJqlwXsF6QEGiBN5dblKHohttd9JI2rgyCfg=s0-d-e1-ft#https:\/\/s2504.imxsnd80.com\/8==gYhpjZkN2NmZmOyJmLt92YuEWbpxWZzVWYwBUa2FGZ6EzN1kzMzcjN3EjOnVGcq5ydvxGN3AzN2EDMhFWO2QmZygTOyMjMjJmY2ITNwYzMkJGZ5YkMlIGZ5YkMlITO2gTMGJTJ2IjNzYTO3MDOy8VL1ETLf9VLwITLfpDN\" alt=\"\" title=\"\"><\/td><\/tr><\/tbody><\/table><figcaption class=\"wp-element-caption\">Carlos Ferreirinha e Ivan Jasper &#8211; Foto: DKZ Fotografia<\/figcaption><\/figure>\n\n\n\n<p><strong>Tr\u00eas edi\u00e7\u00f5es em 2025<\/strong><\/p>\n\n\n\n<p>Com o prop\u00f3sito de conectar diferentes polos da moda e fomentar neg\u00f3cios em diversas regi\u00f5es do Brasil, o ONDM j\u00e1 tem datas confirmadas para tr\u00eas edi\u00e7\u00f5es em 2025.<\/p>\n\n\n\n<p>Ap\u00f3s Goi\u00e2nia, o evento desembarca, nos dias 7 e 8 de julho, em Caruaru (PE) \u2014 cidade considerada um dos principais polos de confec\u00e7\u00e3o do Nordeste. Para encerrar o ano, o ONDM Brasil retorna ao seu ber\u00e7o, Balne\u00e1rio Cambori\u00fa (SC), onde realiza sua tradicional edi\u00e7\u00e3o catarinense nos dias 7, 8 e 9 de outubro. No ano passado, na edi\u00e7\u00e3o da feira em SC passaram nada menos que&nbsp;<strong>17 mil pessoas.<\/strong><\/p>\n\n\n\n<p>Para acompanhar as novidades sobre cada uma das edi\u00e7\u00f5es, como a confirma\u00e7\u00e3o de nomes na programa\u00e7\u00e3o de palestrantes, acompanhe o&nbsp;<a href=\"https:\/\/www.instagram.com\/onegociodamoda\/\" target=\"_blank\" rel=\"noreferrer noopener\"><u>Instagram do ONDM<\/u><\/a>&nbsp;e tamb\u00e9m o site oficial:&nbsp;<a href=\"https:\/\/ondm.com.br\/\" target=\"_blank\" rel=\"noreferrer noopener\">Link<\/a>.<\/p>\n\n\n\n<figure class=\"wp-block-table\"><table class=\"has-fixed-layout\"><tbody><tr><td><img decoding=\"async\" width=\"600\" src=\"https:\/\/ci3.googleusercontent.com\/meips\/ADKq_Nb51BBbh3Vp6W069ODGnhvLxRPqlGttHDyQR0vlH0vqYFFwiaYu2B9V-dTPhToC1KX6KYeemLv91V4w7yS-oq8TBB4m1dk8fKXL1NXBsWvlDfNl6e8AixERugOwaRhBfhgeLM8-ZqBv0DV1fmAOmWHkGJzzkaOF0Cnvl5VSQ4tCoq4wVRPb0olj8gWOH9n6at1MOBFsx89-98WNdIauf4jC24Xr0kT4TYkneLWmZSxEuriTftFR6jd1xXUW0WEE0AYexNskpPwN1ubl4WKZeD4mQvRcPX-HoY53ZQ=s0-d-e1-ft#https:\/\/s2504.imxsnd80.com\/4==gYhpjNiNGMhZmOyJmLt92YuEWbpxWZzVWYwBUa2FGZ6EzN1kzMzcjN3EjOnVGcq5ydvxmM0YjN1MjZlVzYjlTNkRGMkBDMkJmZ2EmYhZjZiVzMwYkMlUzMwYkMlITO2gTMGJTJ2IjNzYTO3MDOy8VL1ETLf9VLwITLfpTN\" alt=\"\" title=\"\"><\/td><\/tr><\/tbody><\/table><figcaption class=\"wp-element-caption\">Edi\u00e7\u00e3o mais recente do evento em Balne\u00e1rio Cambori\u00fa reuniu 17 mil pessoas &#8211; Foto: DKZ Fotografia<\/figcaption><\/figure>\n\n\n\n<p><\/p>\n","protected":false},"excerpt":{"rendered":"<p>Evento \u201cO Neg\u00f3cio da Moda\u201d, voltado para profissionais da moda e da confec\u00e7\u00e3o, ser\u00e1 realizado nos dias 14 e 15 de maio, no Centro de Conven\u00e7\u00f5es da capital goiana; outras edi\u00e7\u00f5es tamb\u00e9m est\u00e3o confirmadas em Caruaru (PE) e Balne\u00e1rio Cambori\u00fa (SC)<\/p>\n","protected":false},"author":23,"featured_media":2401,"comment_status":"open","ping_status":"open","sticky":false,"template":"","format":"standard","meta":{"footnotes":""},"categories":[360],"tags":[176,175],"class_list":["post-2400","post","type-post","status-publish","format-standard","has-post-thumbnail","hentry","category-cultura-lazer","tag-o-negocio-da-moda","tag-onmd"],"_links":{"self":[{"href":"https:\/\/cidadenoar.com\/global\/wp-json\/wp\/v2\/posts\/2400","targetHints":{"allow":["GET"]}}],"collection":[{"href":"https:\/\/cidadenoar.com\/global\/wp-json\/wp\/v2\/posts"}],"about":[{"href":"https:\/\/cidadenoar.com\/global\/wp-json\/wp\/v2\/types\/post"}],"author":[{"embeddable":true,"href":"https:\/\/cidadenoar.com\/global\/wp-json\/wp\/v2\/users\/23"}],"replies":[{"embeddable":true,"href":"https:\/\/cidadenoar.com\/global\/wp-json\/wp\/v2\/comments?post=2400"}],"version-history":[{"count":0,"href":"https:\/\/cidadenoar.com\/global\/wp-json\/wp\/v2\/posts\/2400\/revisions"}],"wp:featuredmedia":[{"embeddable":true,"href":"https:\/\/cidadenoar.com\/global\/wp-json\/wp\/v2\/media\/2401"}],"wp:attachment":[{"href":"https:\/\/cidadenoar.com\/global\/wp-json\/wp\/v2\/media?parent=2400"}],"wp:term":[{"taxonomy":"category","embeddable":true,"href":"https:\/\/cidadenoar.com\/global\/wp-json\/wp\/v2\/categories?post=2400"},{"taxonomy":"post_tag","embeddable":true,"href":"https:\/\/cidadenoar.com\/global\/wp-json\/wp\/v2\/tags?post=2400"}],"curies":[{"name":"wp","href":"https:\/\/api.w.org\/{rel}","templated":true}]}}