{"id":2428,"date":"2025-04-16T15:54:51","date_gmt":"2025-04-16T18:54:51","guid":{"rendered":"https:\/\/cidadenoar.com\/?p=2428"},"modified":"2025-07-26T18:11:39","modified_gmt":"2025-07-26T21:11:39","slug":"com-crescimento-de-mais-de-17-grupo-pereira-reafirma-posicao-como-maior-supermercadista-catarinense-no-ranking-abras","status":"publish","type":"post","link":"https:\/\/cidadenoar.com\/global\/economia-negocios\/com-crescimento-de-mais-de-17-grupo-pereira-reafirma-posicao-como-maior-supermercadista-catarinense-no-ranking-abras\/","title":{"rendered":"Com crescimento de mais de 17%, Grupo Pereira reafirma posi\u00e7\u00e3o como maior supermercadista catarinense no ranking ABRAS"},"content":{"rendered":"\n<p>A Associa\u00e7\u00e3o Brasileira de Supermercados (ABRAS) divulgou na noite desta segunda-feira (14), o tradicional Ranking ABRAS, apresentando ao mercado os resultados do estudo que retrata as movimenta\u00e7\u00f5es do setor supermercadista no ano anterior (2024). A divulga\u00e7\u00e3o do ranking ocorreu durante o Smart Market, encontro do setor que re\u00fane as principais lideran\u00e7as do varejo alimentar, em S\u00e3o Paulo. O Grupo Pereira, origin\u00e1rio de Santa Catarina, tendo iniciado a sua trajet\u00f3ria em Itaja\u00ed\/SC h\u00e1 63 anos, reafirmou a sua posi\u00e7\u00e3o como o maior grupo supermercadista de Santa Catarina no ranking ABRAS, garantindo a 7\u00aa posi\u00e7\u00e3o entre as 10 maiores empresas do setor no pa\u00eds.<\/p>\n\n\n\n<p><strong>O resultado \u00e9 fruto de um crescimento de 17,69% em um ano, com um faturamento bruto de mais de R$ 15,3 bilh\u00f5es registrado em 2024.<\/strong><\/p>\n\n\n\n<p>A posi\u00e7\u00e3o de 7\u00ba maior supermercadista e o expressivo incremento no faturamento alcan\u00e7ado em 2024 posiciona o Grupo Pereira e a sua bandeira de atacarejo, o Fort Atacadista, que vem em um crescimento exponencial nos \u00faltimos anos, como os maiores de Santa Catarina.<\/p>\n\n\n\n<p>Ao todo, no estado de Santa Catarina, s\u00e3o 40 unidades da rede Fort Atacadista e outras 22 unidades de neg\u00f3cios administradas pelo Grupo Pereira, incluindo a bandeira Supermercados Comper. No in\u00edcio de abril, o atacarejo inaugurou mais uma loja em SC, a primeira na cidade de Penha, litoral Norte do estado. No pa\u00eds,&nbsp;<strong>o Grupo j\u00e1 det\u00e9m 143 unidades de neg\u00f3cio.<\/strong><\/p>\n","protected":false},"excerpt":{"rendered":"<p>Grupo varejista nascido em Itaja\u00ed\/SC e hoje presente em mais de 6 estados manteve o 7\u00ba lugar no ranking ABRAS 2025, que re\u00fane os maiores supermercadistas do pa\u00eds; faturamento em um ano saltou de R$ 13 bilh\u00f5es para R$ 15,3 bi<\/p>\n","protected":false},"author":23,"featured_media":2435,"comment_status":"open","ping_status":"open","sticky":false,"template":"","format":"standard","meta":{"footnotes":""},"categories":[289],"tags":[52,196,112],"class_list":["post-2428","post","type-post","status-publish","format-standard","has-post-thumbnail","hentry","category-economia-negocios","tag-empreendedorismo","tag-faturamento","tag-fort-atacadista"],"_links":{"self":[{"href":"https:\/\/cidadenoar.com\/global\/wp-json\/wp\/v2\/posts\/2428","targetHints":{"allow":["GET"]}}],"collection":[{"href":"https:\/\/cidadenoar.com\/global\/wp-json\/wp\/v2\/posts"}],"about":[{"href":"https:\/\/cidadenoar.com\/global\/wp-json\/wp\/v2\/types\/post"}],"author":[{"embeddable":true,"href":"https:\/\/cidadenoar.com\/global\/wp-json\/wp\/v2\/users\/23"}],"replies":[{"embeddable":true,"href":"https:\/\/cidadenoar.com\/global\/wp-json\/wp\/v2\/comments?post=2428"}],"version-history":[{"count":0,"href":"https:\/\/cidadenoar.com\/global\/wp-json\/wp\/v2\/posts\/2428\/revisions"}],"wp:featuredmedia":[{"embeddable":true,"href":"https:\/\/cidadenoar.com\/global\/wp-json\/wp\/v2\/media\/2435"}],"wp:attachment":[{"href":"https:\/\/cidadenoar.com\/global\/wp-json\/wp\/v2\/media?parent=2428"}],"wp:term":[{"taxonomy":"category","embeddable":true,"href":"https:\/\/cidadenoar.com\/global\/wp-json\/wp\/v2\/categories?post=2428"},{"taxonomy":"post_tag","embeddable":true,"href":"https:\/\/cidadenoar.com\/global\/wp-json\/wp\/v2\/tags?post=2428"}],"curies":[{"name":"wp","href":"https:\/\/api.w.org\/{rel}","templated":true}]}}