{"id":2429,"date":"2025-04-16T15:36:55","date_gmt":"2025-04-16T18:36:55","guid":{"rendered":"https:\/\/cidadenoar.com\/?p=2429"},"modified":"2025-07-26T17:53:55","modified_gmt":"2025-07-26T20:53:55","slug":"a-incorporacao-imobiliaria-no-direito-brasileiro-fundamentos-legais-e-repercussoes-praticas","status":"publish","type":"post","link":"https:\/\/cidadenoar.com\/global\/politica\/a-incorporacao-imobiliaria-no-direito-brasileiro-fundamentos-legais-e-repercussoes-praticas\/","title":{"rendered":"A INCORPORA\u00c7\u00c3O IMOBILI\u00c1RIA NO DIREITO BRASILEIRO: FUNDAMENTOS LEGAIS E REPERCUSS\u00d5ES PR\u00c1TICAS"},"content":{"rendered":"\n<p><em><strong>Sobre a Autora: Bruna Sobczack<\/strong><br>Bacharel em Direito, p\u00f3s-graduanda em Direito Notarial, Registral, Negocial e Imobili\u00e1rio, com especializa\u00e7\u00e3o tamb\u00e9m em Planejamento e Restitui\u00e7\u00e3o Tribut\u00e1ria. Colunista do\u00a0*Portal Cidade no Ar*, onde escreve sobre temas jur\u00eddicos e cont\u00e1beis com uma abordagem clara e acess\u00edvel. Atualmente cursa Ci\u00eancias Cont\u00e1beis, integrando conhecimentos das \u00e1reas jur\u00eddica e fiscal. Aprovada nos concursos para Procuradora dos <a href=\"https:\/\/cidadenoar.com.br\" target=\"_blank\" rel=\"noreferrer noopener\">Munic\u00edpios <\/a>de Guabiruba\/SC e Brusque\/SC, e em 1\u00ba lugar no concurso da CELESC. Tamb\u00e9m foi aprovada no concurso para Professora de Direito do Munic\u00edpio de Bombinhas\/SC. <\/em><br><em>\ud83d\udccc Acompanhe seus conte\u00fados em <\/em><a href=\"http:\/\/www.brunasobczack.com.br\" data-type=\"link\" data-id=\"www.brunasobczack.com.br\" target=\"_blank\" rel=\"noopener\">www.brunasobczack.com.br<\/a><\/p>\n\n\n\n<p>Resumo: A incorpora\u00e7\u00e3o imobili\u00e1ria representa um dos institutos mais relevantes para o setor da constru\u00e7\u00e3o civil e o desenvolvimento urbano no Brasil. Disciplinada pela Lei n\u00ba 4.591\/1964 e com interfaces importantes com o C\u00f3digo Civil (Lei n\u00ba 10.406\/2002), o C\u00f3digo Nacional de Normas da Corregedoria Nacional de Justi\u00e7a e os Provimentos estaduais, a incorpora\u00e7\u00e3o envolve aspectos registrais, obrigacionais e consumeristas. Este artigo visa apresentar uma an\u00e1lise cr\u00edtica e fundamentada do instituto, com destaque para seus aspectos legais e normativos, promovendo reflex\u00f5es relevantes para juristas, registradores e operadores do direito imobili\u00e1rio.<\/p>\n\n\n\n<p><\/p>\n\n\n\n<p><strong>INTRODU\u00c7\u00c3O<\/strong><\/p>\n\n\n\n<ol class=\"wp-block-list\">\n<li><\/li>\n<\/ol>\n\n\n\n<p>A incorpora\u00e7\u00e3o imobili\u00e1ria \u00e9 o instrumento jur\u00eddico que permite a edifica\u00e7\u00e3o de condom\u00ednios edil\u00edcios, cuja constru\u00e7\u00e3o se d\u00e1 mediante a venda de unidades aut\u00f4nomas ainda na planta. Por seu car\u00e1ter complexo, a incorpora\u00e7\u00e3o envolve uma s\u00e9rie de obriga\u00e7\u00f5es legais, formais e materiais, de modo a garantir a seguran\u00e7a jur\u00eddica aos adquirentes e a viabilidade financeira ao incorporador. Mais do que uma quest\u00e3o t\u00e9cnica, a incorpora\u00e7\u00e3o exige atua\u00e7\u00e3o jur\u00eddica especializada, com olhar atento \u00e0 legisla\u00e7\u00e3o, \u00e0 jurisprud\u00eancia e \u00e0 pr\u00e1tica cartorial.<\/p>\n\n\n\n<p><\/p>\n\n\n\n<p><strong>CONCEITO E FUNDAMENTO LEGAL<\/strong><\/p>\n\n\n\n<ol class=\"wp-block-list\">\n<li><\/li>\n<\/ol>\n\n\n\n<p>Nos termos do art. 28 da Lei n\u00ba 4.591\/1964, considera-se incorpora\u00e7\u00e3o imobili\u00e1ria a atividade exercida com o intuito de promover e realizar a constru\u00e7\u00e3o, para aliena\u00e7\u00e3o total ou parcial, de edifica\u00e7\u00f5es compostas por unidades aut\u00f4nomas, cuja exist\u00eancia futura \u00e9 assegurada mediante registros pr\u00e9vios e documenta\u00e7\u00e3o espec\u00edfica. O art. 32 da referida lei elenca os documentos obrigat\u00f3rios para o registro da incorpora\u00e7\u00e3o no cart\u00f3rio de registro de im\u00f3veis, conferindo publicidade e seguran\u00e7a ao neg\u00f3cio.<\/p>\n\n\n\n<p>O C\u00f3digo Civil tamb\u00e9m regula aspectos importantes, como a institui\u00e7\u00e3o de condom\u00ednio edil\u00edcio (arts. 1.331 a 1.358), refor\u00e7ando os requisitos de individualiza\u00e7\u00e3o das unidades, \u00e1reas comuns, e os direitos e deveres dos cond\u00f4minos. A intera\u00e7\u00e3o entre a Lei n\u00ba 4.591\/1964 e o C\u00f3digo Civil \u00e9 essencial para a compreens\u00e3o sist\u00eamica do instituto, especialmente no que tange \u00e0 transmiss\u00e3o de propriedade, obriga\u00e7\u00f5es entre particulares e prote\u00e7\u00e3o contratual dos adquirentes.<\/p>\n\n\n\n<p><\/p>\n\n\n\n<p><strong>REGISTRO E FORMALIDADES<\/strong><\/p>\n\n\n\n<ol class=\"wp-block-list\">\n<li><\/li>\n<\/ol>\n\n\n\n<p>A efetividade da incorpora\u00e7\u00e3o depende do registro no cart\u00f3rio de registro de im\u00f3veis, procedimento que exige rigor formal e documental. O C\u00f3digo Nacional de Normas da Corregedoria Nacional de Justi\u00e7a (vers\u00e3o 2023) detalha os requisitos t\u00e9cnicos e administrativos para o ingresso do memorial de incorpora\u00e7\u00e3o, com especial aten\u00e7\u00e3o \u00e0s certid\u00f5es negativas, projeto aprovado e provas de propriedade ou de autoriza\u00e7\u00e3o do propriet\u00e1rio do terreno.<\/p>\n\n\n\n<p>No \u00e2mbito estadual, o Tribunal de Justi\u00e7a de Santa Catarina, por exemplo, por meio do Provimento n\u00ba 14\/2025, estabelece diretrizes espec\u00edficas para a atua\u00e7\u00e3o dos cart\u00f3rios extrajudiciais, assegurando padroniza\u00e7\u00e3o e transpar\u00eancia no processo de registro da incorpora\u00e7\u00e3o. O Provimento exige, por exemplo, que o memorial de incorpora\u00e7\u00e3o venha acompanhado de projeto arquitet\u00f4nico aprovado e anotado na prefeitura, al\u00e9m de comprovantes de tributos pagos.<\/p>\n\n\n\n<p>Exemplo pr\u00e1tico: imagine um incorporador que deseje erguer um edif\u00edcio de 10 andares em terreno pr\u00f3prio. Antes de iniciar as vendas das unidades na planta, ele dever\u00e1 apresentar toda a documenta\u00e7\u00e3o exigida no art. 32 da Lei 4.591\/64, incluindo o projeto aprovado, a conven\u00e7\u00e3o do condom\u00ednio e o memorial descritivo. Somente ap\u00f3s o registro da incorpora\u00e7\u00e3o ele estar\u00e1 habilitado a comercializar as fra\u00e7\u00f5es ideais e unidades futuras.<\/p>\n\n\n\n<p><\/p>\n\n\n\n<p><strong>RESPONSABILIDADE DO INCORPORADOR<\/strong><\/p>\n\n\n\n<ol class=\"wp-block-list\">\n<li><\/li>\n<\/ol>\n\n\n\n<p>O incorporador, que pode ser pessoa f\u00edsica ou jur\u00eddica, assume relevante responsabilidade contratual e legal. Ele responde por evic\u00e7\u00e3o, por inadimplemento da entrega da obra no prazo e por eventuais v\u00edcios construtivos. A responsabilidade \u00e9 refor\u00e7ada pelo art. 43 da Lei n\u00ba 4.591\/1964, que imp\u00f5e a presta\u00e7\u00e3o de contas quando houver regime de administra\u00e7\u00e3o, e pelo art. 618 do C\u00f3digo Civil, que determina prazo de cinco anos para a responsabiliza\u00e7\u00e3o por defeitos estruturais.<\/p>\n\n\n\n<p>Um exemplo ilustrativo \u00e9 o caso de um empreendimento em que o incorporador, ap\u00f3s comercializar as unidades, atrasa por mais de dois anos a entrega da obra. Al\u00e9m das cl\u00e1usulas penais previstas no contrato, os adquirentes podem exigir judicialmente a rescis\u00e3o contratual cumulada com perdas e danos, com base na responsabilidade objetiva do incorporador, sobretudo quando h\u00e1 manifesta neglig\u00eancia ou uso indevido dos recursos recebidos em regime de afeta\u00e7\u00e3o.<\/p>\n\n\n\n<p>A Lei n\u00ba 10.931\/2004, que introduziu o regime de patrim\u00f4nio de afeta\u00e7\u00e3o, \u00e9 um mecanismo de prote\u00e7\u00e3o aos adquirentes, assegurando que os recursos do empreendimento permane\u00e7am vinculados exclusivamente \u00e0 obra, mesmo em caso de fal\u00eancia do incorporador. Essa previs\u00e3o \u00e9 fundamental na pr\u00e1tica moderna da incorpora\u00e7\u00e3o e deve constar expressamente no memorial e nos contratos de compra e venda.<\/p>\n\n\n\n<p><\/p>\n\n\n\n<p><strong>DESAFIOS E OPORTUNIDADES NA PR\u00c1TICA JUR\u00cdDICA<\/strong><\/p>\n\n\n\n<ol class=\"wp-block-list\">\n<li><\/li>\n<\/ol>\n\n\n\n<p>A atua\u00e7\u00e3o do advogado na incorpora\u00e7\u00e3o imobili\u00e1ria ultrapassa a mera elabora\u00e7\u00e3o contratual. Envolve assessoria completa em due diligence do terreno, an\u00e1lise de viabilidade jur\u00eddica, estrutura\u00e7\u00e3o da incorpora\u00e7\u00e3o (inclusive em SPEs), reda\u00e7\u00e3o de instrumentos de venda, institui\u00e7\u00e3o de condom\u00ednio, conven\u00e7\u00e3o condominial e acompanhamento cartorial.<\/p>\n\n\n\n<p>Advogados especializados t\u00eam se destacado ao oferecer servi\u00e7os preventivos, inclusive com pareceres jur\u00eddicos pr\u00e9-registro e pareceres para autoriza\u00e7\u00e3o de financiamento banc\u00e1rio, fortalecendo a seguran\u00e7a jur\u00eddica do projeto.<\/p>\n\n\n\n<p><\/p>\n\n\n\n<p><strong>CONSIDERA\u00c7\u00d5ES FINAIS<\/strong><\/p>\n\n\n\n<ol class=\"wp-block-list\">\n<li><\/li>\n<\/ol>\n\n\n\n<p>A incorpora\u00e7\u00e3o imobili\u00e1ria \u00e9 mais do que um procedimento t\u00e9cnico: trata-se de um instituto que exige profundo conhecimento jur\u00eddico e habilidade pr\u00e1tica. O profissional do direito que atua na \u00e1rea imobili\u00e1ria precisa dominar os fundamentos legais, os ritos registrais e os riscos associados \u00e0 atividade incorporativa. O fortalecimento da atua\u00e7\u00e3o jur\u00eddica nessa seara representa n\u00e3o apenas seguran\u00e7a aos clientes, mas tamb\u00e9m um diferencial competitivo no mercado. Incorporadores, registradores, adquirentes e investidores dependem cada vez mais de uma atua\u00e7\u00e3o jur\u00eddica robusta, bem fundamentada e estrat\u00e9gica.<\/p>\n\n\n\n<p><strong>REFER\u00caNCIAS:<\/strong><\/p>\n\n\n\n<p>BRASIL. Lei n\u00ba 4.591, de 16 de dezembro de 1964. Disp\u00f5e sobre o Condom\u00ednio em Edif\u00edcios e as Incorpora\u00e7\u00f5es Imobili\u00e1rias. Dispon\u00edvel em: https:\/\/www.planalto.gov.br\/ccivil_03\/leis\/l4591.htm. Acesso em: 16 abr. 2025.<\/p>\n\n\n\n<p>BRASIL. Lei n\u00ba 10.406, de 10 de janeiro de 2002. Institui o C\u00f3digo Civil. Dispon\u00edvel em: https:\/\/www.planalto.gov.br\/ccivil_03\/LEIS\/2002\/L10406compilada.htm. Acesso em: 16 abr. 2025.<\/p>\n\n\n\n<p>BRASIL. Lei n\u00ba 10.931, de 2 de agosto de 2004. Disp\u00f5e sobre o patrim\u00f4nio de afeta\u00e7\u00e3o, o regime especial de incorpora\u00e7\u00e3o imobili\u00e1ria e a c\u00e9dula de cr\u00e9dito imobili\u00e1rio. Dispon\u00edvel em: https:\/\/www.planalto.gov.br\/ccivil_03\/_ato2004-2006\/2004\/lei\/l10.931.htm. Acesso em: 16 abr. 2025.<\/p>\n\n\n\n<p>CONSELHO NACIONAL DE JUSTI\u00c7A. C\u00f3digo Nacional de Normas da Corregedoria Nacional de Justi\u00e7a. Vers\u00e3o 6, 2023. Dispon\u00edvel em: https:\/\/www.cnj.jus.br\/wp-content\/uploads\/2023\/08\/codigo-nacional-de-normas-da-corregedoria-nacional-de-justica-v6-23-08-2023.pdf. Acesso em: 16 abr. 2025.<\/p>\n\n\n\n<p>TRIBUNAL DE JUSTI\u00c7A DE SANTA CATARINA. Provimento n\u00ba 14\/2025. C\u00f3digo de Normas da Corregedoria-Geral da Justi\u00e7a &#8211; Servi\u00e7os Notariais e de Registro. Dispon\u00edvel em: https:\/\/www.tjsc.jus.br\/documents\/815612\/19065765\/C%C3%B3digo_Normas_Extrajudicial_Atualizado_Provimento14_2025_atualizado.pdf. Acesso em: 16 abr. 2025.<\/p>\n","protected":false},"excerpt":{"rendered":"<p>Sobre a Autora: Bruna SobczackBacharel em Direito, p\u00f3s-graduanda em Direito Notarial, Registral, Negocial e Imobili\u00e1rio, com especializa\u00e7\u00e3o tamb\u00e9m em Planejamento e Restitui\u00e7\u00e3o Tribut\u00e1ria. Colunista do\u00a0*Portal Cidade no Ar*, onde escreve sobre temas jur\u00eddicos e cont\u00e1beis com uma abordagem clara e acess\u00edvel. Atualmente cursa Ci\u00eancias Cont\u00e1beis, integrando conhecimentos das \u00e1reas jur\u00eddica e fiscal. Aprovada nos concursos&#8230;<\/p>\n","protected":false},"author":22,"featured_media":2430,"comment_status":"open","ping_status":"open","sticky":false,"template":"","format":"standard","meta":{"footnotes":""},"categories":[374],"tags":[],"class_list":["post-2429","post","type-post","status-publish","format-standard","has-post-thumbnail","hentry","category-politica"],"_links":{"self":[{"href":"https:\/\/cidadenoar.com\/global\/wp-json\/wp\/v2\/posts\/2429","targetHints":{"allow":["GET"]}}],"collection":[{"href":"https:\/\/cidadenoar.com\/global\/wp-json\/wp\/v2\/posts"}],"about":[{"href":"https:\/\/cidadenoar.com\/global\/wp-json\/wp\/v2\/types\/post"}],"author":[{"embeddable":true,"href":"https:\/\/cidadenoar.com\/global\/wp-json\/wp\/v2\/users\/22"}],"replies":[{"embeddable":true,"href":"https:\/\/cidadenoar.com\/global\/wp-json\/wp\/v2\/comments?post=2429"}],"version-history":[{"count":0,"href":"https:\/\/cidadenoar.com\/global\/wp-json\/wp\/v2\/posts\/2429\/revisions"}],"wp:featuredmedia":[{"embeddable":true,"href":"https:\/\/cidadenoar.com\/global\/wp-json\/wp\/v2\/media\/2430"}],"wp:attachment":[{"href":"https:\/\/cidadenoar.com\/global\/wp-json\/wp\/v2\/media?parent=2429"}],"wp:term":[{"taxonomy":"category","embeddable":true,"href":"https:\/\/cidadenoar.com\/global\/wp-json\/wp\/v2\/categories?post=2429"},{"taxonomy":"post_tag","embeddable":true,"href":"https:\/\/cidadenoar.com\/global\/wp-json\/wp\/v2\/tags?post=2429"}],"curies":[{"name":"wp","href":"https:\/\/api.w.org\/{rel}","templated":true}]}}