{"id":2438,"date":"2025-04-16T16:48:56","date_gmt":"2025-04-16T19:48:56","guid":{"rendered":"https:\/\/cidadenoar.com\/?p=2438"},"modified":"2025-07-26T18:13:56","modified_gmt":"2025-07-26T21:13:56","slug":"fernando-assuncao-leva-sua-mensagem-de-recomeco-e-empatia-ao-palco-do-world-creativity-day-em-piracicaba","status":"publish","type":"post","link":"https:\/\/cidadenoar.com\/global\/geral\/fernando-assuncao-leva-sua-mensagem-de-recomeco-e-empatia-ao-palco-do-world-creativity-day-em-piracicaba\/","title":{"rendered":"Fernando Assun\u00e7\u00e3o leva sua mensagem de recome\u00e7o e empatia ao palco do World Creativity Day, em Piracicaba"},"content":{"rendered":"\n<p><em>Com uma palestra que mistura leveza, criatividade e profundidade emocional, o palestrante inspiracional participa da edi\u00e7\u00e3o brasileira do maior evento de criatividade do mundo<\/em>.<\/p>\n\n\n\n<p>No pr\u00f3ximo dia 22 de abril, o palco da Universidade Pecege, em Piracicaba, recebe o empres\u00e1rio e palestrante inspiracional Fernando Assun\u00e7\u00e3o para uma apresenta\u00e7\u00e3o que promete tocar mente e cora\u00e7\u00e3o. A palestra faz parte da programa\u00e7\u00e3o oficial do World Creativity Day (WCD), evento global reconhecido pela ONU que ser\u00e1 realizado simultaneamente em mais de 300 cidades ao redor do mundo, com 62 delas no Brasil.<\/p>\n\n\n\n<p>Fernando sobe ao palco \u00e0s 14h com a palestra \u201cResili\u00eancia \u00e9 Cria: o poder dos 3Rs \u2014 Resili\u00eancia, Ressignificados e Recome\u00e7os\u201d, um convite leve e provocador \u00e0 transforma\u00e7\u00e3o pessoal. Unindo humor, criatividade e uma abordagem emocional acess\u00edvel, ele prop\u00f5e uma pausa na correria para que cada pessoa olhe com mais carinho para sua pr\u00f3pria hist\u00f3ria \u2014 e, se for o caso, escolha recome\u00e7ar de forma mais consciente.<\/p>\n\n\n\n<p>Empreendedor desde os 16 anos e com mais de 70 certifica\u00e7\u00f5es, ele carrega uma trajet\u00f3ria marcada pela inquieta\u00e7\u00e3o criativa e pela empatia como ferramenta de conex\u00e3o. Com forma\u00e7\u00e3o em Direito e p\u00f3s-gradua\u00e7\u00e3o em Psicologia, ele criou uma maneira \u00fanica de se comunicar em eventos corporativos, congressos e encontros de desenvolvimento humano: inspirando sem clich\u00eas e emocionando sem excessos.<\/p>\n\n\n\n<p>Em sua palestra, usa recursos visuais e simb\u00f3licos, como a famosa bola do filme N\u00e1ufrago, que aparece como met\u00e1fora para os momentos em que nos sentimos \u00e0 deriva, mas tamb\u00e9m como ponto de partida para reconstru\u00e7\u00f5es corajosas. \u201cA ideia \u00e9 provocar de forma positiva. Fazer rir, refletir e, acima de tudo, decidir. Porque querer n\u00e3o \u00e9 poder \u2014 decidir \u00e9 poder\u201d, afirma.<\/p>\n\n\n\n<p>O World Creativity Day \u00e9 um evento colaborativo e diverso, que abre espa\u00e7o para diferentes vozes e experi\u00eancias. A presen\u00e7a de Fernando no palco de Piracicaba refor\u00e7a a proposta do festival: mostrar que criatividade tamb\u00e9m \u00e9 empatia, coragem e humanidade. E que, quando bem direcionada, pode ser a fa\u00edsca de grandes mudan\u00e7as.<\/p>\n\n\n\n<p>Para acompanhar mais sobre a jornada de Fernando Assun\u00e7\u00e3o, seus conte\u00fados e pr\u00f3ximos eventos, basta seguir o perfil oficial no Instagram:<a href=\"https:\/\/instagram.com\/fernandoassuncaoo\" target=\"_blank\" rel=\"noopener\"> @fernandoassuncaoo<\/a>.<\/p>\n","protected":false},"excerpt":{"rendered":"<p>Com uma palestra que mistura leveza, criatividade e profundidade emocional, o palestrante inspiracional participa da edi\u00e7\u00e3o brasileira do maior evento de criatividade do mundo. No pr\u00f3ximo dia 22 de abril, o palco da Universidade Pecege, em Piracicaba, recebe o empres\u00e1rio e palestrante inspiracional Fernando Assun\u00e7\u00e3o para uma apresenta\u00e7\u00e3o que promete tocar mente e cora\u00e7\u00e3o. A&#8230;<\/p>\n","protected":false},"author":20,"featured_media":2439,"comment_status":"open","ping_status":"open","sticky":false,"template":"","format":"standard","meta":{"footnotes":""},"categories":[1],"tags":[],"class_list":["post-2438","post","type-post","status-publish","format-standard","has-post-thumbnail","hentry","category-geral"],"_links":{"self":[{"href":"https:\/\/cidadenoar.com\/global\/wp-json\/wp\/v2\/posts\/2438","targetHints":{"allow":["GET"]}}],"collection":[{"href":"https:\/\/cidadenoar.com\/global\/wp-json\/wp\/v2\/posts"}],"about":[{"href":"https:\/\/cidadenoar.com\/global\/wp-json\/wp\/v2\/types\/post"}],"author":[{"embeddable":true,"href":"https:\/\/cidadenoar.com\/global\/wp-json\/wp\/v2\/users\/20"}],"replies":[{"embeddable":true,"href":"https:\/\/cidadenoar.com\/global\/wp-json\/wp\/v2\/comments?post=2438"}],"version-history":[{"count":0,"href":"https:\/\/cidadenoar.com\/global\/wp-json\/wp\/v2\/posts\/2438\/revisions"}],"wp:featuredmedia":[{"embeddable":true,"href":"https:\/\/cidadenoar.com\/global\/wp-json\/wp\/v2\/media\/2439"}],"wp:attachment":[{"href":"https:\/\/cidadenoar.com\/global\/wp-json\/wp\/v2\/media?parent=2438"}],"wp:term":[{"taxonomy":"category","embeddable":true,"href":"https:\/\/cidadenoar.com\/global\/wp-json\/wp\/v2\/categories?post=2438"},{"taxonomy":"post_tag","embeddable":true,"href":"https:\/\/cidadenoar.com\/global\/wp-json\/wp\/v2\/tags?post=2438"}],"curies":[{"name":"wp","href":"https:\/\/api.w.org\/{rel}","templated":true}]}}