{"id":2445,"date":"2025-04-17T13:37:47","date_gmt":"2025-04-17T16:37:47","guid":{"rendered":"https:\/\/cidadenoar.com\/?p=2445"},"modified":"2025-07-26T18:13:55","modified_gmt":"2025-07-26T21:13:55","slug":"qual-e-o-tempo-medio-para-comecar-a-ver-resultados-durante-um-processo-de-emagrecimento-em-uma-clinica","status":"publish","type":"post","link":"https:\/\/cidadenoar.com\/global\/geral\/qual-e-o-tempo-medio-para-comecar-a-ver-resultados-durante-um-processo-de-emagrecimento-em-uma-clinica\/","title":{"rendered":"Qual \u00e9 o tempo m\u00e9dio para come\u00e7ar a ver resultados durante um processo de emagrecimento em uma cl\u00ednica?"},"content":{"rendered":"\n<p>Emagrecer \u00e9 um processo que exige dedica\u00e7\u00e3o, paci\u00eancia e, muitas vezes, acompanhamento especializado.&nbsp;<\/p>\n\n\n\n<p>Para muitas pessoas, iniciar um tratamento em uma <a href=\"https:\/\/docs.google.com\/document\/d\/1Jiv2rFYsNT63AA18pIoxPXtKr4NLqnRRqRIa0ADODs0\/edit?tab=t.0#heading=h.3cr3tfivb2cq\" target=\"_blank\" rel=\"noopener\">cl\u00ednica de emagrecimento em Florian\u00f3polis<\/a> \u00e9 uma escolha estrat\u00e9gica para garantir resultados mais consistentes e saud\u00e1veis.&nbsp;<\/p>\n\n\n\n<p>No entanto, uma das principais perguntas feitas por quem come\u00e7a esse tipo de programa \u00e9: \u201cquanto tempo leva para ver os primeiros resultados?\u201d.<\/p>\n\n\n\n<p>Entenda a seguir neste artigo quais s\u00e3o os principais aspectos que influenciam esse tempo e como os clientes podem potencializar seus resultados enquanto buscam uma melhor qualidade de vida.<\/p>\n\n\n\n<h2 class=\"wp-block-heading\">Quanto tempo leva para notar os primeiros resultados nos tratamentos de emagrecimento?<\/h2>\n\n\n\n<p>Os primeiros resultados de um programa de emagrecimento geralmente come\u00e7am a aparecer dentro de duas a quatro semanas.&nbsp;<\/p>\n\n\n\n<p>Esse per\u00edodo inicial \u00e9 marcado por mudan\u00e7as mais percept\u00edveis na reten\u00e7\u00e3o de l\u00edquidos e na redu\u00e7\u00e3o do incha\u00e7o. Muitas pessoas tamb\u00e9m relatam um aumento na energia e melhorias no funcionamento do sistema digestivo, o que tamb\u00e9m contribui para a sensa\u00e7\u00e3o de progresso.<\/p>\n\n\n\n<p>Em termos de perda de peso, os resultados dependem do programa seguido. Dietas balanceadas, combinadas com exerc\u00edcios f\u00edsicos e tratamentos est\u00e9ticos, tendem a gerar uma perda m\u00e9dia de 0,5 kg a 1 kg por semana.&nbsp;<\/p>\n\n\n\n<p>Embora esses n\u00fameros possam parecer modestos, eles refletem uma perda saud\u00e1vel e sustent\u00e1vel, o que \u00e9 fundamental para evitar o chamado efeito sanfona.<\/p>\n\n\n\n<h2 class=\"wp-block-heading\">O tempo para resultados no emagrecimento varia de pessoa para pessoa?<\/h2>\n\n\n\n<p>Sim, o tempo para ver resultados em tratamentos de emagrecimento pode variar significativamente entre os indiv\u00edduos.&nbsp;<\/p>\n\n\n\n<p>Cada organismo responde de maneira \u00fanica aos est\u00edmulos, e fatores como idade, metabolismo, condi\u00e7\u00f5es de sa\u00fade preexistentes e hist\u00f3rico alimentar desempenham um papel importante nessa equa\u00e7\u00e3o.&nbsp;<\/p>\n\n\n\n<p>Por exemplo, pessoas com metabolismo mais acelerado podem observar mudan\u00e7as mais rapidamente do que aquelas com um metabolismo mais lento.<\/p>\n\n\n\n<p>O n\u00edvel de comprometimento tamb\u00e9m faz uma grande diferen\u00e7a. Quem segue as recomenda\u00e7\u00f5es \u00e0 risca, incluindo dieta, rotina de exerc\u00edcios e tratamentos complementares, tende a obter resultados mais consistentes.&nbsp;<\/p>\n\n\n\n<p>Por outro lado, indiv\u00edduos que enfrentam dificuldades para aderir ao programa podem levar mais tempo para perceber os benef\u00edcios.<\/p>\n\n\n\n<p>Al\u00e9m disso, \u00e9 importante ressaltar que comparar o pr\u00f3prio progresso com o de outras pessoas pode ser contraproducente. O foco deve estar no pr\u00f3prio corpo e nas metas estabelecidas em conjunto com os profissionais da <a href=\"https:\/\/docs.google.com\/document\/d\/1Jiv2rFYsNT63AA18pIoxPXtKr4NLqnRRqRIa0ADODs0\/edit?tab=t.0#heading=h.3cr3tfivb2cq\" target=\"_blank\" rel=\"noopener\">cl\u00ednica de emagrecimento em Florian\u00f3polis<\/a>.<\/p>\n\n\n\n<h2 class=\"wp-block-heading\">Em quanto tempo os tratamentos est\u00e9ticos para emagrecimento mostram efic\u00e1cia?<\/h2>\n\n\n\n<p>Tratamentos est\u00e9ticos voltados para o emagrecimento, como a criolip\u00f3lise, a drenagem linf\u00e1tica e a radiofrequ\u00eancia, costumam apresentar resultados em prazos variados, dependendo do procedimento e das condi\u00e7\u00f5es iniciais do paciente.&nbsp;<\/p>\n\n\n\n<p>A criolip\u00f3lise, por exemplo, \u00e9 um tratamento que utiliza o resfriamento controlado para eliminar c\u00e9lulas de gordura e costuma apresentar resultados vis\u00edveis ap\u00f3s quatro a oito semanas.<\/p>\n\n\n\n<p>No caso da drenagem linf\u00e1tica, os efeitos podem ser percebidos de forma mais r\u00e1pida, especialmente em rela\u00e7\u00e3o \u00e0 redu\u00e7\u00e3o de incha\u00e7o e reten\u00e7\u00e3o de l\u00edquidos.&nbsp;<\/p>\n\n\n\n<p>J\u00e1 os tratamentos com radiofrequ\u00eancia, que estimulam a produ\u00e7\u00e3o de col\u00e1geno e ajudam a reduzir a flacidez, costumam mostrar resultados progressivos, geralmente percept\u00edveis ap\u00f3s algumas sess\u00f5es.<\/p>\n\n\n\n<p>\u00c9 essencial que os pacientes compreendam que esses tratamentos s\u00e3o complementares a uma rotina saud\u00e1vel. Sem uma alimenta\u00e7\u00e3o balanceada e a pr\u00e1tica regular de exerc\u00edcios, os resultados podem ser menos expressivos ou demorarem mais para surgir.<\/p>\n\n\n\n<h2 class=\"wp-block-heading\">Quais fatores influenciam no tempo para alcan\u00e7ar resultados em cl\u00ednicas de emagrecimento?<\/h2>\n\n\n\n<p>Diversos fatores influenciam o tempo necess\u00e1rio para que os resultados dos tratamentos de emagrecimento sejam notados. Entre os principais, destacam-se:<\/p>\n\n\n\n<ul class=\"wp-block-list\">\n<li>Condi\u00e7\u00f5es iniciais de sa\u00fade;<\/li>\n\n\n\n<li>Ades\u00e3o ao programa;<\/li>\n\n\n\n<li><\/li>\n\n\n\n<li>Escolha dos tratamentos;<\/li>\n\n\n\n<li>Fatores externos.<\/li>\n<\/ul>\n\n\n\n<p>Compreender esses fatores ajuda a estabelecer expectativas realistas e refor\u00e7a a import\u00e2ncia de um acompanhamento multidisciplinar durante o processo.<\/p>\n\n\n\n<h2 class=\"wp-block-heading\">\u00c9 poss\u00edvel acelerar os resultados durante um programa de emagrecimento?<\/h2>\n\n\n\n<p>Sim, \u00e9 poss\u00edvel adotar algumas estrat\u00e9gias para otimizar os resultados durante um programa de emagrecimento.&nbsp;<\/p>\n\n\n\n<p>Uma das mais eficazes \u00e9 manter uma comunica\u00e7\u00e3o aberta com os profissionais da cl\u00ednica. Relatar desafios e ajustar o plano de tratamento conforme necess\u00e1rio pode fazer uma grande diferen\u00e7a.<\/p>\n\n\n\n<p>Ademais, investir em h\u00e1bitos saud\u00e1veis \u00e9 essencial. Uma alimenta\u00e7\u00e3o rica em nutrientes, combinada com a pr\u00e1tica regular de atividades f\u00edsicas, potencializa os benef\u00edcios dos tratamentos realizados na cl\u00ednica.&nbsp;<\/p>\n\n\n\n<p>Dormir bem e gerenciar o estresse tamb\u00e9m s\u00e3o fatores que contribuem para a efici\u00eancia do programa.<\/p>\n\n\n\n<p>Outra forma de acelerar os resultados \u00e9 combinar diferentes tratamentos est\u00e9ticos. Procedimentos que atuam em parceria podem proporcionar melhorias mais r\u00e1pidas e vis\u00edveis. Contudo, \u00e9 importante seguir as recomenda\u00e7\u00f5es dos especialistas para evitar excessos ou combina\u00e7\u00f5es inadequadas.<\/p>\n\n\n\n<h2 class=\"wp-block-heading\">Garanta um acompanhamento especializado!<\/h2>\n\n\n\n<p>Se voc\u00ea busca resultados consistentes e seguros em um programa de emagrecimento, conte com a Cl\u00ednica Ibelli.&nbsp;<\/p>\n\n\n\n<p>Reconhecida como uma refer\u00eancia em Florian\u00f3polis, a cl\u00ednica oferece tratamentos personalizados e uma equipe altamente qualificada para ajudar voc\u00ea a atingir seus objetivos.&nbsp;<\/p>\n\n\n\n<p>Agende uma consulta e descubra como transformar sua vida com o suporte de profissionais experientes.&nbsp;<\/p>\n\n\n\n<p>Acesse a <a href=\"https:\/\/docs.google.com\/document\/d\/1Jiv2rFYsNT63AA18pIoxPXtKr4NLqnRRqRIa0ADODs0\/edit?tab=t.0#heading=h.3cr3tfivb2cq\" target=\"_blank\" rel=\"noopener\">Cl\u00ednica Ibelli<\/a> e comece sua jornada hoje mesmo.<\/p>\n","protected":false},"excerpt":{"rendered":"<p>Emagrecer \u00e9 um processo que exige dedica\u00e7\u00e3o, paci\u00eancia e, muitas vezes, acompanhamento especializado.&nbsp; Para muitas pessoas, iniciar um tratamento em uma cl\u00ednica de emagrecimento em Florian\u00f3polis \u00e9 uma escolha estrat\u00e9gica para garantir resultados mais consistentes e saud\u00e1veis.&nbsp; No entanto, uma das principais perguntas feitas por quem come\u00e7a esse tipo de programa \u00e9: \u201cquanto tempo leva&#8230;<\/p>\n","protected":false},"author":20,"featured_media":2446,"comment_status":"open","ping_status":"open","sticky":false,"template":"","format":"standard","meta":{"footnotes":""},"categories":[1],"tags":[],"class_list":["post-2445","post","type-post","status-publish","format-standard","has-post-thumbnail","hentry","category-geral"],"_links":{"self":[{"href":"https:\/\/cidadenoar.com\/global\/wp-json\/wp\/v2\/posts\/2445","targetHints":{"allow":["GET"]}}],"collection":[{"href":"https:\/\/cidadenoar.com\/global\/wp-json\/wp\/v2\/posts"}],"about":[{"href":"https:\/\/cidadenoar.com\/global\/wp-json\/wp\/v2\/types\/post"}],"author":[{"embeddable":true,"href":"https:\/\/cidadenoar.com\/global\/wp-json\/wp\/v2\/users\/20"}],"replies":[{"embeddable":true,"href":"https:\/\/cidadenoar.com\/global\/wp-json\/wp\/v2\/comments?post=2445"}],"version-history":[{"count":0,"href":"https:\/\/cidadenoar.com\/global\/wp-json\/wp\/v2\/posts\/2445\/revisions"}],"wp:featuredmedia":[{"embeddable":true,"href":"https:\/\/cidadenoar.com\/global\/wp-json\/wp\/v2\/media\/2446"}],"wp:attachment":[{"href":"https:\/\/cidadenoar.com\/global\/wp-json\/wp\/v2\/media?parent=2445"}],"wp:term":[{"taxonomy":"category","embeddable":true,"href":"https:\/\/cidadenoar.com\/global\/wp-json\/wp\/v2\/categories?post=2445"},{"taxonomy":"post_tag","embeddable":true,"href":"https:\/\/cidadenoar.com\/global\/wp-json\/wp\/v2\/tags?post=2445"}],"curies":[{"name":"wp","href":"https:\/\/api.w.org\/{rel}","templated":true}]}}