{"id":2456,"date":"2025-04-22T16:29:30","date_gmt":"2025-04-22T19:29:30","guid":{"rendered":"https:\/\/cidadenoar.com\/?p=2456"},"modified":"2025-07-26T18:11:38","modified_gmt":"2025-07-26T21:11:38","slug":"amaro-marques-palestra-na-aemflo-sao-jose-com-foco-em-cultura-de-excelencia","status":"publish","type":"post","link":"https:\/\/cidadenoar.com\/global\/economia-negocios\/amaro-marques-palestra-na-aemflo-sao-jose-com-foco-em-cultura-de-excelencia\/","title":{"rendered":"Amaro Marques palestra na AEMFLO S\u00e3o Jos\u00e9 com foco em cultura de excel\u00eancia"},"content":{"rendered":"\n<p>No dia 23 de abril, a sede da AEMFLO e CDL de S\u00e3o Jos\u00e9 recebe o empres\u00e1rio Amaro Marques, s\u00f3cio do Grupo Alma, para uma palestra do N\u00facleo Jovem no espa\u00e7o Conecta 360\u00b0, rec\u00e9m-inaugurado pela entidade. A apresenta\u00e7\u00e3o faz parte do ciclo de eventos voltados ao empreendedorismo e \u00e0 inova\u00e7\u00e3o promovidos pela associa\u00e7\u00e3o, e promete trazer reflex\u00f5es profundas e aplic\u00e1veis sobre \u201cComo criar uma cultura de excel\u00eancia baseada em pessoas e processos\u201d.<\/p>\n\n\n\n<p>O encontro inicia com um coquetel receptivo \u00e0s 19h, seguido pela palestra \u00e0s 19h30, e \u00e9 voltado a empres\u00e1rios, gestores, lideran\u00e7as e profissionais que desejam crescer de forma estrat\u00e9gica e com prop\u00f3sito. As vagas s\u00e3o limitadas e as inscri\u00e7\u00f5es s\u00e3o gratuitas para os nucleados do N\u00facleo Jovem. Para n\u00e3o s\u00f3cios, as inscri\u00e7\u00f5es podem ser feitas pelo site Pensa No Evento, no valor de R$ 69,00.<\/p>\n\n\n\n<p>Natural de Jo\u00e3o Pessoa, Para\u00edba, , com uma trajet\u00f3ria consolidada no mercado da gastronomia, Amaro Marques por anos esteve \u00e0 frente das opera\u00e7\u00f5es do renomado grupo Figueira Rubaiyat, de S\u00e3o Paulo, sendo respons\u00e1vel pela internacionaliza\u00e7\u00e3o do grupo pela Am\u00e9rica do Sul. Ele \u00e9 s\u00f3cio da Trattoria Carbone, Little Carbone, Fiori e Shack Steakhouse, marcas que integram o Grupo Alma e que t\u00eam se destacado por combinar atendimento de excel\u00eancia, ambienta\u00e7\u00f5es memor\u00e1veis e um olhar apurado para pessoas e processos. Amaro \u00e9 tamb\u00e9m o atual diretor operacional do Hard Rock Cafe Florian\u00f3polis, primeira unidade da rede em Santa Catarina. Com uma obsess\u00e3o positiva pela qualidade, no m\u00eas de maio inaugura a Forneria Carbone, no Continente Park Shopping, a quinta opera\u00e7\u00e3o do Grupo e a primeira em S\u00e3o Jos\u00e9. Ainda em 2025, o Grupo abre duas novas opera\u00e7\u00f5es no Villa Romana Shopping: o italiano Osteria Carbone e o primeiro restaurante oriental do Grupo, o Shima.<\/p>\n\n\n\n<p>A AEMFLO (Associa\u00e7\u00e3o Empresarial da Regi\u00e3o Metropolitana de Florian\u00f3polis) e a CDL S\u00e3o Jos\u00e9 s\u00e3o refer\u00eancia em representatividade e apoio ao empresariado local. Desde dezembro de 2024, contam com o Conecta 360\u00b0, um espa\u00e7o moderno e multifuncional de transforma\u00e7\u00e3o digital, criado para sediar eventos de capacita\u00e7\u00e3o, conex\u00f5es e desenvolvimento de neg\u00f3cios, no 3\u00ba andar da sede da entidade, no Distrito Industrial de S\u00e3o Jos\u00e9.<\/p>\n\n\n\n<p><strong>Servi\u00e7o<\/strong><\/p>\n\n\n\n<p>Palestra: \u201cComo criar uma cultura de excel\u00eancia baseada em pessoas e processos\u201d<\/p>\n\n\n\n<p>Com Amaro Marques \u2013 Grupo Alma (Trattoria Carbone, Little Carbone, Shack Steakhouse, Fiori e, a partir de maio, Forneria Carbone)<\/p>\n\n\n\n<p>Onde: Conecta 360 \u2013 AEMFLO \/ CDL S\u00e3o Jos\u00e9 (Rua Vidal Proc\u00f3pio Lohn, 91 \u2013 Distrito Industrial \u2013 S\u00e3o Jos\u00e9 \u2013 SC \u2013 3\u00ba andar)<\/p>\n\n\n\n<p>Quando: 23 de abril (quarta-feira)<\/p>\n\n\n\n<p>19h \u2013 Coquetel | 19h30 \u2013 In\u00edcio da palestra<\/p>\n\n\n\n<p>Inscri\u00e7\u00f5es:&nbsp;<a href=\"https:\/\/www.pensanoevento.com.br\/eventos\/78465\/palestra-com-amaro-marques?promoter=34148\" target=\"_blank\" rel=\"noreferrer noopener\">https:\/\/www.pensanoevento.com.br\/eventos\/78465\/palestra-com-amaro-marques?promoter=34148<\/a><\/p>\n\n\n\n<p>Confirma\u00e7\u00f5es at\u00e9 22\/04 \u00e0s 18h<\/p>\n\n\n\n<p>Evento gratuito para nucleados do N\u00facleo Jovem e no valor de R$ 69,00 para n\u00e3o s\u00f3cios. As vagas s\u00e3o limitadas<\/p>\n","protected":false},"excerpt":{"rendered":"<p>Empres\u00e1rio do setor gastron\u00f4mico, s\u00f3cio do Grupo Alma, compartilha estrat\u00e9gias de gest\u00e3o e prop\u00f3sito no Conecta 360\u00b0, novo espa\u00e7o da AEMFLO, nesta quarta-feira (23)<\/p>\n","protected":false},"author":23,"featured_media":2457,"comment_status":"open","ping_status":"open","sticky":false,"template":"","format":"standard","meta":{"footnotes":""},"categories":[289],"tags":[202,203,52,204],"class_list":["post-2456","post","type-post","status-publish","format-standard","has-post-thumbnail","hentry","category-economia-negocios","tag-amaro-marques","tag-carbone","tag-empreendedorismo","tag-palestra"],"_links":{"self":[{"href":"https:\/\/cidadenoar.com\/global\/wp-json\/wp\/v2\/posts\/2456","targetHints":{"allow":["GET"]}}],"collection":[{"href":"https:\/\/cidadenoar.com\/global\/wp-json\/wp\/v2\/posts"}],"about":[{"href":"https:\/\/cidadenoar.com\/global\/wp-json\/wp\/v2\/types\/post"}],"author":[{"embeddable":true,"href":"https:\/\/cidadenoar.com\/global\/wp-json\/wp\/v2\/users\/23"}],"replies":[{"embeddable":true,"href":"https:\/\/cidadenoar.com\/global\/wp-json\/wp\/v2\/comments?post=2456"}],"version-history":[{"count":0,"href":"https:\/\/cidadenoar.com\/global\/wp-json\/wp\/v2\/posts\/2456\/revisions"}],"wp:featuredmedia":[{"embeddable":true,"href":"https:\/\/cidadenoar.com\/global\/wp-json\/wp\/v2\/media\/2457"}],"wp:attachment":[{"href":"https:\/\/cidadenoar.com\/global\/wp-json\/wp\/v2\/media?parent=2456"}],"wp:term":[{"taxonomy":"category","embeddable":true,"href":"https:\/\/cidadenoar.com\/global\/wp-json\/wp\/v2\/categories?post=2456"},{"taxonomy":"post_tag","embeddable":true,"href":"https:\/\/cidadenoar.com\/global\/wp-json\/wp\/v2\/tags?post=2456"}],"curies":[{"name":"wp","href":"https:\/\/api.w.org\/{rel}","templated":true}]}}