{"id":2465,"date":"2025-04-22T17:25:43","date_gmt":"2025-04-22T20:25:43","guid":{"rendered":"https:\/\/cidadenoar.com\/?p=2465"},"modified":"2025-07-26T18:01:04","modified_gmt":"2025-07-26T21:01:04","slug":"artigo-as-tensoes-comerciais-globais-e-seus-reflexos-na-gestao-das-financas-publicas-em-santa-catarina","status":"publish","type":"post","link":"https:\/\/cidadenoar.com\/global\/politica\/artigo-as-tensoes-comerciais-globais-e-seus-reflexos-na-gestao-das-financas-publicas-em-santa-catarina\/","title":{"rendered":"Artigo: as tens\u00f5es comerciais globais e seus reflexos na gest\u00e3o das finan\u00e7as p\u00fablicas em Santa Catarina"},"content":{"rendered":"\n<p>A recente escalada nas tens\u00f5es comerciais globais, impulsionada pelas tarifas impostas pelos Estados Unidos e pelas rea\u00e7\u00f5es de parceiros como Uni\u00e3o Europeia, China e Canad\u00e1, trouxe novamente um cen\u00e1rio de instabilidade para a economia mundial. Esse tipo de movimenta\u00e7\u00e3o tem reflexos diretos nos fluxos de exporta\u00e7\u00e3o, no c\u00e2mbio, nos pre\u00e7os de insumos e nos investimentos internos, impactando a arrecada\u00e7\u00e3o dos estados brasileiros e exigindo respostas r\u00e1pidas e t\u00e9cnicas por parte das administra\u00e7\u00f5es p\u00fablicas.<br><br>Santa Catarina, com uma economia fortemente conectada ao com\u00e9rcio exterior e \u00e0 ind\u00fastria, sente com intensidade esses reflexos. Quedas nas exporta\u00e7\u00f5es ou encarecimento de insumos podem significar redu\u00e7\u00e3o da atividade econ\u00f4mica, menor arrecada\u00e7\u00e3o do ICMS, quedas no consumo interno e press\u00e3o sobre as finan\u00e7as p\u00fablicas estaduais.<br><br>\u00c9 nesse contexto que os Auditores Estaduais de Finan\u00e7as P\u00fablicas demonstram, mais uma vez, sua import\u00e2ncia estrat\u00e9gica. Monitorar os impactos econ\u00f4micos, reavaliar proje\u00e7\u00f5es de receitas, planejar medidas fiscais compensat\u00f3rias e garantir a conformidade com a responsabilidade fiscal s\u00e3o atribui\u00e7\u00f5es que exigem compet\u00eancia t\u00e9cnica, rapidez e compromisso com o interesse p\u00fablico.<br><br>Essa atua\u00e7\u00e3o n\u00e3o \u00e9 nova. Durante a pandemia da Covid-19, por exemplo, foi a atua\u00e7\u00e3o precisa dos Auditores de Finan\u00e7as que permitiu ao Estado manter a execu\u00e7\u00e3o de pol\u00edticas p\u00fablicas mesmo diante de quedas abruptas de arrecada\u00e7\u00e3o. Durante a greve dos caminhoneiros em 2018, quando o abastecimento foi interrompido e a economia desacelerou drasticamente, a carreira tamb\u00e9m se mobilizou para garantir a estabilidade or\u00e7ament\u00e1ria. Agora, mais uma vez, diante de um ambiente de incertezas internacionais, \u00e9 papel dessa carreira assegurar que Santa Catarina proteja seus recursos e mantenha sua capacidade de investimento e presta\u00e7\u00e3o de servi\u00e7os.<\/p>\n\n\n\n<p><br>A presen\u00e7a t\u00e9cnica e firme dos Auditores de Finan\u00e7as \u00e9 essencial para preservar o equil\u00edbrio fiscal, garantir a legalidade na gest\u00e3o e oferecer ao gestor p\u00fablico informa\u00e7\u00f5es confi\u00e1veis para decis\u00f5es estrat\u00e9gicas. Em um mundo globalizado e vol\u00e1til, pensar a carreira com vis\u00e3o ampla e comprometida com os desafios do presente \u00e9 tamb\u00e9m fortalecer o futuro das finan\u00e7as p\u00fablicas catarinenses.<\/p>\n\n\n\n<p><em><strong>Por&nbsp;Sandro Medeiros Alves<\/strong><\/em><\/p>\n\n\n\n<p><em><strong>Presidente do SINDAF SC \u2013 Sindicato dos Auditores Estaduais de Finan\u00e7as P\u00fablicas de Santa Catarina<\/strong><\/em><\/p>\n","protected":false},"excerpt":{"rendered":"<p>O Presidente do SINDAF\/SC, Sandro Medeiros Alves, explica sobre o papel estrat\u00e9gico dos Auditores Estaduais de Finan\u00e7as P\u00fablicas<\/p>\n","protected":false},"author":23,"featured_media":2466,"comment_status":"open","ping_status":"open","sticky":false,"template":"","format":"standard","meta":{"footnotes":""},"categories":[374],"tags":[207,152],"class_list":["post-2465","post","type-post","status-publish","format-standard","has-post-thumbnail","hentry","category-politica","tag-auditor-fiscal","tag-sc"],"_links":{"self":[{"href":"https:\/\/cidadenoar.com\/global\/wp-json\/wp\/v2\/posts\/2465","targetHints":{"allow":["GET"]}}],"collection":[{"href":"https:\/\/cidadenoar.com\/global\/wp-json\/wp\/v2\/posts"}],"about":[{"href":"https:\/\/cidadenoar.com\/global\/wp-json\/wp\/v2\/types\/post"}],"author":[{"embeddable":true,"href":"https:\/\/cidadenoar.com\/global\/wp-json\/wp\/v2\/users\/23"}],"replies":[{"embeddable":true,"href":"https:\/\/cidadenoar.com\/global\/wp-json\/wp\/v2\/comments?post=2465"}],"version-history":[{"count":0,"href":"https:\/\/cidadenoar.com\/global\/wp-json\/wp\/v2\/posts\/2465\/revisions"}],"wp:featuredmedia":[{"embeddable":true,"href":"https:\/\/cidadenoar.com\/global\/wp-json\/wp\/v2\/media\/2466"}],"wp:attachment":[{"href":"https:\/\/cidadenoar.com\/global\/wp-json\/wp\/v2\/media?parent=2465"}],"wp:term":[{"taxonomy":"category","embeddable":true,"href":"https:\/\/cidadenoar.com\/global\/wp-json\/wp\/v2\/categories?post=2465"},{"taxonomy":"post_tag","embeddable":true,"href":"https:\/\/cidadenoar.com\/global\/wp-json\/wp\/v2\/tags?post=2465"}],"curies":[{"name":"wp","href":"https:\/\/api.w.org\/{rel}","templated":true}]}}