{"id":2471,"date":"2025-04-23T15:20:07","date_gmt":"2025-04-23T18:20:07","guid":{"rendered":"https:\/\/cidadenoar.com\/?p=2471"},"modified":"2025-07-26T17:56:52","modified_gmt":"2025-07-26T20:56:52","slug":"maria-klaumann-fotografa-com-pecas-de-alta-joalheria-chanel-em-paris","status":"publish","type":"post","link":"https:\/\/cidadenoar.com\/global\/cultura-lazer\/maria-klaumann-fotografa-com-pecas-de-alta-joalheria-chanel-em-paris\/","title":{"rendered":"Maria Klaumann fotografa com pe\u00e7as de alta joalheria Chanel em Paris"},"content":{"rendered":"\n<p>A modelo catarinense Maria Klaumann protagonizou no \u00faltimo dia 15 de abril uma sess\u00e3o de fotos exclusiva para a grife Chanel em Paris.<\/p>\n\n\n\n<p>As fotos foram feitas no no Est\u00fadio de Cria\u00e7\u00e3o da Alta Joalheria da Maison Chanel, na Place Vend\u00f4me.&nbsp; As j\u00f3ias, produzidas pelos artes\u00e3os da marca, s\u00e3o cria\u00e7\u00f5es art\u00edsticas dispon\u00edveis apenas em edi\u00e7\u00f5es limitadas.<\/p>\n\n\n\n<p>Reconhecida como um dos destaques da nova gera\u00e7\u00e3o da moda mundial, a modelo natural de Aurora, no Alto Vale, conquistou espa\u00e7o internacional e participou recentemente nas semanas de moda de Mil\u00e3o e Londres.&nbsp;&nbsp;<\/p>\n\n\n\n<p>Em 2024, ela foi capa de tr\u00eas edi\u00e7\u00f5es da revista Vogue (Brasil, Portugal e M\u00e9xico). Na Forbes Brasil, emplacou na Forbes Under 30, a sele\u00e7\u00e3o de final de ano da famosa revista de neg\u00f3cios que aponta os profissionais de maior destaque do Brasil em at\u00e9 30 anos em diversas categorias.<\/p>\n\n\n\n<p>Tamb\u00e9m em 2024 a modelo da Mega Model foi eleita a modelo revela\u00e7\u00e3o do ano no pr\u00eamio Fashion Awards, em Nova York.<\/p>\n\n\n\n<p><\/p>\n","protected":false},"excerpt":{"rendered":"<p>Modelo catarinense se consolida no mercado europeu<\/p>\n","protected":false},"author":23,"featured_media":2472,"comment_status":"open","ping_status":"open","sticky":false,"template":"","format":"standard","meta":{"footnotes":""},"categories":[360],"tags":[209,167,208],"class_list":["post-2471","post","type-post","status-publish","format-standard","has-post-thumbnail","hentry","category-cultura-lazer","tag-alto-vale","tag-moda","tag-modelo"],"_links":{"self":[{"href":"https:\/\/cidadenoar.com\/global\/wp-json\/wp\/v2\/posts\/2471","targetHints":{"allow":["GET"]}}],"collection":[{"href":"https:\/\/cidadenoar.com\/global\/wp-json\/wp\/v2\/posts"}],"about":[{"href":"https:\/\/cidadenoar.com\/global\/wp-json\/wp\/v2\/types\/post"}],"author":[{"embeddable":true,"href":"https:\/\/cidadenoar.com\/global\/wp-json\/wp\/v2\/users\/23"}],"replies":[{"embeddable":true,"href":"https:\/\/cidadenoar.com\/global\/wp-json\/wp\/v2\/comments?post=2471"}],"version-history":[{"count":0,"href":"https:\/\/cidadenoar.com\/global\/wp-json\/wp\/v2\/posts\/2471\/revisions"}],"wp:featuredmedia":[{"embeddable":true,"href":"https:\/\/cidadenoar.com\/global\/wp-json\/wp\/v2\/media\/2472"}],"wp:attachment":[{"href":"https:\/\/cidadenoar.com\/global\/wp-json\/wp\/v2\/media?parent=2471"}],"wp:term":[{"taxonomy":"category","embeddable":true,"href":"https:\/\/cidadenoar.com\/global\/wp-json\/wp\/v2\/categories?post=2471"},{"taxonomy":"post_tag","embeddable":true,"href":"https:\/\/cidadenoar.com\/global\/wp-json\/wp\/v2\/tags?post=2471"}],"curies":[{"name":"wp","href":"https:\/\/api.w.org\/{rel}","templated":true}]}}