{"id":2475,"date":"2025-04-23T15:43:27","date_gmt":"2025-04-23T18:43:27","guid":{"rendered":"https:\/\/cidadenoar.com\/?p=2475"},"modified":"2025-07-26T18:13:51","modified_gmt":"2025-07-26T21:13:51","slug":"com-gesto-de-fe-e-solidariedade-bispo-bruno-leonardo-doa-r-100-mil-para-bebe-com-cardiopatia-grave","status":"publish","type":"post","link":"https:\/\/cidadenoar.com\/global\/geral\/com-gesto-de-fe-e-solidariedade-bispo-bruno-leonardo-doa-r-100-mil-para-bebe-com-cardiopatia-grave\/","title":{"rendered":"Com gesto de f\u00e9 e solidariedade, Bispo Bruno Leonardo doa R$ 100 mil para beb\u00ea com cardiopatia grave"},"content":{"rendered":"\n<p><em>Pequeno Asaff luta pela vida na UTI, e a\u00e7\u00e3o liderada pelo bispo refor\u00e7a poder da f\u00e9 e da generosidade coletiva<\/em>.<\/p>\n\n\n\n<p>A empatia pode mudar destinos e, \u00e0s vezes, at\u00e9 salvar vidas. Foi o que aconteceu ap\u00f3s o Bispo Bruno Leonardo conhecer a hist\u00f3ria do pequeno Asaff, um beb\u00ea que nasceu com cardiopatia cong\u00eanita e hoje se encontra internado em estado delicado na UTI. Comovido com a luta da crian\u00e7a, o bispo n\u00e3o ficou indiferente: mobilizou sua equipe, entrou em contato com a fam\u00edlia e realizou uma doa\u00e7\u00e3o de R$ 100 mil reais para custear o tratamento do beb\u00ea em S\u00e3o Paulo.<\/p>\n\n\n\n<p>A iniciativa partiu ap\u00f3s o l\u00edder religioso ser marcado em diversas publica\u00e7\u00f5es nas redes sociais com o apelo para conhecer a situa\u00e7\u00e3o de Asaff. O pedido de socorro veio principalmente da av\u00f3 da crian\u00e7a, que tem sido uma voz ativa de f\u00e9 pela recupera\u00e7\u00e3o do neto. \u201cMuitas pessoas me marcaram para eu conhecer a hist\u00f3ria dele&#8230; Pelas fotos e v\u00eddeos, voc\u00ea pode ver que essa crian\u00e7a \u00e9 um guerreiro e merece a nossa ora\u00e7\u00e3o, merece a nossa ajuda\u201d, afirmou Bruno Leonardo <a href=\"https:\/\/www.instagram.com\/p\/DIlQV9HuqE2\/\" target=\"_blank\" rel=\"noopener\">em v\u00eddeo postado em suas redes sociais<\/a>.<\/p>\n\n\n<div class=\"wp-block-image\">\n<figure class=\"aligncenter size-full is-resized\"><img fetchpriority=\"high\" decoding=\"async\" width=\"502\" height=\"702\" src=\"https:\/\/cidadenoar.com\/wp-content\/uploads\/sites\/22\/2025\/04\/WhatsApp-Image-2025-04-23-at-15.36.04.jpeg\" alt=\"\" class=\"wp-image-2476\" style=\"width:403px;height:auto\" title=\"\" srcset=\"https:\/\/cidadenoar.com\/global\/wp-content\/uploads\/sites\/22\/2025\/04\/WhatsApp-Image-2025-04-23-at-15.36.04.jpeg 502w, https:\/\/cidadenoar.com\/global\/wp-content\/uploads\/sites\/22\/2025\/04\/WhatsApp-Image-2025-04-23-at-15.36.04-215x300.jpeg 215w\" sizes=\"(max-width: 502px) 100vw, 502px\" \/><\/figure>\n<\/div>\n\n\n<p>Sensibilizado, o bispo fez uma videochamada com a av\u00f3 e o pai do beb\u00ea, direto do Maranh\u00e3o, onde a fam\u00edlia reside. Durante a conversa, confirmou que arcaria com todas as despesas para a viagem a S\u00e3o Paulo, incluindo estadia e acompanhamento durante o tratamento da crian\u00e7a. A ajuda foi enviada de imediato por meio de um pix no valor de R$ 100 mil.<\/p>\n\n\n\n<p>\u201cEu vou fazer hoje aqui, agora, uma ajuda para voc\u00eas. Vou fazer um pix de 100 mil reais para garantir todo o suporte para que voc\u00eas possam ficar o tempo que for necess\u00e1rio at\u00e9 que ele fa\u00e7a a cirurgia\u201d, declarou o bispo, refor\u00e7ando que tudo foi poss\u00edvel gra\u00e7as \u00e0 fidelidade dos fi\u00e9is. \u201cEssa doa\u00e7\u00e3o representa n\u00e3o apenas ajuda material, mas esperan\u00e7a, f\u00e9 e vida.\u201d<\/p>\n\n\n\n<p>A atitude comoveu milhares de seguidores, que passaram a compartilhar o v\u00eddeo e deixar mensagens de apoio \u00e0 fam\u00edlia. Para Bruno Leonardo, a a\u00e7\u00e3o representa o verdadeiro prop\u00f3sito do evangelho. \u201cEsse \u00e9 o evangelho que n\u00f3s acreditamos: amar a Deus e amar o pr\u00f3ximo\u201d, completou.<\/p>\n\n\n<div class=\"wp-block-image\">\n<figure class=\"aligncenter size-full is-resized\"><img decoding=\"async\" width=\"498\" height=\"570\" src=\"https:\/\/cidadenoar.com\/wp-content\/uploads\/sites\/22\/2025\/04\/WhatsApp-Image-2025-04-23-at-14.44.31-1.jpeg\" alt=\"\" class=\"wp-image-2477\" style=\"width:390px;height:auto\" title=\"\" srcset=\"https:\/\/cidadenoar.com\/global\/wp-content\/uploads\/sites\/22\/2025\/04\/WhatsApp-Image-2025-04-23-at-14.44.31-1.jpeg 498w, https:\/\/cidadenoar.com\/global\/wp-content\/uploads\/sites\/22\/2025\/04\/WhatsApp-Image-2025-04-23-at-14.44.31-1-262x300.jpeg 262w\" sizes=\"(max-width: 498px) 100vw, 498px\" \/><\/figure>\n<\/div>\n\n\n<p>O caso de Asaff agora ganha visibilidade nacional, impulsionado n\u00e3o apenas pela gravidade da sua condi\u00e7\u00e3o de sa\u00fade, mas tamb\u00e9m pela corrente de solidariedade que tem se formado em torno dele. A fam\u00edlia j\u00e1 se prepara para a transfer\u00eancia ao hospital em S\u00e3o Paulo, onde o beb\u00ea ser\u00e1 submetido ao tratamento necess\u00e1rio.<\/p>\n\n\n\n<p>Enquanto isso, a mobiliza\u00e7\u00e3o segue nas redes sociais. O bispo pede que as pessoas continuem compartilhando a hist\u00f3ria e orando por Asaff. \u201cCremos que o Deus que come\u00e7ou a boa obra \u00e9 fiel para complet\u00e1-la\u201d, declarou em sua mensagem final.<\/p>\n","protected":false},"excerpt":{"rendered":"<p>Pequeno Asaff luta pela vida na UTI, e a\u00e7\u00e3o liderada pelo bispo refor\u00e7a poder da f\u00e9 e da generosidade coletiva. A empatia pode mudar destinos e, \u00e0s vezes, at\u00e9 salvar vidas. Foi o que aconteceu ap\u00f3s o Bispo Bruno Leonardo conhecer a hist\u00f3ria do pequeno Asaff, um beb\u00ea que nasceu com cardiopatia cong\u00eanita e hoje&#8230;<\/p>\n","protected":false},"author":20,"featured_media":2478,"comment_status":"open","ping_status":"open","sticky":false,"template":"","format":"standard","meta":{"footnotes":""},"categories":[1],"tags":[],"class_list":["post-2475","post","type-post","status-publish","format-standard","has-post-thumbnail","hentry","category-geral"],"_links":{"self":[{"href":"https:\/\/cidadenoar.com\/global\/wp-json\/wp\/v2\/posts\/2475","targetHints":{"allow":["GET"]}}],"collection":[{"href":"https:\/\/cidadenoar.com\/global\/wp-json\/wp\/v2\/posts"}],"about":[{"href":"https:\/\/cidadenoar.com\/global\/wp-json\/wp\/v2\/types\/post"}],"author":[{"embeddable":true,"href":"https:\/\/cidadenoar.com\/global\/wp-json\/wp\/v2\/users\/20"}],"replies":[{"embeddable":true,"href":"https:\/\/cidadenoar.com\/global\/wp-json\/wp\/v2\/comments?post=2475"}],"version-history":[{"count":0,"href":"https:\/\/cidadenoar.com\/global\/wp-json\/wp\/v2\/posts\/2475\/revisions"}],"wp:featuredmedia":[{"embeddable":true,"href":"https:\/\/cidadenoar.com\/global\/wp-json\/wp\/v2\/media\/2478"}],"wp:attachment":[{"href":"https:\/\/cidadenoar.com\/global\/wp-json\/wp\/v2\/media?parent=2475"}],"wp:term":[{"taxonomy":"category","embeddable":true,"href":"https:\/\/cidadenoar.com\/global\/wp-json\/wp\/v2\/categories?post=2475"},{"taxonomy":"post_tag","embeddable":true,"href":"https:\/\/cidadenoar.com\/global\/wp-json\/wp\/v2\/tags?post=2475"}],"curies":[{"name":"wp","href":"https:\/\/api.w.org\/{rel}","templated":true}]}}