{"id":2485,"date":"2025-04-23T18:03:46","date_gmt":"2025-04-23T21:03:46","guid":{"rendered":"https:\/\/cidadenoar.com\/?p=2485"},"modified":"2025-07-26T18:13:49","modified_gmt":"2025-07-26T21:13:49","slug":"empresa-catarinense-smart-air-aposta-em-tecnologia-para-melhorar-a-qualidade-do-ar","status":"publish","type":"post","link":"https:\/\/cidadenoar.com\/global\/geral\/empresa-catarinense-smart-air-aposta-em-tecnologia-para-melhorar-a-qualidade-do-ar\/","title":{"rendered":"Empresa catarinense Smart Air aposta em tecnologia para melhorar a qualidade do ar\u00a0"},"content":{"rendered":"\n<p>Com \u00edndices alarmantes de polui\u00e7\u00e3o, especialmente em grandes centros urbanos, a qualidade do ar no Brasil tornou-se uma preocupa\u00e7\u00e3o crescente de sa\u00fade p\u00fablica. Segundo a Organiza\u00e7\u00e3o Pan-Americana da Sa\u00fade (OPAS), cerca de 51 mil pessoas morrem por ano no pa\u00eds em decorr\u00eancia da polui\u00e7\u00e3o atmosf\u00e9rica.<\/p>\n\n\n\n<p>Nesse contexto, empresas como a Smart Air ganham relev\u00e2ncia ao oferecer solu\u00e7\u00f5es que ajudam a minimizar os efeitos da polui\u00e7\u00e3o em ambientes. Seus climatizadores evaporativos n\u00e3o apenas proporcionam conforto t\u00e9rmico, mas tamb\u00e9m renovam o ar nas \u00e1reas internas, ajudando a reduzir a concentra\u00e7\u00e3o de poluentes no ambiente, al\u00e9m de possuir filtros G3 de alta efici\u00eancia que s\u00e3o capazes de reter part\u00edculas maiores e criar espa\u00e7os mais saud\u00e1veis, sobretudo em regi\u00f5es com altos \u00edndices de contamina\u00e7\u00e3o atmosf\u00e9rica.<\/p>\n\n\n\n<p>Dados do Instituto Sa\u00fade e Sustentabilidade, divulgados em 2023, mostram que a m\u00e9dia nacional de material particulado fino (PM2,5) foi de 9,9 \u00b5g\/m\u00b3 \u2014 quase o dobro do limite recomendado pela Organiza\u00e7\u00e3o Mundial da Sa\u00fade (OMS). Esses poluentes, provenientes principalmente de ve\u00edculos, atividades industriais e queimadas, penetram profundamente nos pulm\u00f5es e aumentam o risco de doen\u00e7as respirat\u00f3rias.<\/p>\n\n\n\n<p>A m\u00e9dica Nathalia Zorze Rossetto, preceptora da resid\u00eancia de Pneumologia no InCor (USP) e integrante da equipe da Smart Air, destaca os perigos da exposi\u00e7\u00e3o prolongada \u00e0 polui\u00e7\u00e3o atmosf\u00e9rica. \u201cEstudos associam n\u00edveis elevados de poluentes como PM2,5, oz\u00f4nio (O\u2083) e di\u00f3xido de nitrog\u00eanio (NO\u2082) a um aumento no risco de morte por doen\u00e7as respirat\u00f3rias\u201d, afirma. Ela ressalta que, durante os per\u00edodos de queimadas, as interna\u00e7\u00f5es por problemas respirat\u00f3rios crescem cerca de 20%, especialmente entre grupos mais vulner\u00e1veis.<\/p>\n\n\n\n<p>Apesar da gravidade do problema, o Brasil ainda enfrenta desafios no monitoramento da qualidade do ar. Apenas 1,6% dos munic\u00edpios fornecem dados confi\u00e1veis, segundo o Instituto Nacional de Pesquisas Espaciais (INPE). Em metr\u00f3poles como S\u00e3o Paulo, Rio de Janeiro e regi\u00f5es de Minas Gerais, muitas \u00e1reas j\u00e1 ultrapassam os n\u00edveis considerados seguros para a sa\u00fade humana.<\/p>\n\n\n\n<p>Rossetto chama aten\u00e7\u00e3o para os efeitos das part\u00edculas finas, como o PM2,5, que podem agravar doen\u00e7as como asma, DPOC (Doen\u00e7a Pulmonar Obstrutiva Cr\u00f4nica) e at\u00e9 aumentar o risco de c\u00e2ncer de pulm\u00e3o. \u201cOs impactos s\u00e3o mais severos entre idosos, crian\u00e7as e popula\u00e7\u00f5es em situa\u00e7\u00e3o de vulnerabilidade social\u201d, alerta.<\/p>\n\n\n\n<p>Nesse cen\u00e1rio, os climatizadores surgem como uma alternativa vi\u00e1vel para melhorar a qualidade do ar em ambientes abertos. Os modelos da Smart Air, por exemplo, equipados com filtros G3 que ret\u00eam poeira e part\u00edculas maiores, sem liberar gases nocivos ao meio ambiente, ainda que n\u00e3o substituam purificadores com filtros HEPA, eles contribuem para um ar mais limpo e saud\u00e1vel. \u201c\u00c9 essencial adotar outras medidas complementares, como evitar atividades externas em dias cr\u00edticos e utilizar purificadores adequados\u201d, refor\u00e7a Rossetto.<\/p>\n\n\n\n<p>Segundo a OMS, 99% da popula\u00e7\u00e3o mundial respira ar contaminado por part\u00edculas finas e di\u00f3xido de nitrog\u00eanio, subst\u00e2ncias ligadas a doen\u00e7as respirat\u00f3rias, cardiovasculares e neurol\u00f3gicas. Para enfrentar esse problema, solu\u00e7\u00f5es como as da Smart Air que auxiliam na renova\u00e7\u00e3o do ar s\u00e3o importantes, mas n\u00e3o bastam sozinhas. \u201cO combate \u00e0 polui\u00e7\u00e3o do ar exige a\u00e7\u00e3o coordenada entre governos, empresas e sociedade, com pol\u00edticas p\u00fablicas eficazes e foco na sa\u00fade ambiental e coletiva\u201d, conclui a especialista.<\/p>\n","protected":false},"excerpt":{"rendered":"<p>Sediada em Barra Velha (SC), a empresa desenvolve solu\u00e7\u00f5es sustent\u00e1veis que ajudam a reduzir os impactos da polui\u00e7\u00e3o atmosf\u00e9rica na sa\u00fade, especialmente em grandes centros urbanos<\/p>\n","protected":false},"author":23,"featured_media":2486,"comment_status":"open","ping_status":"open","sticky":false,"template":"","format":"standard","meta":{"footnotes":""},"categories":[1],"tags":[213,212],"class_list":["post-2485","post","type-post","status-publish","format-standard","has-post-thumbnail","hentry","category-geral","tag-qualidade-do-ar","tag-smart-air"],"_links":{"self":[{"href":"https:\/\/cidadenoar.com\/global\/wp-json\/wp\/v2\/posts\/2485","targetHints":{"allow":["GET"]}}],"collection":[{"href":"https:\/\/cidadenoar.com\/global\/wp-json\/wp\/v2\/posts"}],"about":[{"href":"https:\/\/cidadenoar.com\/global\/wp-json\/wp\/v2\/types\/post"}],"author":[{"embeddable":true,"href":"https:\/\/cidadenoar.com\/global\/wp-json\/wp\/v2\/users\/23"}],"replies":[{"embeddable":true,"href":"https:\/\/cidadenoar.com\/global\/wp-json\/wp\/v2\/comments?post=2485"}],"version-history":[{"count":0,"href":"https:\/\/cidadenoar.com\/global\/wp-json\/wp\/v2\/posts\/2485\/revisions"}],"wp:featuredmedia":[{"embeddable":true,"href":"https:\/\/cidadenoar.com\/global\/wp-json\/wp\/v2\/media\/2486"}],"wp:attachment":[{"href":"https:\/\/cidadenoar.com\/global\/wp-json\/wp\/v2\/media?parent=2485"}],"wp:term":[{"taxonomy":"category","embeddable":true,"href":"https:\/\/cidadenoar.com\/global\/wp-json\/wp\/v2\/categories?post=2485"},{"taxonomy":"post_tag","embeddable":true,"href":"https:\/\/cidadenoar.com\/global\/wp-json\/wp\/v2\/tags?post=2485"}],"curies":[{"name":"wp","href":"https:\/\/api.w.org\/{rel}","templated":true}]}}