{"id":2492,"date":"2025-04-25T13:34:07","date_gmt":"2025-04-25T16:34:07","guid":{"rendered":"https:\/\/cidadenoar.com\/?p=2492"},"modified":"2025-07-26T17:45:34","modified_gmt":"2025-07-26T20:45:34","slug":"foi-demitido-saiba-seus-direitos-ou-se-cabe-indenizacao","status":"publish","type":"post","link":"https:\/\/cidadenoar.com\/global\/economia-negocios\/foi-demitido-saiba-seus-direitos-ou-se-cabe-indenizacao\/","title":{"rendered":"FOI DEMITIDO? SAIBA SEUS DIREITOS &#8211; OU SE CABE INDENIZA\u00c7\u00c3O"},"content":{"rendered":"\n<p>Descubra agora mesmo <em>se voc\u00ea recebeu tudo a que tem direito ap\u00f3s a demiss\u00e3o. <em>N\u00e3o deixe seu dinheiro para tr\u00e1s!<\/em><\/em><br><\/p>\n\n\n<div class=\"has-text-align-right wp-block-post-date\"><time datetime=\"2025-04-25T13:34:07-03:00\">25 abril, 2025<\/time><\/div>\n\n\n<figure class=\"wp-block-embed is-type-video is-provider-youtube wp-block-embed-youtube wp-embed-aspect-16-9 wp-has-aspect-ratio\"><div class=\"wp-block-embed__wrapper\">\n<iframe title=\"Tipos de Demiss\u00e3o: Descubra o que voc\u00ea deve receber em cada caso!\" width=\"640\" height=\"360\" src=\"https:\/\/www.youtube.com\/embed\/NX81oP2F97s?feature=oembed\" frameborder=\"0\" allow=\"accelerometer; autoplay; clipboard-write; encrypted-media; gyroscope; picture-in-picture; web-share\" referrerpolicy=\"strict-origin-when-cross-origin\" allowfullscreen><\/iframe>\n<\/div><\/figure>\n\n\n\n<h2 class=\"wp-block-heading\"><strong>O caso do Senhor Jos\u00e9<\/strong><\/h2>\n\n\n\n<p>Vamos come\u00e7ar conhecendo a hist\u00f3ria do seu Jos\u00e9, trabalhador rural que dedicou mais de vinte anos ao cultivo da terra em uma grande fazenda.<\/p>\n\n\n\n<figure class=\"wp-block-image size-large is-resized\"><img fetchpriority=\"high\" decoding=\"async\" width=\"2560\" height=\"1921\" src=\"https:\/\/cidadenoar.com\/wp-content\/uploads\/sites\/22\/2025\/04\/pexels-photo-31745647-31745647-edited-scaled.jpg\" alt=\"A farmer working with a tiller in an open countryside field, preparing the soil for planting.\" class=\"wp-image-2494\" style=\"width:606px;height:auto\" title=\"\" srcset=\"https:\/\/cidadenoar.com\/global\/wp-content\/uploads\/sites\/22\/2025\/04\/pexels-photo-31745647-31745647-edited-scaled.jpg 2560w, https:\/\/cidadenoar.com\/global\/wp-content\/uploads\/sites\/22\/2025\/04\/pexels-photo-31745647-31745647-edited-300x225.jpg 300w, https:\/\/cidadenoar.com\/global\/wp-content\/uploads\/sites\/22\/2025\/04\/pexels-photo-31745647-31745647-edited-1024x768.jpg 1024w, https:\/\/cidadenoar.com\/global\/wp-content\/uploads\/sites\/22\/2025\/04\/pexels-photo-31745647-31745647-edited-768x576.jpg 768w, https:\/\/cidadenoar.com\/global\/wp-content\/uploads\/sites\/22\/2025\/04\/pexels-photo-31745647-31745647-edited-1536x1152.jpg 1536w, https:\/\/cidadenoar.com\/global\/wp-content\/uploads\/sites\/22\/2025\/04\/pexels-photo-31745647-31745647-edited-2048x1537.jpg 2048w\" sizes=\"(max-width: 2560px) 100vw, 2560px\" \/><figcaption class=\"wp-element-caption\">Na foto, seu Jos\u00e9 est\u00e1 trabalhando na fazenda. Com sol a pino ou chuva fina, seu Jos\u00e9 cumpria sua rotina di\u00e1ria na fazenda, sempre com muita dedica\u00e7\u00e3o. Homem do campo, da terra, trabalhador leal.<br><\/figcaption><\/figure>\n\n\n\n<p>Certo dia, foi informado de sua demiss\u00e3o de forma repentina e sem explica\u00e7\u00f5es. Sem saber se estava recebendo tudo corretamente, ele decidiu procurar ajuda jur\u00eddica. Com orienta\u00e7\u00e3o adequada, descobriu que tinha direitos ao saldo de sal\u00e1rio, f\u00e9rias e FGTS, e ainda ficou surpreso ao saber que tinha direito tamb\u00e9m a indeniza\u00e7\u00f5es por condi\u00e7\u00f5es prec\u00e1rias e horas extras n\u00e3o pagas.<\/p>\n\n\n\n<p>Assim como o empregador tem todo o direito de exigir que o trabalhador cumpra com zelo e responsabilidade o que foi firmado em contrato, tamb\u00e9m o empregado deve cobrar que seus esfor\u00e7os sejam devidamente reconhecidos e pagos, com respeito aos prazos, condi\u00e7\u00f5es de trabalho e \u00e0s garantias previstas em lei.<\/p>\n\n\n\n<p>O caso do seu Jos\u00e9 demonstra que, independentemente do tipo de trabalho realizado, todos t\u00eam direito ao reconhecimento justo por seus esfor\u00e7os.<\/p>\n\n\n\n<p><mark class=\"has-inline-color has-vivid-cyan-blue-color\">Agora que voc\u00ea entendeu a import\u00e2ncia de buscar seus direitos, vamos falar sobre eles.<\/mark><\/p>\n\n\n\n<h3 class=\"wp-block-heading\"><strong>Primeiro Passo: Entenda Sua Demiss\u00e3o<\/strong><\/h3>\n\n\n\n<p>Ser surpreendido com uma <a href=\"https:\/\/www.instagram.com\/p\/CIjYfLcj3N2\/\" target=\"_blank\" rel=\"noopener\">demiss\u00e3o<\/a> \u00e9 sempre um momento complicado. Imagine o que n\u00e3o pensou o seu Jos\u00e9, coitado. Vinte anos de trabalho duro e ser demitido sem qualquer justificativa, sem motivo.<\/p>\n\n\n\n<p>Voc\u00ea sai da sala do chefe com d\u00favidas na cabe\u00e7a e um frio na barriga. Afinal, como saber se tudo que aconteceu foi correto? E se voc\u00ea estiver deixando passar algum direito importante?<\/p>\n\n\n\n<p>Primeiro, respire fundo: voc\u00ea n\u00e3o est\u00e1 sozinho. Muitos trabalhadores acabam aceitando situa\u00e7\u00f5es injustas simplesmente por n\u00e3o <a href=\"https:\/\/www.instagram.com\/p\/COoCpwgLNfM\/\" target=\"_blank\" rel=\"noopener\">saberem identificar<\/a> irregularidades na demiss\u00e3o. Este artigo veio para evitar que voc\u00ea seja uma dessas pessoas. Ent\u00e3o, continue aproveitando a sua leitura.<\/p>\n\n\n\n<h3 class=\"wp-block-heading\"><strong>Tipos de Demiss\u00e3o: Conhe\u00e7a os Seus Direitos<\/strong><\/h3>\n\n\n\n<p>A primeira coisa a entender \u00e9 que nem toda demiss\u00e3o \u00e9 igual. Uma dispensa sem justa causa \u00e9 diferente de uma por justa causa ou por acordo. E cada situa\u00e7\u00e3o implica direitos e deveres espec\u00edficos.<\/p>\n\n\n\n<p>Vamos falar brevemente sobre os tr\u00eas principais tipos de rescis\u00e3o contratual e os principais direitos dentro dessas categorias: a demiss\u00e3o sem justa causa, a demiss\u00e3o com justa causa, e o pedido de demiss\u00e3o por parte do empregado.<\/p>\n\n\n\n<p><mark class=\"has-inline-color has-vivid-cyan-blue-color\">Leia com muita aten\u00e7\u00e3o.<\/mark><\/p>\n\n\n\n<h2 class=\"wp-block-heading has-text-align-center\"><strong>1. Demiss\u00e3o sem Justa Causa<\/strong><\/h2>\n\n\n\n<p>A <a href=\"https:\/\/www.instagram.com\/p\/CIqNzJFpti1\/\" target=\"_blank\" rel=\"noopener\">demiss\u00e3o sem justa causa<\/a> \u00e9 o tipo mais comum de rescis\u00e3o, quando a empresa decide encerrar o contrato sem motivo espec\u00edfico. Nesse caso, voc\u00ea tem direito a:<\/p>\n\n\n\n<ul class=\"wp-block-list\">\n<li><strong>Aviso pr\u00e9vio<\/strong>: Per\u00edodo de tempo antes do desligamento efetivo, pode ser trabalhado ou indenizado (pago sem precisar trabalhar). Mas, aten\u00e7\u00e3o, n\u00e3o existe \u201ccumprir o aviso em casa\u201d, se isso ocorrer, procure um advogado, voc\u00ea tem direito a indeniza\u00e7\u00e3o!<\/li>\n\n\n\n<li><strong>FGTS e multa de 40%<\/strong>: Voc\u00ea pode sacar o saldo do Fundo de Garantia do Tempo de Servi\u00e7o (FGTS) e receber uma multa adicional de 40% do valor total depositado pela empresa.<\/li>\n\n\n\n<li><strong>Seguro-desemprego<\/strong>: Benef\u00edcio tempor\u00e1rio que auxilia o trabalhador at\u00e9 conseguir um novo emprego, desde que atenda aos requisitos legais.<\/li>\n\n\n\n<li><strong>F\u00e9rias vencidas e proporcionais + 1\/3<\/strong>: Pagamento referente \u00e0s f\u00e9rias acumuladas e \u00e0s proporcionais ao per\u00edodo trabalhado, com acr\u00e9scimo de um ter\u00e7o sobre o valor.<\/li>\n\n\n\n<li><strong>13\u00ba sal\u00e1rio proporcional<\/strong>: Referente ao tempo trabalhado durante o ano.<\/li>\n\n\n\n<li><strong>Saldo de sal\u00e1rio<\/strong>: Pagamento pelos dias efetivamente trabalhados no m\u00eas da rescis\u00e3o. E aten\u00e7\u00e3o, se voc\u00ea trabalho mais de 14 dias, possui direito a um m\u00eas adicional no c\u00e1lculo dos proporcionais de f\u00e9rias e 13\u00b0.<\/li>\n<\/ul>\n\n\n\n<p>Se voc\u00ea percebeu que algum desses itens n\u00e3o foi pago, \u00e9 hora de procurar ajuda jur\u00eddica imediatamente.<\/p>\n\n\n\n<h2 class=\"wp-block-heading has-text-align-center\"><strong>2. Demiss\u00e3o com Justa Causa<\/strong><\/h2>\n\n\n\n<p>A demiss\u00e3o por justa causa ocorre quando o empregador afirma que voc\u00ea cometeu uma falta grave. Por\u00e9m, essa modalidade precisa ser bem fundamentada e comprovada com provas concretas. Caso contr\u00e1rio, pode ser revertida na Justi\u00e7a do Trabalho.<\/p>\n\n\n\n<p>Nessa situa\u00e7\u00e3o, voc\u00ea ter\u00e1 direito apenas ao:<\/p>\n\n\n\n<ul class=\"wp-block-list\">\n<li><strong>Saldo de sal\u00e1rio<\/strong>: Pagamento pelos dias trabalhados at\u00e9 o desligamento.<\/li>\n\n\n\n<li><strong>F\u00e9rias vencidas acrescidas de 1\/3<\/strong>: Apenas se houver f\u00e9rias acumuladas.<\/li>\n<\/ul>\n\n\n\n<p>Se a justa causa for revertida, voc\u00ea poder\u00e1 exigir todos os direitos da demiss\u00e3o sem justa causa, al\u00e9m de poss\u00edveis indeniza\u00e7\u00f5es adicionais.<\/p>\n\n\n\n<h2 class=\"wp-block-heading has-text-align-center\"><strong>3. Pedido de Demiss\u00e3o<\/strong><\/h2>\n\n\n\n<p>Quando voc\u00ea decide sair por iniciativa pr\u00f3pria, tamb\u00e9m h\u00e1 direitos garantidos. Por\u00e9m, eles s\u00e3o um pouco diferentes. No <a href=\"https:\/\/www.instagram.com\/p\/CKytsvPDHE8\/\" target=\"_blank\" rel=\"noopener\">pedido de demiss\u00e3o<\/a> voc\u00ea receber\u00e1:<\/p>\n\n\n\n<ul class=\"wp-block-list\">\n<li><strong>Saldo de sal\u00e1rio<\/strong>: Recebe pelos dias que efetivamente trabalhou.<\/li>\n\n\n\n<li><strong>F\u00e9rias vencidas e proporcionais + 1\/3<\/strong>: Pagamento das f\u00e9rias acumuladas e proporcionais com adicional de um ter\u00e7o.<\/li>\n\n\n\n<li><strong>13\u00ba sal\u00e1rio proporcional<\/strong>: Referente ao per\u00edodo trabalhado durante o ano.<\/li>\n<\/ul>\n\n\n\n<p>Neste caso, voc\u00ea perde o direito \u00e0 multa do FGTS, ao saque do FGTS depositado e ao seguro-desemprego. Importante formalizar seu <a href=\"https:\/\/www.instagram.com\/p\/CLh6_KYJUWi\/\" target=\"_blank\" rel=\"noopener\">pedido<\/a> com clareza e verificar se todos os valores est\u00e3o sendo pagos corretamente (e se foram depositados mensalmente os valores referente ao seu FGTS.<\/p>\n\n\n\n<h2 class=\"wp-block-heading\"><strong>Quando a Demiss\u00e3o Pode Gerar Indeniza\u00e7\u00e3o?<\/strong><\/h2>\n\n\n\n<p>Outro ponto importante: a forma como a empresa conduziu sua dispensa. Sabia que uma demiss\u00e3o humilhante, discriminat\u00f3ria ou constrangedora pode render uma indeniza\u00e7\u00e3o por danos morais? Sim, voc\u00ea pode ser compensado financeiramente caso tenha sofrido algum tipo de abuso ou exposi\u00e7\u00e3o indevida.<\/p>\n\n\n\n<h2 class=\"wp-block-heading\"><strong>Assinou Algo Sem Entender? Ainda D\u00e1 Tempo!<\/strong><\/h2>\n\n\n\n<p>Se voc\u00ea assinou documentos rapidamente, sem entender direito o que estava escrito, n\u00e3o se preocupe. Ainda \u00e9 poss\u00edvel revisar sua situa\u00e7\u00e3o e, se necess\u00e1rio, questionar judicialmente. Muitas pessoas acabam prejudicadas porque acreditam que, depois de assinar os pap\u00e9is, n\u00e3o h\u00e1 mais nada a fazer. Isso n\u00e3o \u00e9 verdade!<\/p>\n\n\n\n<h2 class=\"wp-block-heading\"><strong>O que Fazer Agora?<\/strong><\/h2>\n\n\n\n<p>Agora voc\u00ea deve estar se perguntando: &#8220;Ok, percebi que talvez minha rescis\u00e3o tenha algo errado, mas e agora?&#8221;. \u00c9 a\u00ed que entra a import\u00e2ncia de buscar orienta\u00e7\u00e3o especializada. Um advogado trabalhista pode te ajudar a verificar todos os detalhes da sua rescis\u00e3o, identificar erros e, se for o caso, entrar com uma a\u00e7\u00e3o para garantir seus direitos e uma poss\u00edvel indeniza\u00e7\u00e3o.<\/p>\n\n\n\n<p><\/p>\n\n\n\n<p><\/p>\n\n\n\n<p><\/p>\n\n\n\n<h2 class=\"wp-block-heading\"><strong>N\u00e3o Abra M\u00e3o dos Seus Direitos<\/strong><\/h2>\n\n\n\n<p>Importante lembrar que, al\u00e9m dos direitos listados, existem outros que podem variar conforme cada situa\u00e7\u00e3o. Por isso, \u00e9 importante procurar a orienta\u00e7\u00e3o de um advogado de confian\u00e7a. N\u00e3o fique com d\u00favidas &#8211; fa\u00e7a como o seu Jos\u00e9, busque informa\u00e7\u00e3o, reivindique o que \u00e9 seu por direito e garanta a valoriza\u00e7\u00e3o do seu trabalho.<\/p>\n\n\n\n<p>N\u00e3o aceite perder direitos que s\u00e3o seus por lei. A <a href=\"https:\/\/youtu.be\/NX81oP2F97s\" data-type=\"link\" data-id=\"https:\/\/youtu.be\/NX81oP2F97s\" target=\"_blank\" rel=\"noopener\">rescis\u00e3o contratual<\/a> precisa ser justa, correta e transparente. Voc\u00ea tem o direito &#8211; e at\u00e9 o dever consigo mesmo &#8211; de lutar por repara\u00e7\u00e3o adequada. A luta pelo direito.<\/p>\n\n\n\n<p>Est\u00e1 inseguro? Procure aux\u00edlio jur\u00eddico especializado. A hora de agir \u00e9 agora.<\/p>\n\n\n\n<p><\/p>\n\n\n\n<h4 class=\"wp-block-heading\"><\/h4>\n\n\n\n<blockquote class=\"wp-block-quote is-style-default is-layout-flow wp-block-quote-is-layout-flow\">\n<p><\/p>\n<\/blockquote>\n\n\n<div class=\"wp-block-post-author wp-duotone-unset-1\"><div class=\"wp-block-post-author__avatar\"><img decoding=\"async\" alt=\"Avatar photo\" src=\"http:\/\/cidadenoar.com\/wp-content\/uploads\/sites\/22\/2025\/04\/cropped-geov-48x48.jpeg\" srcset=\"http:\/\/cidadenoar.com\/wp-content\/uploads\/sites\/22\/2025\/04\/cropped-geov-96x96.jpeg 2x\" class=\"avatar avatar-48 photo\" height=\"48\" width=\"48\" title=\"\"><\/div><div class=\"wp-block-post-author__content\"><p class=\"wp-block-post-author__byline\">Geovani Menezes \u00e9 mestrando em Ci\u00eancias Jur\u00eddicas e Bacharel em Direito pela Universidade Cesumar &#8211; UniCesumar (Campus Maring\u00e1\/PR), sendo bolsista do Programa de Suporte \u00e0 P\u00f3s-Gradua\u00e7\u00e3o de Institui\u00e7\u00f5es de Ensino Particulares (PROSUP\/CAPES). P\u00f3s graduando em Direito Notarial e Registral pelo Centro Universit\u00e1rio Cidade Verde &#8211; UniCV (Maring\u00e1\/PR). Pesquisador vinculado \u00e0 CAPES, ICETI, CNPq e FA. desenvolve pesquisas em direito com enfoque nas \u00e1reas de direitos da personalidade, desjudicializa\u00e7\u00e3o e acesso \u00e0 justi\u00e7a.<br><br>Geovani \u00e9 o mais novo colunista do portal <strong>CidadeNoAr.com<\/strong>, autor da coluna Direito Notarial e Registral, na qual aborda temas relacionados aos cart\u00f3rios, direitos da personalidade e \u00e0 fun\u00e7\u00e3o cidad\u00e3 do extrajudicial.<br>Contato: geovani_menezes@hotmail.com.br.\u00a0<\/p><p class=\"wp-block-post-author__name\">Geovani Menezes<\/p><\/div><\/div>\n\n\n<p>Siga o autor no instagram: <a href=\"http:\/\/instagram.com\/geovani.menezes\/\" data-type=\"link\" data-id=\"instagram.com\/geovani.menezes\/\" target=\"_blank\" rel=\"noopener\">@geovanimenezes<\/a> &#8211; l\u00e1 o Direito \u00e9 direto.<\/p>\n\n\n\n<ul class=\"wp-block-social-links is-content-justification-right is-layout-flex wp-container-core-social-links-is-layout-765c4724 wp-block-social-links-is-layout-flex\"><li class=\"wp-social-link wp-social-link-instagram  wp-block-social-link\"><a href=\"https:\/\/instagram.com\/geovani.menezes\/\" class=\"wp-block-social-link-anchor\" target=\"_blank\" rel=\"noopener\"><svg width=\"24\" height=\"24\" viewBox=\"0 0 24 24\" version=\"1.1\" xmlns=\"http:\/\/www.w3.org\/2000\/svg\" aria-hidden=\"true\" focusable=\"false\"><path d=\"M12,4.622c2.403,0,2.688,0.009,3.637,0.052c0.877,0.04,1.354,0.187,1.671,0.31c0.42,0.163,0.72,0.358,1.035,0.673 c0.315,0.315,0.51,0.615,0.673,1.035c0.123,0.317,0.27,0.794,0.31,1.671c0.043,0.949,0.052,1.234,0.052,3.637 s-0.009,2.688-0.052,3.637c-0.04,0.877-0.187,1.354-0.31,1.671c-0.163,0.42-0.358,0.72-0.673,1.035 c-0.315,0.315-0.615,0.51-1.035,0.673c-0.317,0.123-0.794,0.27-1.671,0.31c-0.949,0.043-1.233,0.052-3.637,0.052 s-2.688-0.009-3.637-0.052c-0.877-0.04-1.354-0.187-1.671-0.31c-0.42-0.163-0.72-0.358-1.035-0.673 c-0.315-0.315-0.51-0.615-0.673-1.035c-0.123-0.317-0.27-0.794-0.31-1.671C4.631,14.688,4.622,14.403,4.622,12 s0.009-2.688,0.052-3.637c0.04-0.877,0.187-1.354,0.31-1.671c0.163-0.42,0.358-0.72,0.673-1.035 c0.315-0.315,0.615-0.51,1.035-0.673c0.317-0.123,0.794-0.27,1.671-0.31C9.312,4.631,9.597,4.622,12,4.622 M12,3 C9.556,3,9.249,3.01,8.289,3.054C7.331,3.098,6.677,3.25,6.105,3.472C5.513,3.702,5.011,4.01,4.511,4.511 c-0.5,0.5-0.808,1.002-1.038,1.594C3.25,6.677,3.098,7.331,3.054,8.289C3.01,9.249,3,9.556,3,12c0,2.444,0.01,2.751,0.054,3.711 c0.044,0.958,0.196,1.612,0.418,2.185c0.23,0.592,0.538,1.094,1.038,1.594c0.5,0.5,1.002,0.808,1.594,1.038 c0.572,0.222,1.227,0.375,2.185,0.418C9.249,20.99,9.556,21,12,21s2.751-0.01,3.711-0.054c0.958-0.044,1.612-0.196,2.185-0.418 c0.592-0.23,1.094-0.538,1.594-1.038c0.5-0.5,0.808-1.002,1.038-1.594c0.222-0.572,0.375-1.227,0.418-2.185 C20.99,14.751,21,14.444,21,12s-0.01-2.751-0.054-3.711c-0.044-0.958-0.196-1.612-0.418-2.185c-0.23-0.592-0.538-1.094-1.038-1.594 c-0.5-0.5-1.002-0.808-1.594-1.038c-0.572-0.222-1.227-0.375-2.185-0.418C14.751,3.01,14.444,3,12,3L12,3z M12,7.378 c-2.552,0-4.622,2.069-4.622,4.622S9.448,16.622,12,16.622s4.622-2.069,4.622-4.622S14.552,7.378,12,7.378z M12,15 c-1.657,0-3-1.343-3-3s1.343-3,3-3s3,1.343,3,3S13.657,15,12,15z M16.804,6.116c-0.596,0-1.08,0.484-1.08,1.08 s0.484,1.08,1.08,1.08c0.596,0,1.08-0.484,1.08-1.08S17.401,6.116,16.804,6.116z\"><\/path><\/svg><span class=\"wp-block-social-link-label screen-reader-text\">Instagram<\/span><\/a><\/li><\/ul>\n\n\n\t<div id=\"respond\" class=\"comment-respond wp-block-post-comments-form\">\n\t\t<h3 id=\"reply-title\" class=\"comment-reply-title\">Deixe um coment\u00e1rio <small><a rel=\"nofollow\" id=\"cancel-comment-reply-link\" href=\"\/global\/wp-json\/wp\/v2\/posts\/2492#respond\" style=\"display:none;\">Cancelar resposta<\/a><\/small><\/h3><form action=\"https:\/\/cidadenoar.com\/global\/wp-comments-post.php\" method=\"post\" id=\"commentform\" class=\"comment-form\"><p class=\"comment-notes\"><span id=\"email-notes\">O seu endere\u00e7o de e-mail n\u00e3o ser\u00e1 publicado.<\/span> <span class=\"required-field-message\">Campos obrigat\u00f3rios s\u00e3o marcados com <span class=\"required\">*<\/span><\/span><\/p><p class=\"comment-form-comment\"><label for=\"comment\">Coment\u00e1rio <span class=\"required\">*<\/span><\/label> <textarea id=\"comment\" name=\"comment\" cols=\"45\" rows=\"8\" maxlength=\"65525\" required><\/textarea><\/p><p class=\"comment-form-author\"><label for=\"author\">Nome <span class=\"required\">*<\/span><\/label> <input id=\"author\" name=\"author\" type=\"text\" value=\"\" size=\"30\" maxlength=\"245\" autocomplete=\"name\" required \/><\/p>\n<p class=\"comment-form-email\"><label for=\"email\">E-mail <span class=\"required\">*<\/span><\/label> <input id=\"email\" name=\"email\" type=\"email\" value=\"\" size=\"30\" maxlength=\"100\" aria-describedby=\"email-notes\" autocomplete=\"email\" required \/><\/p>\n<p class=\"comment-form-url\"><label for=\"url\">Site<\/label> <input id=\"url\" name=\"url\" type=\"url\" value=\"\" size=\"30\" maxlength=\"200\" autocomplete=\"url\" \/><\/p>\n<p class=\"comment-form-cookies-consent\"><input id=\"wp-comment-cookies-consent\" name=\"wp-comment-cookies-consent\" type=\"checkbox\" value=\"yes\" \/> <label for=\"wp-comment-cookies-consent\">Salvar meus dados neste navegador para a pr\u00f3xima vez que eu comentar.<\/label><\/p>\n<p class=\"form-submit\"><input name=\"submit\" type=\"submit\" id=\"submit\" class=\"submit\" value=\"Publicar coment\u00e1rio\" \/> <input type='hidden' name='comment_post_ID' value='2492' id='comment_post_ID' \/>\n<input type='hidden' name='comment_parent' id='comment_parent' value='0' \/>\n<\/p><\/form>\t<\/div><!-- #respond -->\n\t\n\n\n\n\n<p><\/p>\n","protected":false},"excerpt":{"rendered":"<p>Descubra quais direitos voc\u00ea tem ap\u00f3s a demiss\u00e3o e saiba como identificar erros na sua rescis\u00e3o.<\/p>\n","protected":false},"author":27,"featured_media":2495,"comment_status":"open","ping_status":"open","sticky":false,"template":"","format":"standard","meta":{"footnotes":"[]"},"categories":[289],"tags":[219,225,214,222,218,223,220,226,221,224,215,216,217],"class_list":["post-2492","post","type-post","status-publish","format-standard","has-post-thumbnail","hentry","category-economia-negocios","tag-aviso-previo","tag-dicas-juridicas","tag-direito-do-trabalho","tag-direitos-trabalhistas","tag-fgts","tag-indenizacao-por-demissao","tag-justa-causa","tag-orientacao-trabalhista","tag-pedido-de-demissao","tag-relacoes-de-trabalho","tag-rescisao-contratual","tag-tipos-de-demissao","tag-verbas-rescisorias"],"_links":{"self":[{"href":"https:\/\/cidadenoar.com\/global\/wp-json\/wp\/v2\/posts\/2492","targetHints":{"allow":["GET"]}}],"collection":[{"href":"https:\/\/cidadenoar.com\/global\/wp-json\/wp\/v2\/posts"}],"about":[{"href":"https:\/\/cidadenoar.com\/global\/wp-json\/wp\/v2\/types\/post"}],"author":[{"embeddable":true,"href":"https:\/\/cidadenoar.com\/global\/wp-json\/wp\/v2\/users\/27"}],"replies":[{"embeddable":true,"href":"https:\/\/cidadenoar.com\/global\/wp-json\/wp\/v2\/comments?post=2492"}],"version-history":[{"count":1,"href":"https:\/\/cidadenoar.com\/global\/wp-json\/wp\/v2\/posts\/2492\/revisions"}],"predecessor-version":[{"id":5229,"href":"https:\/\/cidadenoar.com\/global\/wp-json\/wp\/v2\/posts\/2492\/revisions\/5229"}],"wp:featuredmedia":[{"embeddable":true,"href":"https:\/\/cidadenoar.com\/global\/wp-json\/wp\/v2\/media\/2495"}],"wp:attachment":[{"href":"https:\/\/cidadenoar.com\/global\/wp-json\/wp\/v2\/media?parent=2492"}],"wp:term":[{"taxonomy":"category","embeddable":true,"href":"https:\/\/cidadenoar.com\/global\/wp-json\/wp\/v2\/categories?post=2492"},{"taxonomy":"post_tag","embeddable":true,"href":"https:\/\/cidadenoar.com\/global\/wp-json\/wp\/v2\/tags?post=2492"}],"curies":[{"name":"wp","href":"https:\/\/api.w.org\/{rel}","templated":true}]}}