{"id":2532,"date":"2025-04-25T16:32:57","date_gmt":"2025-04-25T19:32:57","guid":{"rendered":"https:\/\/cidadenoar.com\/?p=2532"},"modified":"2025-07-26T18:13:44","modified_gmt":"2025-07-26T21:13:44","slug":"urbano-alimentos-celebra-65-anos-com-patricia-abravanel-na-campanha-alem-do-seu-sonho","status":"publish","type":"post","link":"https:\/\/cidadenoar.com\/global\/geral\/urbano-alimentos-celebra-65-anos-com-patricia-abravanel-na-campanha-alem-do-seu-sonho\/","title":{"rendered":"Urbano Alimentos celebra 65 anos com Patr\u00edcia Abravanel na campanha &#8220;Al\u00e9m do seu sonho&#8221;"},"content":{"rendered":"\n<p>A Urbano Alimentos, uma das maiores empresas brasileiras do setor aliment\u00edcio, celebra 65 anos com a promo\u00e7\u00e3o &#8220;Al\u00e9m do seu sonho\u201d.<\/p>\n\n\n\n<p>A a\u00e7\u00e3o distribuir\u00e1 centenas de pr\u00eamios, como vale brindes de R$ 500 em carteira digital, iPhones, kits de cozinha completa \u2013 como sugest\u00e3o de aquisi\u00e7\u00e3o de pr\u00eamios \u2013 e tr\u00eas carros el\u00e9tricos 0 km no final da promo\u00e7\u00e3o.<\/p>\n\n\n\n<p>Um dos destaques \u00e9 a participa\u00e7\u00e3o de Patr\u00edcia Abravanel como rosto da campanha. Presen\u00e7a marcante na televis\u00e3o brasileira, a apresentadora do programa Silvio Santos estrela o comercial publicit\u00e1rio que ser\u00e1 exibido em TV aberta e canais digitais.<\/p>\n\n\n\n<p>Como parte da divulga\u00e7\u00e3o da campanha, a marca tamb\u00e9m estar\u00e1 presente aos domingos no SBT \u2013 no programa Silvio Santos. A parceria com o programa, l\u00edder de audi\u00eancia da emissora em 2024, amplia o alcance nacional da promo\u00e7\u00e3o e permite que a marca fale diretamente com o p\u00fablico que consome seus produtos todos os dias, fortalecendo a lembran\u00e7a e a identifica\u00e7\u00e3o com os valores da empresa.<\/p>\n\n\n\n<p>Para participar, basta comprar qualquer produto das marcas da Urbano Alimentos (Urbano, Broto Legal, Sabor M\u00e1ximo, Koblenz, Gr\u00e3o de Campo, Serrazul, Vila Nova, e Belchior) e cadastrar o cupom fiscal no site oficial da promo\u00e7\u00e3o no per\u00edodo de participa\u00e7\u00e3o (25 de abril at\u00e9 9 de agosto de 2025).<\/p>\n\n\n\n<p>Al\u00e9m disso, compras que incluam dois produtos de categorias diferentes no mesmo cupom garantem um n\u00famero da sorte extra. Exemplo: 1 arroz = 1 n\u00famero da sorte; 1 arroz + 1 feij\u00e3o = 2 n\u00fameros da sorte.<\/p>\n\n\n\n<p>A cria\u00e7\u00e3o e concep\u00e7\u00e3o da campanha \u00e9 a ag\u00eancia N\/Brasil Comunica\u00e7\u00e3o e o Depto de Marketing da Urbano.<\/p>\n\n\n\n<p>Sediada em Jaragu\u00e1 do Sul (SC), a Urbano \u00e9 reconhecida por sua atua\u00e7\u00e3o inovadora no segmento de massas, especialmente com a linha de macarr\u00e3o sem gl\u00faten. A empresa atua no beneficiamento de arroz, feij\u00e3o, farinha e macarr\u00e3o de arroz e conta com mais de 1.700 colaboradores em 19 unidades pelo Brasil e uma produ\u00e7\u00e3o mensal de mais de 60 mil toneladas de alimentos.<\/p>\n\n\n\n<p>Com a campanha, a Urbano Alimentos refor\u00e7a o compromisso com a inova\u00e7\u00e3o e o carinho com as fam\u00edlias brasileiras. Para participar da promo\u00e7\u00e3o e conhecer o regulamento completo, acesse <a href=\"http:\/\/www.promocaourbano.com.br\/\" target=\"_blank\" rel=\"noopener\">www.promocaourbano.com.br<\/a><\/p>\n","protected":false},"excerpt":{"rendered":"<p>Promo\u00e7\u00e3o \u00e9 v\u00e1lida para os clientes das 8 marcas da empresa<\/p>\n","protected":false},"author":23,"featured_media":2533,"comment_status":"open","ping_status":"open","sticky":false,"template":"","format":"standard","meta":{"footnotes":""},"categories":[1],"tags":[234,157,233],"class_list":["post-2532","post","type-post","status-publish","format-standard","has-post-thumbnail","hentry","category-geral","tag-campanha","tag-comunicacao","tag-urbano"],"_links":{"self":[{"href":"https:\/\/cidadenoar.com\/global\/wp-json\/wp\/v2\/posts\/2532","targetHints":{"allow":["GET"]}}],"collection":[{"href":"https:\/\/cidadenoar.com\/global\/wp-json\/wp\/v2\/posts"}],"about":[{"href":"https:\/\/cidadenoar.com\/global\/wp-json\/wp\/v2\/types\/post"}],"author":[{"embeddable":true,"href":"https:\/\/cidadenoar.com\/global\/wp-json\/wp\/v2\/users\/23"}],"replies":[{"embeddable":true,"href":"https:\/\/cidadenoar.com\/global\/wp-json\/wp\/v2\/comments?post=2532"}],"version-history":[{"count":0,"href":"https:\/\/cidadenoar.com\/global\/wp-json\/wp\/v2\/posts\/2532\/revisions"}],"wp:featuredmedia":[{"embeddable":true,"href":"https:\/\/cidadenoar.com\/global\/wp-json\/wp\/v2\/media\/2533"}],"wp:attachment":[{"href":"https:\/\/cidadenoar.com\/global\/wp-json\/wp\/v2\/media?parent=2532"}],"wp:term":[{"taxonomy":"category","embeddable":true,"href":"https:\/\/cidadenoar.com\/global\/wp-json\/wp\/v2\/categories?post=2532"},{"taxonomy":"post_tag","embeddable":true,"href":"https:\/\/cidadenoar.com\/global\/wp-json\/wp\/v2\/tags?post=2532"}],"curies":[{"name":"wp","href":"https:\/\/api.w.org\/{rel}","templated":true}]}}