{"id":2571,"date":"2025-04-29T16:15:52","date_gmt":"2025-04-29T19:15:52","guid":{"rendered":"https:\/\/cidadenoar.com\/?p=2571"},"modified":"2025-07-26T17:42:43","modified_gmt":"2025-07-26T20:42:43","slug":"warung-day-festival-celebra-10-anos-com-edicao-historica-em-curitiba","status":"publish","type":"post","link":"https:\/\/cidadenoar.com\/global\/cultura-lazer\/warung-day-festival-celebra-10-anos-com-edicao-historica-em-curitiba\/","title":{"rendered":"Warung\u00a0Day\u00a0Festival\u00a0celebra 10 Anos com edi\u00e7\u00e3o hist\u00f3rica em Curitiba"},"content":{"rendered":"\n<p>Evento de m\u00fasica eletr\u00f4nica mais conceituado do Brasil, refer\u00eancia internacional e chamado de \u201cmelhor dia do ano\u201d pelos f\u00e3s do g\u00eanero, o\u00a0Warung\u00a0Day\u00a0Festival\u00a0chegar\u00e1 em sua 10\u00aa edi\u00e7\u00e3o neste ano de 2025. Na Pedreira Paulo Leminski e na \u00d3pera de Arame, dois cart\u00f5es-postais de Curitiba (PR), o WDF vai celebrar uma d\u00e9cada de \u00eaxito no pr\u00f3ximo dia 3 de maio, um s\u00e1bado, com atra\u00e7\u00f5es em tr\u00eas palcos diferentes e 12 horas ininterruptas de festa, das 13h \u00e0 1h.<br><\/p>\n\n\n\n<p>\u201cO\u00a0Warung\u00a0Day\u00a0Festival\u00a0\u00e9 um evento independente, com DNA brasileiro, original, e criado em Curitiba. Come\u00e7amos do nosso jeito, do zero e, felizmente, podemos dizer que chegamos a dez edi\u00e7\u00f5es no auge. At\u00e9 ent\u00e3o, foram nove anos com um crescimento constante de p\u00fablico, reunindo diferentes gera\u00e7\u00f5es e pessoas do mundo inteiro\u201d, diz Gustavo Conti, s\u00f3cio e idealizador do WDF ao lado de Luis Gustavo Zagonel, Patrik Cornelsen, Carlos Civitate (Jej\u00ea) e Gustavo Rassi.\u00a0<br><\/p>\n\n\n\n<p>Reconhecido por sua capacidade de reunir gera\u00e7\u00f5es e movimentar a cena musical curitibana, com uma audi\u00eancia internacional crescente, o WDF chegar\u00e1 ao seu anivers\u00e1rio de 10 anos com uma estrutura imersiva e atra\u00e7\u00f5es de peso, como \u00c2me live, Cinthie, DJ Tennis, Hernan Cattaneo, Joseph Capriati, Kerri Chandler, Nina Kraviz, Patrice B\u00e4umel, Simon Vuarambon e Vintage Culture. Al\u00e9m disso, o lineup<br>tamb\u00e9m contempla a presen\u00e7a de artistas como Albuquerque, Badaro, Bakka, Bhaskar, Sarah Stenzel, Eli Iwasa, Enrico &amp; Carmo, Jackson, Nezello e Zac.<br>\u00a0<br><strong>Impacto no turismo local<br><\/strong>\u00a0<br>O mapeamento da venda de ingressos do WDF alcan\u00e7a os cinco continentes e comprova a diversidade do p\u00fablico como uma das caracter\u00edsticas do\u00a0festival. Cerca de 60% dos compradores de entradas s\u00e3o de fora de Curitiba, boa parte estrangeiros, oriundos principalmente de pa\u00edses da Am\u00e9rica do Sul como Argentina, Chile, Uruguai, Paraguai e Col\u00f4mbia. Entre os participantes de mais de 50 nacionalidades est\u00e3o<br>tamb\u00e9m turistas do Canad\u00e1, Su\u00e9cia, \u00cdndia, Austr\u00e1lia, Portugal e Estados Unidos.\u00a0<br><\/p>\n\n\n\n<p>A realiza\u00e7\u00e3o do\u00a0Warung\u00a0Day\u00a0Festival\u00a0\u00e9 considerada como uma data importante no calend\u00e1rio anual do mercado curitibano. Representa um aumento significativo na demanda por hospedagem, restaurantes, lojas e servi\u00e7os em geral. E coloca a capital do Paran\u00e1, reconhecida como um polo de m\u00fasica eletr\u00f4nica, na rota dos grandes festivais musicais do pa\u00eds. \u00a0\u201cA Secretaria de Turismo de Curitiba reconhece o\u00a0festival\u00a0como um dos principais atrativos para turistas internacionais. A estrutura e o atendimento oferecidos pela cidade s\u00e3o reconhecidos como de alto padr\u00e3o, contribuindo para que os visitantes se apaixonem pela cidade. E a parceria com empresas locais e o apoio da Prefeitura s\u00e3o fundamentais para o sucesso do evento\u201d, comenta Luis Gustavo Zagonel.<br><\/p>\n\n\n\n<p>Neste ano, pelo fato de ser realizado no feriad\u00e3o de 1\u00ba de maio, Dia do Trabalhador, o potencial tur\u00edstico do WDF tem tudo para ser inflado. \u201cPor ser realizado na semana do feriado, temos certeza de que o\u00a0festival\u00a0entrar\u00e1 ainda mais na programa\u00e7\u00e3o de f\u00e3s de diversas partes do pa\u00eds. Queremos envolver ao m\u00e1ximo a cidade de Curitiba, que \u00e9 uma capital com potencial de turismo incr\u00edvel, no clima do evento. Para isso, deveremos ter diversas atra\u00e7\u00f5es e programa\u00e7\u00f5es paralelas, que ser\u00e3o lan\u00e7adas em breve\u201d, completa Jej\u00ea.<br><\/p>\n\n\n\n<p>Aliando m\u00fasica, arte e uma curadoria de experi\u00eancias que vai al\u00e9m dos palcos, o Warung Day Festival conta com o apoio de marcas parceiras como Heineken, Grey Goose, Bombay, Jack &amp; Coke, Aperol, Skyy Vodka, ParkShopping Barig\u00fci, Diesel, Chilli Beans, Sanepar e Torriton \u2014 marcas que compartilham da mesma ess\u00eancia de criatividade, conex\u00e3o e celebra\u00e7\u00e3o, e que refor\u00e7am o protagonismo do festival no<br>calend\u00e1rio dos grandes eventos culturais do pa\u00eds.<br><\/p>\n\n\n\n<p>A 10\u00aa edi\u00e7\u00e3o do\u00a0Warung\u00a0Day\u00a0Festival\u00a0ser\u00e1 realizada no dia 03 de maio, na Pedreira Paulo Leminski, (R. Jo\u00e3o Gava, 970), em Curitiba (PR). Os ingressos estar\u00e3o dispon\u00edveis no site \u00a0www.warungdayfestival.com\u00a0e nas bilheteiras Blueticket e Ingresse. Mais informa\u00e7\u00f5es nos perfis oficiais do evento nas redes sociais:<br>@warung_dayfestival (Instagram) e @warungfestival (Facebook).<\/p>\n\n\n\n<p><\/p>\n","protected":false},"excerpt":{"rendered":"<p>Evento vai reunir gera\u00e7\u00f5es e projeta o futuro entre os maiores festivais de m\u00fasica do mundo; pela primeira vez o WDF ser\u00e1 realizado durante um feriad\u00e3o, com a promessa de movimentar a capital paranaense com milhares de turistas<\/p>\n","protected":false},"author":23,"featured_media":2577,"comment_status":"open","ping_status":"open","sticky":false,"template":"","format":"standard","meta":{"footnotes":""},"categories":[360],"tags":[243,241,242],"class_list":["post-2571","post","type-post","status-publish","format-standard","has-post-thumbnail","hentry","category-cultura-lazer","tag-festival","tag-warung","tag-warung-day"],"_links":{"self":[{"href":"https:\/\/cidadenoar.com\/global\/wp-json\/wp\/v2\/posts\/2571","targetHints":{"allow":["GET"]}}],"collection":[{"href":"https:\/\/cidadenoar.com\/global\/wp-json\/wp\/v2\/posts"}],"about":[{"href":"https:\/\/cidadenoar.com\/global\/wp-json\/wp\/v2\/types\/post"}],"author":[{"embeddable":true,"href":"https:\/\/cidadenoar.com\/global\/wp-json\/wp\/v2\/users\/23"}],"replies":[{"embeddable":true,"href":"https:\/\/cidadenoar.com\/global\/wp-json\/wp\/v2\/comments?post=2571"}],"version-history":[{"count":0,"href":"https:\/\/cidadenoar.com\/global\/wp-json\/wp\/v2\/posts\/2571\/revisions"}],"wp:featuredmedia":[{"embeddable":true,"href":"https:\/\/cidadenoar.com\/global\/wp-json\/wp\/v2\/media\/2577"}],"wp:attachment":[{"href":"https:\/\/cidadenoar.com\/global\/wp-json\/wp\/v2\/media?parent=2571"}],"wp:term":[{"taxonomy":"category","embeddable":true,"href":"https:\/\/cidadenoar.com\/global\/wp-json\/wp\/v2\/categories?post=2571"},{"taxonomy":"post_tag","embeddable":true,"href":"https:\/\/cidadenoar.com\/global\/wp-json\/wp\/v2\/tags?post=2571"}],"curies":[{"name":"wp","href":"https:\/\/api.w.org\/{rel}","templated":true}]}}