{"id":2636,"date":"2025-05-08T21:16:56","date_gmt":"2025-05-09T00:16:56","guid":{"rendered":"https:\/\/cidadenoar.com\/?p=2636"},"modified":"2025-07-26T17:56:49","modified_gmt":"2025-07-26T20:56:49","slug":"ondm-o-negocio-da-moda-chega-a-goiania-com-grandes-nomes-da-industria-textil-e-oportunidades-unicas-de-negocios-para-confeccionistas","status":"publish","type":"post","link":"https:\/\/cidadenoar.com\/global\/cultura-lazer\/ondm-o-negocio-da-moda-chega-a-goiania-com-grandes-nomes-da-industria-textil-e-oportunidades-unicas-de-negocios-para-confeccionistas\/","title":{"rendered":"\u2018ONDM &#8211; O Neg\u00f3cio da Moda\u2019 chega a Goi\u00e2nia com grandes nomes da Ind\u00fastria T\u00eaxtil e oportunidades \u00fanicas de neg\u00f3cios para confeccionistas"},"content":{"rendered":"\n<p>Goi\u00e2nia se prepara para receber mais uma edi\u00e7\u00e3o do<a href=\"https:\/\/ondm.com.br\/\" target=\"_blank\" rel=\"noreferrer noopener\">&nbsp;<u>O Neg\u00f3cio da Moda (ONDM)<\/u><\/a>, um dos principais eventos do calend\u00e1rio nacional voltado para o mercado da confec\u00e7\u00e3o e de quem tem marca de moda. O evento pulsa tend\u00eancias, neg\u00f3cios, conte\u00fado de valor e inspira\u00e7\u00e3o. Nos dias 14 e 15 de maio, o Centro de Conven\u00e7\u00f5es da capital goiana se transformar\u00e1 em um verdadeiro hub de criatividade, onde mentes vision\u00e1rias e marcas inovadoras se encontram para moldar o futuro (o setor t\u00eaxtil e de confec\u00e7\u00e3o \u00e9 o 2\u00ba maior empregador da ind\u00fastria de transforma\u00e7\u00e3o).<br><br>Com mais de 50 expositores, a feira n\u00e3o s\u00f3 consolida seu protagonismo no Centro-Oeste, mas tamb\u00e9m real\u00e7a o potencial do setor. Al\u00e9m da feira de neg\u00f3cios, que re\u00fane fornecedores de tecidos, malhas, aviamentos, equipamentos (m\u00e1quinas), consultoria, servi\u00e7os e importantes players do setor, o evento tamb\u00e9m aposta em uma programa\u00e7\u00e3o intensa de conte\u00fado, com palestras e talks que trazem temas essenciais para empres\u00e1rios, profissionais e empreendedores do mercado da moda e da confec\u00e7\u00e3o.&nbsp;<strong>Grandes nomes nacionais estar\u00e3o presentes<\/strong>, como Eduardo Cristian (CEO da Costurando Sucesso), Carla Assump\u00e7\u00e3o (CEO da Am\u00e9rica Latina da Swarovski), Carlos Ferreirinha (Ex-CEO da Louis Vuitton e agora CEO da MCF Consultoria), Monica Salgado (Idealizadora do Talk com M\u00f4ni), Rubens In\u00e1cio (Socio-Propriet\u00e1rio da TXC Brand) e Joy Alano (CEO do Provador Fashion).<br><br>O ONDM tamb\u00e9m tem o privil\u00e9gio de trazer ao palco empreendedores de marcas nascidas na regi\u00e3o e que est\u00e3o revolucionando a cena brasileira, como Marcos Silva e Maria Fernanda Bessa (Sallo Jeans), J\u00falia Galv\u00e3o (Ambr\u00f4), Mateus Amaral (Mari Amaral), Renata Carneiro (XZ), Alexandre Machado (Mafit), Kelly Coelho (KC Fitness) e Henrique Santos (Valentt) \u2013 prova de que o Centro-Oeste respira moda com autenticidade e ousadia.<br><br>&#8220;Quando realizamos a primeira edi\u00e7\u00e3o em Goi\u00e2nia, em 2024, ficamos muito felizes, gratos e impressionados com a receptividade do p\u00fablico, evidenciando a for\u00e7a do mercado. O sucesso foi t\u00e3o grande que n\u00e3o tivemos d\u00favidas em voltar em 2025. Estamos ampliando a capacidade de p\u00fablico de 5 mil para 6 mil visitantes empreendedores. Bem como a grande procura dos expositores por um espa\u00e7o na feira (100% comercializados) \u00e9 reflexo de que o ONDM j\u00e1 conquistou o seu espa\u00e7o em Goi\u00e2nia e refor\u00e7a que estamos no caminho certo, conectando cada vez mais pessoas e neg\u00f3cios na ind\u00fastria da moda e da confec\u00e7\u00e3o\u201d, compartilha Ivan Jasper, gestor do ONDM.<br><br>De acordo com o Secret\u00e1rio de Estado da Retomada de Goi\u00e1s, C\u00e9sar Moura, essa edi\u00e7\u00e3o do ONDM em Goi\u00e2nia \u00e9 mais um sinal da economia estar em franco crescimento no estado. \u201cGoi\u00e1s possui o maior PIB do pa\u00eds gra\u00e7as a essa gest\u00e3o que oferece um ambiente seguro para neg\u00f3cios e todo o suporte de capacita\u00e7\u00e3o de m\u00e3o de obra e cr\u00e9dito. Temos um dos maiores polos de moda do Brasil, na Regi\u00e3o da 44, na Capital, e trabalhamos no interior os arranjos produtivos locais para produzir moda com qualidade, gerando emprego e renda. Ent\u00e3o, apoiar o ONDM \u00e9 uma alegria para o Governo de Goi\u00e1s\u201d, destacou o secret\u00e1rio.<br><br><strong>Os pr\u00f3ximos passos<\/strong><br>Realizado pela primeira vez em 2015, em Balne\u00e1rio Cambori\u00fa (SC), o ONDM se tornou o palco definitivo para quem quer ditar rumos na moda e confec\u00e7\u00e3o t\u00eaxtil no Brasil. E a jornada de 2025 n\u00e3o para em Goi\u00e2nia: o evento j\u00e1 tem datas confirmadas para Caruaru\/PE (7 e 8 de julho), e Balne\u00e1rio Cambori\u00fa\/SC (7, 8 e 9 de outubro), fechando o ano com um espet\u00e1culo de inova\u00e7\u00e3o e networking. Ali\u00e1s,&nbsp;<strong>em 2025 o ONDM est\u00e1 comemorando o seu anivers\u00e1rio de 10 anos no mercado, a cada ano al\u00e7ando voos maiores e conquistando novas regi\u00f5es.<\/strong><br><br>\u00c9 uma grande oportunidade para profissionais do setor mergulharem no que h\u00e1 de mais relevante, atual e inovador no universo da confec\u00e7\u00e3o, bem como em temas correlatos, como vendas, e-commerce, marketing, cultura empresarial, expans\u00e3o de marca, al\u00e9m de expandir sua rede, descobrir tend\u00eancias em primeira m\u00e3o e fechar neg\u00f3cios.<br><br>Os \u00faltimos ingressos est\u00e3o dispon\u00edveis no<a href=\"https:\/\/ondm.com.br\/\" target=\"_blank\" rel=\"noreferrer noopener\">&nbsp;<u>site oficial<\/u><\/a>&nbsp;com o valor de R$ 290,00 por dia; ou ainda pode-se acionar algum dos expositores (cada um deles tem um n\u00famero limitado de ingressos para relacionamento) e solicitar o seu voucher.<br><br><strong>Servi\u00e7o:<\/strong><br>ONDM &#8211; O Neg\u00f3cio da Moda<br>Data: 14 e 15 de maio de 2025<br>Hor\u00e1rio: das 13h30 \u00e0s 21h<br>Local: Centro de Conven\u00e7\u00f5es de Goi\u00e2nia<br>Ingressos e mais informa\u00e7\u00f5es:<a href=\"https:\/\/ondm.com.br\/\" target=\"_blank\" rel=\"noreferrer noopener\">&nbsp;<u>Link<\/u><\/a><\/p>\n\n\n\n<p><a href=\"https:\/\/www.instagram.com\/onegociodamoda\/\" target=\"_blank\" rel=\"noreferrer noopener\"><u>Acompanhe no Instagram.<\/u><\/a><\/p>\n\n\n\n<figure class=\"wp-block-image size-full is-resized\"><img fetchpriority=\"high\" decoding=\"async\" width=\"800\" height=\"533\" src=\"https:\/\/cidadenoar.com\/wp-content\/uploads\/sites\/22\/2025\/05\/unnamed-28.jpg\" alt=\"\" class=\"wp-image-2638\" style=\"width:530px;height:auto\" title=\"\" srcset=\"https:\/\/cidadenoar.com\/global\/wp-content\/uploads\/sites\/22\/2025\/05\/unnamed-28.jpg 800w, https:\/\/cidadenoar.com\/global\/wp-content\/uploads\/sites\/22\/2025\/05\/unnamed-28-300x200.jpg 300w, https:\/\/cidadenoar.com\/global\/wp-content\/uploads\/sites\/22\/2025\/05\/unnamed-28-768x512.jpg 768w, https:\/\/cidadenoar.com\/global\/wp-content\/uploads\/sites\/22\/2025\/05\/unnamed-28-820x545.jpg 820w, https:\/\/cidadenoar.com\/global\/wp-content\/uploads\/sites\/22\/2025\/05\/unnamed-28-600x400.jpg 600w\" sizes=\"(max-width: 800px) 100vw, 800px\" \/><figcaption class=\"wp-element-caption\">Ivan Jasper e Antonio Carlos de Souza Lima Neto, do SEBRAE-GO<\/figcaption><\/figure>\n\n\n\n<figure class=\"wp-block-image size-full is-resized\"><img decoding=\"async\" width=\"800\" height=\"533\" src=\"https:\/\/cidadenoar.com\/wp-content\/uploads\/sites\/22\/2025\/05\/unnamed-29.jpg\" alt=\"\" class=\"wp-image-2639\" style=\"width:536px;height:auto\" title=\"\" srcset=\"https:\/\/cidadenoar.com\/global\/wp-content\/uploads\/sites\/22\/2025\/05\/unnamed-29.jpg 800w, https:\/\/cidadenoar.com\/global\/wp-content\/uploads\/sites\/22\/2025\/05\/unnamed-29-300x200.jpg 300w, https:\/\/cidadenoar.com\/global\/wp-content\/uploads\/sites\/22\/2025\/05\/unnamed-29-768x512.jpg 768w, https:\/\/cidadenoar.com\/global\/wp-content\/uploads\/sites\/22\/2025\/05\/unnamed-29-820x545.jpg 820w, https:\/\/cidadenoar.com\/global\/wp-content\/uploads\/sites\/22\/2025\/05\/unnamed-29-600x400.jpg 600w\" sizes=\"(max-width: 800px) 100vw, 800px\" \/><figcaption class=\"wp-element-caption\">Os expositores se surpreenderam com a qualidade do p\u00fablico e a gera\u00e7\u00e3o de neg\u00f3cios e conex\u00f5es propiciadas pelo evento<br><\/figcaption><\/figure>\n\n\n\n<figure class=\"wp-block-image size-full is-resized\"><img decoding=\"async\" width=\"800\" height=\"533\" src=\"https:\/\/cidadenoar.com\/wp-content\/uploads\/sites\/22\/2025\/05\/unnamed-30.jpg\" alt=\"\" class=\"wp-image-2640\" style=\"width:608px;height:auto\" title=\"\" srcset=\"https:\/\/cidadenoar.com\/global\/wp-content\/uploads\/sites\/22\/2025\/05\/unnamed-30.jpg 800w, https:\/\/cidadenoar.com\/global\/wp-content\/uploads\/sites\/22\/2025\/05\/unnamed-30-300x200.jpg 300w, https:\/\/cidadenoar.com\/global\/wp-content\/uploads\/sites\/22\/2025\/05\/unnamed-30-768x512.jpg 768w, https:\/\/cidadenoar.com\/global\/wp-content\/uploads\/sites\/22\/2025\/05\/unnamed-30-820x545.jpg 820w, https:\/\/cidadenoar.com\/global\/wp-content\/uploads\/sites\/22\/2025\/05\/unnamed-30-600x400.jpg 600w\" sizes=\"(max-width: 800px) 100vw, 800px\" \/><figcaption class=\"wp-element-caption\">Feira de insumos para confeccionistas foi um dos destaques do ONDM Goi\u00e2nia 2024<br><\/figcaption><\/figure>\n\n\n\n<figure class=\"wp-block-image size-full is-resized\"><img loading=\"lazy\" decoding=\"async\" width=\"800\" height=\"533\" src=\"https:\/\/cidadenoar.com\/wp-content\/uploads\/sites\/22\/2025\/05\/unnamed-31.jpg\" alt=\"\" class=\"wp-image-2641\" style=\"width:624px;height:auto\" title=\"\" srcset=\"https:\/\/cidadenoar.com\/global\/wp-content\/uploads\/sites\/22\/2025\/05\/unnamed-31.jpg 800w, https:\/\/cidadenoar.com\/global\/wp-content\/uploads\/sites\/22\/2025\/05\/unnamed-31-300x200.jpg 300w, https:\/\/cidadenoar.com\/global\/wp-content\/uploads\/sites\/22\/2025\/05\/unnamed-31-768x512.jpg 768w, https:\/\/cidadenoar.com\/global\/wp-content\/uploads\/sites\/22\/2025\/05\/unnamed-31-820x545.jpg 820w, https:\/\/cidadenoar.com\/global\/wp-content\/uploads\/sites\/22\/2025\/05\/unnamed-31-600x400.jpg 600w\" sizes=\"(max-width: 800px) 100vw, 800px\" \/><figcaption class=\"wp-element-caption\">Carlos Ferreirinha, da MCF Consultoria, um dos palestrantes confirmados para esta edi\u00e7\u00e3o em Goi\u00e2nia, ao lado de Ivan Jasper (Foto: DKZ Fotografia)<br><\/figcaption><\/figure>\n\n\n\n<figure class=\"wp-block-image size-full is-resized\"><img loading=\"lazy\" decoding=\"async\" width=\"800\" height=\"534\" src=\"https:\/\/cidadenoar.com\/wp-content\/uploads\/sites\/22\/2025\/05\/unnamed-32.jpg\" alt=\"\" class=\"wp-image-2642\" style=\"width:553px;height:auto\" title=\"\" srcset=\"https:\/\/cidadenoar.com\/global\/wp-content\/uploads\/sites\/22\/2025\/05\/unnamed-32.jpg 800w, https:\/\/cidadenoar.com\/global\/wp-content\/uploads\/sites\/22\/2025\/05\/unnamed-32-300x200.jpg 300w, https:\/\/cidadenoar.com\/global\/wp-content\/uploads\/sites\/22\/2025\/05\/unnamed-32-768x513.jpg 768w, https:\/\/cidadenoar.com\/global\/wp-content\/uploads\/sites\/22\/2025\/05\/unnamed-32-600x400.jpg 600w\" sizes=\"(max-width: 800px) 100vw, 800px\" \/><figcaption class=\"wp-element-caption\">Feira de Neg\u00f3cios no ONDM (foto: DKZ Fotografia)<br><\/figcaption><\/figure>\n\n\n\n<figure class=\"wp-block-image size-full\"><img loading=\"lazy\" decoding=\"async\" width=\"620\" height=\"620\" src=\"https:\/\/cidadenoar.com\/wp-content\/uploads\/sites\/22\/2025\/05\/unnamed-33.jpg\" alt=\"\" class=\"wp-image-2643\" title=\"\" srcset=\"https:\/\/cidadenoar.com\/global\/wp-content\/uploads\/sites\/22\/2025\/05\/unnamed-33.jpg 620w, https:\/\/cidadenoar.com\/global\/wp-content\/uploads\/sites\/22\/2025\/05\/unnamed-33-300x300.jpg 300w, https:\/\/cidadenoar.com\/global\/wp-content\/uploads\/sites\/22\/2025\/05\/unnamed-33-150x150.jpg 150w\" sizes=\"(max-width: 620px) 100vw, 620px\" \/><figcaption class=\"wp-element-caption\">A jornalista M\u00f4nica Salgado, escritora, jornalista e influenciadora, al\u00e9m de\u00a0idealizadora do \u201cTalk com M\u00f4ni\u201d, \u00e9 uma das palestrantes confirmados no ONDM Goi\u00e2nia 2025 (foto: Breno Esaki)<br><\/figcaption><\/figure>\n\n\n\n<figure class=\"wp-block-image size-full is-resized\"><img loading=\"lazy\" decoding=\"async\" width=\"800\" height=\"450\" src=\"https:\/\/cidadenoar.com\/wp-content\/uploads\/sites\/22\/2025\/05\/unnamed-34.jpg\" alt=\"\" class=\"wp-image-2644\" style=\"width:625px;height:auto\" title=\"\" srcset=\"https:\/\/cidadenoar.com\/global\/wp-content\/uploads\/sites\/22\/2025\/05\/unnamed-34.jpg 800w, https:\/\/cidadenoar.com\/global\/wp-content\/uploads\/sites\/22\/2025\/05\/unnamed-34-300x169.jpg 300w, https:\/\/cidadenoar.com\/global\/wp-content\/uploads\/sites\/22\/2025\/05\/unnamed-34-768x432.jpg 768w\" sizes=\"(max-width: 800px) 100vw, 800px\" \/><figcaption class=\"wp-element-caption\">Joy Alano integra o casting de palestrantes do ONDM Goi\u00e2nia 2025 apresentando o tema \u201cDa produ\u00e7\u00e3o ao provador: o poder da ind\u00fastria na gera\u00e7\u00e3o de valor\u201d (Foto: reprodu\u00e7\u00e3o Instagram)<br><\/figcaption><\/figure>\n","protected":false},"excerpt":{"rendered":"<p>A feira ONDM re\u00fane expositores de insumos, produtos e servi\u00e7os, palestras inspiradoras e networking qualificado nos pr\u00f3ximos dias 14 e 15 de maio, no Centro de Conven\u00e7\u00f5es de Goi\u00e2nia<\/p>\n","protected":false},"author":23,"featured_media":2637,"comment_status":"open","ping_status":"open","sticky":false,"template":"","format":"standard","meta":{"footnotes":""},"categories":[360],"tags":[167,175],"class_list":["post-2636","post","type-post","status-publish","format-standard","has-post-thumbnail","hentry","category-cultura-lazer","tag-moda","tag-onmd"],"_links":{"self":[{"href":"https:\/\/cidadenoar.com\/global\/wp-json\/wp\/v2\/posts\/2636","targetHints":{"allow":["GET"]}}],"collection":[{"href":"https:\/\/cidadenoar.com\/global\/wp-json\/wp\/v2\/posts"}],"about":[{"href":"https:\/\/cidadenoar.com\/global\/wp-json\/wp\/v2\/types\/post"}],"author":[{"embeddable":true,"href":"https:\/\/cidadenoar.com\/global\/wp-json\/wp\/v2\/users\/23"}],"replies":[{"embeddable":true,"href":"https:\/\/cidadenoar.com\/global\/wp-json\/wp\/v2\/comments?post=2636"}],"version-history":[{"count":0,"href":"https:\/\/cidadenoar.com\/global\/wp-json\/wp\/v2\/posts\/2636\/revisions"}],"wp:featuredmedia":[{"embeddable":true,"href":"https:\/\/cidadenoar.com\/global\/wp-json\/wp\/v2\/media\/2637"}],"wp:attachment":[{"href":"https:\/\/cidadenoar.com\/global\/wp-json\/wp\/v2\/media?parent=2636"}],"wp:term":[{"taxonomy":"category","embeddable":true,"href":"https:\/\/cidadenoar.com\/global\/wp-json\/wp\/v2\/categories?post=2636"},{"taxonomy":"post_tag","embeddable":true,"href":"https:\/\/cidadenoar.com\/global\/wp-json\/wp\/v2\/tags?post=2636"}],"curies":[{"name":"wp","href":"https:\/\/api.w.org\/{rel}","templated":true}]}}