{"id":2648,"date":"2025-05-08T21:31:29","date_gmt":"2025-05-09T00:31:29","guid":{"rendered":"https:\/\/cidadenoar.com\/?p=2648"},"modified":"2025-05-08T21:31:32","modified_gmt":"2025-05-09T00:31:32","slug":"urbano-participa-da-39a-edicao-da-maior-feira-supermercadista-do-mundo","status":"publish","type":"post","link":"https:\/\/cidadenoar.com\/global\/opiniao\/urbano-participa-da-39a-edicao-da-maior-feira-supermercadista-do-mundo\/","title":{"rendered":"Urbano\u00a0participa da\u00a039\u00aa edi\u00e7\u00e3o da maior feira supermercadista do mundo"},"content":{"rendered":"\n<p>A APAS SHOW \u00e9 organizada pela Associa\u00e7\u00e3o Paulista de Supermercados (APAS) e&nbsp;acontecer\u00e1 de 12 a 15 de maio, no Expo Center Norte, em S\u00e3o Paulo. O evento reunir\u00e1 varejistas, investidores e especialistas globais para promover conex\u00f5es estrat\u00e9gicas, apresentar solu\u00e7\u00f5es de ponta e moldar o futuro do setor supermercadista no Brasil e no mundo.<\/p>\n\n\n\n<p>A Urbano Alimentos apresenta no evento a campanha em comemora\u00e7\u00e3o aos 65 anos da empresa.&nbsp;\u201cAl\u00e9m do seu sonho\u201d distribuir\u00e1 centenas de pr\u00eamios, com destaque para tr\u00eas carros el\u00e9tricos 0 km.&nbsp; A apresentadora Patr\u00edcia Abravanel \u00e9 o rosto da campanha, que ser\u00e1 veiculada aos domingos no SBT no programa Silvio Santos.<\/p>\n\n\n\n<p>No evento a Urbano apresentar\u00e1 tamb\u00e9m a&nbsp;Mistura para Panqueca Americana, mais uma novidade da linha Urbano Kids. Como a empresa tem parceria com a Disney, este lan\u00e7amento conta com o personagem&nbsp;Stitch, sucesso em todo o mundo.&nbsp;Outro lan\u00e7amento \u00e9 a nova linha de mistura para bolos. Ambos produtos n\u00e3o possuem gl\u00faten,&nbsp;j\u00e1 esta linha \u00e9 um dos diferenciais da tradicional empresa de Jaragu\u00e1 do Sul (SC)<\/p>\n\n\n\n<p>Empresas de 22 pa\u00edses est\u00e3o no evento e 250 expositores internacionais que participar\u00e3o do evento.&nbsp;&#8220;Estar na&nbsp;APAS&nbsp;\u00e9 uma oportunidade para impulsionar ainda mais nossas parcerias e novos neg\u00f3cios. Preparamos um espa\u00e7o para receber todos nossos parceiros e apresentar lan\u00e7amentos&#8221;,&nbsp;explica Janine Franzner, respons\u00e1vel pelo marketing da Urbano Alimentos, que participou das quatro \u00faltimas edi\u00e7\u00f5es do evento (2019\/2022\/2023\/2024).<\/p>\n\n\n\n<p>Recentemente a empresa foi destaque no ranking da Associa\u00e7\u00e3o Brasileira de Supermercados (ABRAS). Foi finalista em tr\u00eas categorias: 2\u00aa colocada nas categorias Arroz Parboilizado e Feij\u00e3o Preto e, na categoria Arroz-Tipo Integral, foi a 3\u00aa colocada.&nbsp;<\/p>\n","protected":false},"excerpt":{"rendered":"<p> A Urbano Alimentos participa da 39\u00aa edi\u00e7\u00e3o da APAS SHOW 2024, o maior evento do setor de alimentos e bebidas das Am\u00e9ricas<\/p>\n","protected":false},"author":23,"featured_media":2649,"comment_status":"open","ping_status":"open","sticky":false,"template":"","format":"standard","meta":{"footnotes":""},"categories":[10],"tags":[156,256,233],"class_list":["post-2648","post","type-post","status-publish","format-standard","has-post-thumbnail","hentry","category-opiniao","tag-evento","tag-feira","tag-urbano"],"_links":{"self":[{"href":"https:\/\/cidadenoar.com\/global\/wp-json\/wp\/v2\/posts\/2648","targetHints":{"allow":["GET"]}}],"collection":[{"href":"https:\/\/cidadenoar.com\/global\/wp-json\/wp\/v2\/posts"}],"about":[{"href":"https:\/\/cidadenoar.com\/global\/wp-json\/wp\/v2\/types\/post"}],"author":[{"embeddable":true,"href":"https:\/\/cidadenoar.com\/global\/wp-json\/wp\/v2\/users\/23"}],"replies":[{"embeddable":true,"href":"https:\/\/cidadenoar.com\/global\/wp-json\/wp\/v2\/comments?post=2648"}],"version-history":[{"count":0,"href":"https:\/\/cidadenoar.com\/global\/wp-json\/wp\/v2\/posts\/2648\/revisions"}],"wp:featuredmedia":[{"embeddable":true,"href":"https:\/\/cidadenoar.com\/global\/wp-json\/wp\/v2\/media\/2649"}],"wp:attachment":[{"href":"https:\/\/cidadenoar.com\/global\/wp-json\/wp\/v2\/media?parent=2648"}],"wp:term":[{"taxonomy":"category","embeddable":true,"href":"https:\/\/cidadenoar.com\/global\/wp-json\/wp\/v2\/categories?post=2648"},{"taxonomy":"post_tag","embeddable":true,"href":"https:\/\/cidadenoar.com\/global\/wp-json\/wp\/v2\/tags?post=2648"}],"curies":[{"name":"wp","href":"https:\/\/api.w.org\/{rel}","templated":true}]}}