{"id":2694,"date":"2025-05-14T10:34:08","date_gmt":"2025-05-14T13:34:08","guid":{"rendered":"https:\/\/cidadenoar.com\/?p=2694"},"modified":"2025-07-26T17:45:30","modified_gmt":"2025-07-26T20:45:30","slug":"trabalhador-rural-ta-pegando-no-pesado-sem-registro","status":"publish","type":"post","link":"https:\/\/cidadenoar.com\/global\/economia-negocios\/trabalhador-rural-ta-pegando-no-pesado-sem-registro\/","title":{"rendered":"Trabalhador rural, t\u00e1 pegando no pesado sem registro?"},"content":{"rendered":"\n<p class=\"has-background\" style=\"background-color:#44ff2b\">Muitos trabalhadores rurais s\u00e3o pagos por di\u00e1ria com a falsa promessa de autonomia, quando na verdade exercem atividades cont\u00ednuas, sob ordens e com jornada fixa \u2014 caracter\u00edsticas que configuram v\u00ednculo empregat\u00edcio. Este artigo esclarece quando o regime de di\u00e1ria \u00e9 ilegal, os direitos do trabalhador e como garantir o registro em carteira e as verbas devidas.<\/p>\n\n\n\n<h2 class=\"wp-block-heading\">Prometeram assinar sua carteira, mas at\u00e9 hoje nada? Isso \u00e9 ilegal \u2013 e voc\u00ea pode estar perdendo muito dinheiro<\/h2>\n\n\n\n<p>Quem trabalha na ro\u00e7a sabe o quanto o servi\u00e7o \u00e9 duro: acordar cedo, pegar pesado, enfrentar sol quente, chuva, poeira e, muitas vezes, nem banheiro ou \u00e1gua fresca tem no local. Mesmo assim, muitos patr\u00f5es ainda t\u00eam coragem de manter o trabalhador rural <strong>sem registro em carteira<\/strong>, pagando \u201cpor di\u00e1ria\u201d com a desculpa de que v\u00e3o \u201cver se d\u00e1 certo\u201d antes de assinar. O problema \u00e9 que o tempo vai passando, e <strong>o registro nunca vem<\/strong>.<\/p>\n\n\n\n<p>Depois de meses de servi\u00e7o, quando o patr\u00e3o finalmente resolve assinar a carteira, ainda faz um <strong>contrato de experi\u00eancia<\/strong>, como se o trabalhador tivesse come\u00e7ado naquele dia. Esse tipo de pr\u00e1tica \u00e9 mais comum do que deveria e <strong>\u00e9 completamente ilegal<\/strong>.<\/p>\n\n\n\n<h2 class=\"wp-block-heading\"><strong>O que est\u00e1 errado nessa pr\u00e1tica?<\/strong><\/h2>\n\n\n\n<p>Tudo. A lei \u00e9 clara: <strong>trabalhou com frequ\u00eancia, cumpriu hor\u00e1rio e recebeu ordens? Tem que ter carteira assinada desde o primeiro dia<\/strong>. Isso vale para o trabalhador da cidade <strong>e tamb\u00e9m para o trabalhador do campo<\/strong>.<\/p>\n\n\n\n<p>O patr\u00e3o que fica adiando o registro, dizendo que \u201cvai ver se d\u00e1 certo\u201d, <strong>est\u00e1 enganando o trabalhador e burlando a lei<\/strong>.<\/p>\n\n\n\n<p>E quando ele ainda faz um <strong>contrato de experi\u00eancia<\/strong> depois de meses de servi\u00e7o&#8230; a\u00ed \u00e9 abuso mesmo. Experi\u00eancia \u00e9 pra quem est\u00e1 come\u00e7ando, n\u00e3o pra quem j\u00e1 conhece o servi\u00e7o mais do que o pr\u00f3prio patr\u00e3o.<\/p>\n\n\n\n<p>Quando o patr\u00e3o deixa de registrar o trabalhador rural desde o come\u00e7o, est\u00e1:<\/p>\n\n\n\n<ul class=\"wp-block-list\">\n<li><strong>Descumprindo a legisla\u00e7\u00e3o trabalhista<\/strong><\/li>\n\n\n\n<li><strong>Negando direitos b\u00e1sicos como f\u00e9rias, 13\u00ba, FGTS e INSS<\/strong><\/li>\n\n\n\n<li><strong>Dificultando o acesso do trabalhador a benef\u00edcios sociais<\/strong>, como aposentadoria, aux\u00edlio-doen\u00e7a, pens\u00e3o por morte, entre outros<\/li>\n\n\n\n<li><strong>E, muitas vezes, praticando fraude contratual<\/strong>, o que pode gerar responsabiliza\u00e7\u00e3o judicial<\/li>\n\n\n\n<li>Ou seja, voc\u00ea deixa de ganhar o que lhe \u00e9 de direito!<\/li>\n<\/ul>\n\n\n\n<h2 class=\"wp-block-heading\">O que diz a lei sobre isso?<\/h2>\n\n\n\n<p>Segundo o <strong>art. 3\u00ba da Consolida\u00e7\u00e3o das Leis do Trabalho (CLT)<\/strong>, empregado \u00e9 toda pessoa f\u00edsica que presta servi\u00e7os de forma habitual, mediante subordina\u00e7\u00e3o, pessoalidade e recebendo sal\u00e1rio. O que vale <strong>para trabalhadores urbanos e rurais<\/strong>.<\/p>\n\n\n\n<p>O trabalhador rural, inclusive, tem prote\u00e7\u00e3o espec\u00edfica na legisla\u00e7\u00e3o. A <strong>Lei n\u00ba 5.889\/1973<\/strong>, que disp\u00f5e sobre o trabalho rural, garante que o trabalhador que presta servi\u00e7os cont\u00ednuos em propriedade rural <strong>deve ter sua carteira de trabalho assinada desde o primeiro dia<\/strong>. N\u00e3o existe na lei \u201cfase de teste\u201d ou \u201cper\u00edodo de adapta\u00e7\u00e3o\u201d que justifique atraso no registro.<\/p>\n\n\n\n<p>E mais: o <strong>contrato de experi\u00eancia<\/strong>, previsto no <strong>art. 445, \u00a7 \u00fanico da CLT<\/strong>, s\u00f3 pode ser aplicado <strong>no in\u00edcio da rela\u00e7\u00e3o de trabalho<\/strong>, nunca depois de meses de v\u00ednculo. Usar esse tipo de contrato fora de tempo \u00e9 <strong>fraude<\/strong>, e pode ser anulado na Justi\u00e7a.<\/p>\n\n\n\n<h2 class=\"wp-block-heading\">O que o trabalhador pode fazer?<\/h2>\n\n\n\n<p>Se voc\u00ea passou por isso ou conhece algu\u00e9m que vive essa realidade, \u00e9 poss\u00edvel procurar a <strong>Justi\u00e7a do Trabalho<\/strong> ou um advogado de sua confian\u00e7a e pedir:<\/p>\n\n\n\n<ul class=\"wp-block-list\">\n<li><strong>Reconhecimento do v\u00ednculo empregat\u00edcio<\/strong> desde o verdadeiro in\u00edcio do trabalho<\/li>\n\n\n\n<li><strong>Anula\u00e7\u00e3o do contrato de experi\u00eancia falso<\/strong><\/li>\n\n\n\n<li><strong>Pagamento retroativo de todos os direitos trabalhistas<\/strong> (sal\u00e1rios, f\u00e9rias, 13\u00ba, FGTS, INSS)<\/li>\n\n\n\n<li><strong>Multa por descumprimento da legisla\u00e7\u00e3o<\/strong><\/li>\n\n\n\n<li><strong>Indeniza\u00e7\u00e3o<\/strong>, em casos mais graves<\/li>\n<\/ul>\n\n\n\n<p>\u00c9 importante reunir provas: conversas com o patr\u00e3o, testemunhas, fotos no local de trabalho, recibos de pagamento, tudo pode ajudar a comprovar a verdade.<\/p>\n\n\n\n<h2 class=\"wp-block-heading\">Quanto voc\u00ea pode ter direito a receber?<\/h2>\n\n\n\n<p>Os valores variam de caso a caso, mas veja alguns exemplos do que pode ser cobrado:<\/p>\n\n\n\n<ul class=\"wp-block-list\">\n<li>Sal\u00e1rios atrasados<\/li>\n\n\n\n<li>F\u00e9rias vencidas + 1\/3<\/li>\n\n\n\n<li>13\u00ba sal\u00e1rio proporcional<\/li>\n\n\n\n<li>FGTS de todo o per\u00edodo<\/li>\n\n\n\n<li>Multa de 40% sobre o FGTS (em caso de demiss\u00e3o)<\/li>\n\n\n\n<li>Diferen\u00e7as salariais por horas extras, adicionais noturnos ou insalubridade<\/li>\n\n\n\n<li>Indeniza\u00e7\u00f5es por danos morais, dependendo da situa\u00e7\u00e3o<\/li>\n<\/ul>\n\n\n\n<p>Ou seja: <strong>meses (ou at\u00e9 anos) de trabalho informal podem se transformar em uma <a href=\"https:\/\/cidadenoar.com\/2025\/04\/25\/foi-demitido-saiba-seus-direitos-ou-se-cabe-indenizacao\/\">indeniza\u00e7\u00e3o justa<\/a> e necess\u00e1ria<\/strong>.<\/p>\n\n\n\n<h2 class=\"wp-block-heading\">Exemplo: o preju\u00edzo de um m\u00eas \u201capagado\u201d da carteira<\/h2>\n\n\n\n<p>Imagine o caso de Jo\u00e3o, um trabalhador rural que come\u00e7ou a trabalhar no dia <strong>1\u00ba de mar\u00e7o<\/strong>, mas s\u00f3 teve sua carteira assinada em <strong>1\u00ba de abril<\/strong> &#8211; um m\u00eas depois. Durante esse tempo, ele trabalhou todos os dias, recebeu ordens do patr\u00e3o, cumpriu hor\u00e1rio, mas n\u00e3o teve o contrato formalizado.<\/p>\n\n\n\n<p>Cinco meses depois, Jo\u00e3o \u00e9 demitido. O patr\u00e3o faz o acerto <strong>somente com base nos cinco meses de carteira assinada<\/strong>, ignorando completamente o primeiro m\u00eas de trabalho.<\/p>\n\n\n\n<p>Agora veja os <strong>preju\u00edzos pr\u00e1ticos<\/strong> que Jo\u00e3o pode sofrer:<\/p>\n\n\n\n<h3 class=\"wp-block-heading\"> <strong>1. Perda do direito ao <a href=\"https:\/\/cidadenoar.com\/2025\/04\/25\/foi-demitido-saiba-seus-direitos-ou-se-cabe-indenizacao\/\">seguro-desemprego<\/a><\/strong><\/h3>\n\n\n\n<p>Segundo o artigo 3\u00ba da <strong>Lei n\u00ba 7.998\/1990<\/strong>, o trabalhador tem direito ao seguro-desemprego se tiver:<\/p>\n\n\n\n<ul class=\"wp-block-list\">\n<li>No m\u00ednimo <strong>12 meses de v\u00ednculo formal<\/strong> nos \u00faltimos 18 meses (na primeira solicita\u00e7\u00e3o)<\/li>\n\n\n\n<li><strong>9 meses<\/strong>, se for a segunda vez<\/li>\n\n\n\n<li><strong>6 meses<\/strong>, na <strong>terceira solicita\u00e7\u00e3o em diante<\/strong>.<\/li>\n<\/ul>\n\n\n\n<p>Se aquele <strong>um m\u00eas n\u00e3o registrado<\/strong> fosse considerado, Jo\u00e3o teria completado o tempo m\u00ednimo. <strong>Mas como ficou &#8220;de fora&#8221; da carteira<\/strong>, o sistema do governo n\u00e3o reconhece, e ele <strong>fica sem o seguro-desemprego<\/strong>.<\/p>\n\n\n\n<h3 class=\"wp-block-heading\"> <strong>2. Redu\u00e7\u00e3o nas verbas rescis\u00f3rias<\/strong><\/h3>\n\n\n\n<p>Como o patr\u00e3o s\u00f3 reconheceu 5 meses de v\u00ednculo:<\/p>\n\n\n\n<ul class=\"wp-block-list\">\n<li>Jo\u00e3o <strong>n\u00e3o recebe 1\/12 do 13\u00ba sal\u00e1rio<\/strong> referente ao m\u00eas &#8220;esquecido&#8221;<\/li>\n\n\n\n<li>Tamb\u00e9m <strong>perde 1\/12 de f\u00e9rias + 1\/3<\/strong><\/li>\n\n\n\n<li>O FGTS <strong>n\u00e3o foi depositado<\/strong> nesse m\u00eas, e ele <strong>perde os 8% mensais + a multa de 40%<\/strong> sobre esse valor<\/li>\n\n\n\n<li>Se ele teve horas extras ou adicionais no primeiro m\u00eas, <strong>nunca receber\u00e1<\/strong> se n\u00e3o reivindicar judicialmente<\/li>\n<\/ul>\n\n\n\n<p>No total, s\u00f3 esse \u00fanico m\u00eas <strong>pode representar R$ 1.500 a R$ 2.000 reais de preju\u00edzo direto<\/strong>, al\u00e9m de <strong>ficar sem os R$ 1.980 a R$ 2.640 do seguro-desemprego<\/strong>, dependendo do sal\u00e1rio base.<\/p>\n\n\n\n<h3 class=\"wp-block-heading\"><strong>Um \u00fanico m\u00eas &#8220;apagado&#8221; pode custar o prato de comida no fim do m\u00eas<\/strong><\/h3>\n\n\n\n<p>Por isso, <strong>o registro em carteira desde o primeiro dia de trabalho n\u00e3o \u00e9 um detalhe &#8211; \u00e9 um direito garantido por lei<\/strong> e que tem impacto direto na vida do trabalhador. O preju\u00edzo \u00e9 real, e aceitar promessas do patr\u00e3o pode significar abrir m\u00e3o de dinheiro que faz falta.<\/p>\n\n\n\n<p>Se voc\u00ea passou por algo parecido, <strong>lute por esse m\u00eas, porque ele vale muito.<\/strong><\/p>\n\n\n\n<p><\/p>\n\n\n\n<h2 class=\"wp-block-heading\">Se informe e se valorize: trabalhador rural tem direitos!<\/h2>\n\n\n\n<p>O campo \u00e9 o motor da nossa alimenta\u00e7\u00e3o, da economia e da for\u00e7a do Brasil. Mas, infelizmente, ainda h\u00e1 muito abuso e desrespeito contra quem trabalha na terra. <strong>Respeitar o trabalhador rural \u00e9 cumprir a lei.<\/strong><\/p>\n\n\n\n<p>N\u00e3o aceite ser tratado como \u201cdiarista\u201d se voc\u00ea trabalha de forma fixa. <strong>Promessa de patr\u00e3o n\u00e3o paga aposentadoria, nem sustenta a fam\u00edlia.<\/strong> O que protege o trabalhador \u00e9 o direito &#8211; e o direito come\u00e7a com informa\u00e7\u00e3o.<\/p>\n\n\n\n<p>Se voc\u00ea est\u00e1 nessa situa\u00e7\u00e3o ou conhece algu\u00e9m que est\u00e1, <strong>procure orienta\u00e7\u00e3o jur\u00eddica<\/strong>. \u00c9 poss\u00edvel mudar a realidade com coragem e justi\u00e7a. Seus direitos n\u00e3o s\u00e3o favor, s\u00e3o lei.<\/p>\n\n\n\n<p><\/p>\n\n\n\n<p><\/p>\n\n\n\n<p>Reda\u00e7\u00e3o por <strong>Geovani Ramos Menezes<\/strong><\/p>\n\n\n<div class=\"wp-block-post-author\"><div class=\"wp-block-post-author__avatar\"><img decoding=\"async\" alt=\"Avatar photo\" src=\"http:\/\/cidadenoar.com\/wp-content\/uploads\/sites\/22\/2025\/04\/cropped-geov-48x48.jpeg\" srcset=\"http:\/\/cidadenoar.com\/wp-content\/uploads\/sites\/22\/2025\/04\/cropped-geov-96x96.jpeg 2x\" class=\"avatar avatar-48 photo\" height=\"48\" width=\"48\" title=\"\"><\/div><div class=\"wp-block-post-author__content\"><p class=\"wp-block-post-author__name\">Geovani Menezes<\/p><\/div><\/div>\n\n<div class=\"wp-block-post-author-biography\">Advogado. Mestrando em Ci\u00eancias Jur\u00eddicas e Bacharel em Direito pela Universidade Cesumar \u2013 UniCesumar (Campus Maring\u00e1\/PR), bolsista do Programa de Suporte \u00e0 P\u00f3s-Gradua\u00e7\u00e3o de Institui\u00e7\u00f5es de Ensino Particulares (PROSUP\/CAPES). P\u00f3s-graduando em Direito Notarial e Registral pelo Centro Universit\u00e1rio Cidade Verde \u2013 UniCV, desenvolve pesquisas com \u00eanfase em direitos da personalidade, desjudicializa\u00e7\u00e3o e acesso \u00e0 justi\u00e7a, sendo pesquisador vinculado \u00e0 CAPES, ICETI, CNPq e FA.\r\n\r\nGeovani Menezes \u00e9 autor da coluna Direito Notarial e Registral no portal CidadeNoAr.com, onde escreve sobre temas relacionados aos cart\u00f3rios extrajudiciais, tutela jur\u00eddica da personalidade, justi\u00e7a, direito e cidadania.<\/div>\n\n\n<p><\/p>\n\n\n\n<p>Siga o autor no instagram:\u00a0<a href=\"http:\/\/instagram.com\/geovani.menezes\/\" target=\"_blank\" rel=\"noreferrer noopener\">@geovani.menezes<\/a>\u00a0\u2013 l\u00e1 o Direito \u00e9 direto.<\/p>\n\n\n\n<figure class=\"wp-block-embed is-type-video is-provider-youtube wp-block-embed-youtube wp-embed-aspect-16-9 wp-has-aspect-ratio\"><div class=\"wp-block-embed__wrapper\">\n<iframe title=\"Tipos de Demiss\u00e3o: Descubra o que voc\u00ea deve receber em cada caso!\" width=\"640\" height=\"360\" src=\"https:\/\/www.youtube.com\/embed\/NX81oP2F97s?feature=oembed\" frameborder=\"0\" allow=\"accelerometer; autoplay; clipboard-write; encrypted-media; gyroscope; picture-in-picture; web-share\" referrerpolicy=\"strict-origin-when-cross-origin\" allowfullscreen><\/iframe>\n<\/div><\/figure>\n\n\n\n<p><\/p>\n","protected":false},"excerpt":{"rendered":"<p>Se voc\u00ea trabalha na ro\u00e7a todo dia e at\u00e9 agora seu patr\u00e3o n\u00e3o assinou sua carteira, cuidado: isso \u00e9 ilegal e pode te fazer perder dinheiro!<\/p>\n","protected":false},"author":27,"featured_media":2702,"comment_status":"open","ping_status":"open","sticky":false,"template":"","format":"standard","meta":{"footnotes":""},"categories":[289],"tags":[269,222,265,274,272],"class_list":["post-2694","post","type-post","status-publish","format-standard","has-post-thumbnail","hentry","category-economia-negocios","tag-carteira-assinada","tag-direitos-trabalhistas","tag-trabalhador-rural","tag-trabalho-informal","tag-vinculo-empregaticio"],"_links":{"self":[{"href":"https:\/\/cidadenoar.com\/global\/wp-json\/wp\/v2\/posts\/2694","targetHints":{"allow":["GET"]}}],"collection":[{"href":"https:\/\/cidadenoar.com\/global\/wp-json\/wp\/v2\/posts"}],"about":[{"href":"https:\/\/cidadenoar.com\/global\/wp-json\/wp\/v2\/types\/post"}],"author":[{"embeddable":true,"href":"https:\/\/cidadenoar.com\/global\/wp-json\/wp\/v2\/users\/27"}],"replies":[{"embeddable":true,"href":"https:\/\/cidadenoar.com\/global\/wp-json\/wp\/v2\/comments?post=2694"}],"version-history":[{"count":0,"href":"https:\/\/cidadenoar.com\/global\/wp-json\/wp\/v2\/posts\/2694\/revisions"}],"wp:featuredmedia":[{"embeddable":true,"href":"https:\/\/cidadenoar.com\/global\/wp-json\/wp\/v2\/media\/2702"}],"wp:attachment":[{"href":"https:\/\/cidadenoar.com\/global\/wp-json\/wp\/v2\/media?parent=2694"}],"wp:term":[{"taxonomy":"category","embeddable":true,"href":"https:\/\/cidadenoar.com\/global\/wp-json\/wp\/v2\/categories?post=2694"},{"taxonomy":"post_tag","embeddable":true,"href":"https:\/\/cidadenoar.com\/global\/wp-json\/wp\/v2\/tags?post=2694"}],"curies":[{"name":"wp","href":"https:\/\/api.w.org\/{rel}","templated":true}]}}