{"id":2719,"date":"2025-05-14T18:16:01","date_gmt":"2025-05-14T21:16:01","guid":{"rendered":"https:\/\/cidadenoar.com\/?p=2719"},"modified":"2025-05-15T18:07:32","modified_gmt":"2025-05-15T21:07:32","slug":"papo-de-jornalista-recebe-a-reporter-angela-bastos-na-sede-da-aci-no-proximo-dia-29-5-em-florianopolis","status":"publish","type":"post","link":"https:\/\/cidadenoar.com\/global\/tecnologia-educacao\/papo-de-jornalista-recebe-a-reporter-angela-bastos-na-sede-da-aci-no-proximo-dia-29-5-em-florianopolis\/","title":{"rendered":"Papo de Jornalista recebe a rep\u00f3rter \u00c2ngela Bastos na sede da ACI no pr\u00f3ximo dia 29\/5, em Florian\u00f3polis"},"content":{"rendered":"\n<p>Graduada em Jornalismo pela Universidade Cat\u00f3lica de Pelotas (RS) e especializada em Pol\u00edticas P\u00fablicas em Crian\u00e7a e Adolesc\u00eancia pela Udesc, \u00c2ngela Bastos tem uma grande trajet\u00f3ria no jornalismo catarinense, atuando desde 1994. A profissional, que come\u00e7ou sua carreira trabalhando no Jornal Zero Hora, em Porto Alegre, de onde se transferiu para o Di\u00e1rio Catarinense, \u00e9 a convidada da pr\u00f3xima edi\u00e7\u00e3o do evento \u201cPapo de Jornalista\u201d, uma iniciativa da Associa\u00e7\u00e3o Catarinense de Imprensa (ACI), no pr\u00f3ximo dia 29 de maio. O evento ser\u00e1 na pr\u00f3pria sede da ACI, na Agron\u00f4mica, e a entrada &#8211; <a href=\"https:\/\/www.sympla.com.br\/evento\/papo-de-jornalista-angela-bastos\/2950844\" target=\"_blank\" rel=\"noopener\">mediante inscri\u00e7\u00f5es pr\u00e9vias e limitadas<\/a> &#8211; \u00e9 gratuita.<\/p>\n\n\n\n<p>Sua jornada como rep\u00f3rter foi marcada por temas ligados \u00e0s quest\u00f5es humanas e sociais, apresentando seus conte\u00fados em multim\u00eddias que lhe renderam os mais importantes pr\u00eamios de jornalismo, como o Vladimir Herzog de Anistia e Direitos Humanos, Tim Lopes, CNBB, ACI. &#8220;Procurei priorizar uma pauta que tivesse como foco crian\u00e7as e mulheres v\u00edtimas das viol\u00eancias, tamb\u00e9m pessoas cujos direitos s\u00e3o negados, como povos origin\u00e1rios e pessoas em situa\u00e7\u00e3o de rua&#8221;, relata \u00c2ngela.<\/p>\n\n\n\n<figure class=\"wp-block-image size-large is-resized\"><img fetchpriority=\"high\" decoding=\"async\" width=\"1024\" height=\"536\" src=\"https:\/\/cidadenoar.com\/wp-content\/uploads\/sites\/22\/2025\/05\/Sympla-PapodeJornalista-Angela-Bastos-1024x536.png\" alt=\"\" class=\"wp-image-2741\" style=\"width:611px;height:auto\" title=\"\" srcset=\"https:\/\/cidadenoar.com\/global\/wp-content\/uploads\/sites\/22\/2025\/05\/Sympla-PapodeJornalista-Angela-Bastos-1024x536.png 1024w, https:\/\/cidadenoar.com\/global\/wp-content\/uploads\/sites\/22\/2025\/05\/Sympla-PapodeJornalista-Angela-Bastos-300x157.png 300w, https:\/\/cidadenoar.com\/global\/wp-content\/uploads\/sites\/22\/2025\/05\/Sympla-PapodeJornalista-Angela-Bastos-768x402.png 768w, https:\/\/cidadenoar.com\/global\/wp-content\/uploads\/sites\/22\/2025\/05\/Sympla-PapodeJornalista-Angela-Bastos-1536x804.png 1536w, https:\/\/cidadenoar.com\/global\/wp-content\/uploads\/sites\/22\/2025\/05\/Sympla-PapodeJornalista-Angela-Bastos.png 1600w\" sizes=\"(max-width: 1024px) 100vw, 1024px\" \/><\/figure>\n\n\n\n<p>No \u201cPapo de Jornalista\u201d, \u00c2ngela Bastos ser\u00e1 sabatinada por alguns dos jornalistas que integram a diretoria da ACI. O evento tem in\u00edcio \u00e0s 19h.<\/p>\n\n\n\n<p>Local: Casa do Jornalista &#8211; ACI<br>Rua Rui Barbosa, 621 &#8211; Agron\u00f4mica &#8211; Florian\u00f3polis\/SC<\/p>\n\n\n\n<p>Inscri\u00e7\u00f5es gratuitas pelo Sympla:&nbsp;<\/p>\n\n\n\n<p><a href=\"https:\/\/www.sympla.com.br\/evento\/papo-de-jornalista-angela-bastos\/2950844\" target=\"_blank\" rel=\"noopener\">https:\/\/www.sympla.com.br\/evento\/papo-de-jornalista-angela-bastos\/2950844<\/a><\/p>\n","protected":false},"excerpt":{"rendered":"<p>Premiada jornalista, com mais de 30 anos de trajet\u00f3ria no jornalismo, \u00e9 a convidada do evento que j\u00e1 \u00e9 uma tradi\u00e7\u00e3o no calend\u00e1rio da Associa\u00e7\u00e3o Catarinense de Imprensa<\/p>\n","protected":false},"author":23,"featured_media":2721,"comment_status":"open","ping_status":"open","sticky":false,"template":"","format":"standard","meta":{"footnotes":""},"categories":[21],"tags":[158,278,279],"class_list":["post-2719","post","type-post","status-publish","format-standard","has-post-thumbnail","hentry","category-tecnologia-educacao","tag-aci","tag-angela-bastos","tag-jornalismo"],"_links":{"self":[{"href":"https:\/\/cidadenoar.com\/global\/wp-json\/wp\/v2\/posts\/2719","targetHints":{"allow":["GET"]}}],"collection":[{"href":"https:\/\/cidadenoar.com\/global\/wp-json\/wp\/v2\/posts"}],"about":[{"href":"https:\/\/cidadenoar.com\/global\/wp-json\/wp\/v2\/types\/post"}],"author":[{"embeddable":true,"href":"https:\/\/cidadenoar.com\/global\/wp-json\/wp\/v2\/users\/23"}],"replies":[{"embeddable":true,"href":"https:\/\/cidadenoar.com\/global\/wp-json\/wp\/v2\/comments?post=2719"}],"version-history":[{"count":0,"href":"https:\/\/cidadenoar.com\/global\/wp-json\/wp\/v2\/posts\/2719\/revisions"}],"wp:featuredmedia":[{"embeddable":true,"href":"https:\/\/cidadenoar.com\/global\/wp-json\/wp\/v2\/media\/2721"}],"wp:attachment":[{"href":"https:\/\/cidadenoar.com\/global\/wp-json\/wp\/v2\/media?parent=2719"}],"wp:term":[{"taxonomy":"category","embeddable":true,"href":"https:\/\/cidadenoar.com\/global\/wp-json\/wp\/v2\/categories?post=2719"},{"taxonomy":"post_tag","embeddable":true,"href":"https:\/\/cidadenoar.com\/global\/wp-json\/wp\/v2\/tags?post=2719"}],"curies":[{"name":"wp","href":"https:\/\/api.w.org\/{rel}","templated":true}]}}