{"id":2855,"date":"2025-05-27T18:29:57","date_gmt":"2025-05-27T21:29:57","guid":{"rendered":"https:\/\/cidadenoar.com\/?p=2855"},"modified":"2025-07-26T18:13:18","modified_gmt":"2025-07-26T21:13:18","slug":"ana-hickmann-integra-debate-no-venus-day-talks-sobre-saude-e-maturidade-feminina","status":"publish","type":"post","link":"https:\/\/cidadenoar.com\/global\/geral\/ana-hickmann-integra-debate-no-venus-day-talks-sobre-saude-e-maturidade-feminina\/","title":{"rendered":"Ana Hickmann integra debate no V\u00eanus Day Talks sobre sa\u00fade e maturidade feminina"},"content":{"rendered":"\n<p>A apresentadora Ana Hickmann \u00e9 uma das convidadas do <a href=\"https:\/\/www.e-inscricao.com\/venustalks\/daytalks3\" target=\"_blank\" rel=\"noopener\">V\u00eanus Day Talks<\/a>, encontro que reunir\u00e1, no dia 3 de junho, no Unibes Cultural, em S\u00e3o Paulo, especialistas e personalidades para debater os desafios da maturidade feminina. Durante a programa\u00e7\u00e3o, Ana compartilhar\u00e1 experi\u00eancias pessoais sobre a nova etapa que est\u00e1 vivendo e a import\u00e2ncia de cuidar da sa\u00fade.<\/p>\n\n\n\n<p>\u201cSer mulher \u00e9 lidar com muitas transforma\u00e7\u00f5es no corpo. As mudan\u00e7as que vivi no \u00faltimo ano me despertaram para a necessidade de conhecer melhor minha sa\u00fade e me preparar para um momento que, mais cedo ou mais tarde, chegar\u00e1 para todas n\u00f3s: a menopausa\u201d, destaca a apresentadora.<\/p>\n\n\n\n<p>Al\u00e9m de Ana Hickmann, o <a href=\"https:\/\/www.e-inscricao.com\/venustalks\/daytalks3\" target=\"_blank\" rel=\"noopener\">V\u00eanus Day Talks<\/a> contar\u00e1 com m\u00e9dicas especialistas \u2014 como ginecologista, endocrinologista, dermatologista, entre outras \u2014 que evidenciar\u00e3o diferentes perspectivas sobre as transforma\u00e7\u00f5es do corpo da mulher ao longo das fases da vida, com autonomia e bem-estar. A proposta do evento \u00e9 promover um espa\u00e7o de troca e acolhimento, onde temas como menopausa, sa\u00fade mental, sexualidade e autoestima ser\u00e3o tratados de forma aberta e acess\u00edvel.<\/p>\n\n\n\n<p>Para participar, basta <a href=\"https:\/\/www.e-inscricao.com\/venustalks\/daytalks3\" target=\"_blank\" rel=\"noopener\">acessar o link<\/a> e escolher o formato: presencial ou online. Com o objetivo de alcan\u00e7ar um p\u00fablico ainda maior, esta edi\u00e7\u00e3o ser\u00e1 realizada de forma h\u00edbrida.<\/p>\n\n\n\n<p><strong>Servi\u00e7o:<\/strong><\/p>\n\n\n\n<ul class=\"wp-block-list\">\n<li>3\u00aa edi\u00e7\u00e3o do V\u00eanus Day Talk<\/li>\n\n\n\n<li>Quando: 3 de junho de 2024<\/li>\n\n\n\n<li>Hor\u00e1rio: das 15h30 \u00e0s 20h<\/li>\n\n\n\n<li>Local: Unibes Cultural \u2013 Rua Oscar Freire, 2.500, S\u00e3o Paulo (ao lado da esta\u00e7\u00e3o Sumar\u00e9 do Metr\u00f4 \u2013 Linha 2-Verde)<\/li>\n\n\n\n<li>Inscri\u00e7\u00f5es: <a href=\"https:\/\/www.e-inscricao.com\/venustalks\/daytalks3\" target=\"_blank\" rel=\"noopener\">https:\/\/www.e-inscricao.com\/venustalks\/daytalks3<\/a><\/li>\n<\/ul>\n","protected":false},"excerpt":{"rendered":"<p>Evento ser\u00e1 realizado em S\u00e3o Paulo e contar\u00e1 com rodas de conversa e pain\u00e9is sobre longevidade, cuidados preventivos e qualidade de vida<\/p>\n","protected":false},"author":23,"featured_media":2856,"comment_status":"open","ping_status":"open","sticky":false,"template":"","format":"standard","meta":{"footnotes":""},"categories":[1],"tags":[305,310,309,307],"class_list":["post-2855","post","type-post","status-publish","format-standard","has-post-thumbnail","hentry","category-geral","tag-ana-hickmann","tag-maturidade","tag-menopausa","tag-sao-paulo"],"_links":{"self":[{"href":"https:\/\/cidadenoar.com\/global\/wp-json\/wp\/v2\/posts\/2855","targetHints":{"allow":["GET"]}}],"collection":[{"href":"https:\/\/cidadenoar.com\/global\/wp-json\/wp\/v2\/posts"}],"about":[{"href":"https:\/\/cidadenoar.com\/global\/wp-json\/wp\/v2\/types\/post"}],"author":[{"embeddable":true,"href":"https:\/\/cidadenoar.com\/global\/wp-json\/wp\/v2\/users\/23"}],"replies":[{"embeddable":true,"href":"https:\/\/cidadenoar.com\/global\/wp-json\/wp\/v2\/comments?post=2855"}],"version-history":[{"count":0,"href":"https:\/\/cidadenoar.com\/global\/wp-json\/wp\/v2\/posts\/2855\/revisions"}],"wp:featuredmedia":[{"embeddable":true,"href":"https:\/\/cidadenoar.com\/global\/wp-json\/wp\/v2\/media\/2856"}],"wp:attachment":[{"href":"https:\/\/cidadenoar.com\/global\/wp-json\/wp\/v2\/media?parent=2855"}],"wp:term":[{"taxonomy":"category","embeddable":true,"href":"https:\/\/cidadenoar.com\/global\/wp-json\/wp\/v2\/categories?post=2855"},{"taxonomy":"post_tag","embeddable":true,"href":"https:\/\/cidadenoar.com\/global\/wp-json\/wp\/v2\/tags?post=2855"}],"curies":[{"name":"wp","href":"https:\/\/api.w.org\/{rel}","templated":true}]}}