{"id":2889,"date":"2025-05-30T11:28:53","date_gmt":"2025-05-30T14:28:53","guid":{"rendered":"https:\/\/cidadenoar.com\/?p=2889"},"modified":"2025-07-26T18:13:12","modified_gmt":"2025-07-26T21:13:12","slug":"dra-anayene-craveiro-revoluciona-o-transplante-capilar-com-tecnica-exclusiva-e-leva-excelencia-do-interior-mineiro-ao-mundo","status":"publish","type":"post","link":"https:\/\/cidadenoar.com\/global\/geral\/dra-anayene-craveiro-revoluciona-o-transplante-capilar-com-tecnica-exclusiva-e-leva-excelencia-do-interior-mineiro-ao-mundo\/","title":{"rendered":"Dra. Anayene Craveiro Revoluciona o Transplante Capilar com T\u00e9cnica Exclusiva e Leva Excel\u00eancia do Interior Mineiro ao Mundo"},"content":{"rendered":"\n<p>Fundadora da cl\u00ednica Hair of Brazil, em Tr\u00eas Cora\u00e7\u00f5es\/MG, Dra. Anayene Craveiro \u00e9 refer\u00eancia internacional em tricologia e j\u00e1 treinou mais de 50 m\u00e9dicos com seu m\u00e9todo exclusivo Hair of Brazil (Long Hair FUE + DHI).<\/p>\n\n\n\n<p>Tr\u00eas Cora\u00e7\u00f5es (MG), maio de 2025 &#8211; Em um cen\u00e1rio tradicionalmente dominado por cl\u00ednicas nas grandes capitais e no exterior, a Dra. Anayene Craveiro tem quebrado paradigmas e transformado o sul de Minas em um polo de excel\u00eancia internacional em tricologia m\u00e9dica. Fundadora e CEO da Hair of Brazil, a m\u00e9dica se destacou no setor ao criar uma t\u00e9cnica inovadora de transplante capilar que une dois dos m\u00e9todos mais modernos do mundo: Long Hair FUE + DHI, realizados sem a necessidade de raspar os cabelos.&nbsp;<\/p>\n\n\n\n<p>Com mais de seis anos de experi\u00eancia e uma especializa\u00e7\u00e3o (fellowship) na Turquia &#8211; um dos maiores centros mundiais de tricologia &#8211; Dra. Anayene n\u00e3o s\u00f3 trouxe para o Brasil as tecnologias mais avan\u00e7adas no tratamento da calv\u00edcie, como tamb\u00e9m desenvolveu um protocolo pr\u00f3prio, capaz de impactar positivamente a autoestima de milhares de pacientes. Sua t\u00e9cnica tamb\u00e9m tem sido utilizada para capacitar mais de 50 m\u00e9dicos por meio de treinamentos realizados tanto no Brasil quanto no exterior.&nbsp;<\/p>\n\n\n\n<p>&#8220;Meu trabalho \u00e9 a uni\u00e3o de ci\u00eancia, arte e empatia. Cada fio implantado representa n\u00e3o apenas uma interven\u00e7\u00e3o t\u00e9cnica, mas uma devolu\u00e7\u00e3o de identidade e confian\u00e7a para os meus pacientes. \u00c9 isso que me motiva todos os dias&#8221;, afirma Dra. Anayene, que, al\u00e9m de atuar na cl\u00ednica, tamb\u00e9m ministra aulas em congressos internacionais sobre transplante capilar em mais de sete pa\u00edses.<\/p>\n\n\n\n<p>Entre os grandes diferenciais da Hair of Brazil est\u00e1 o fato de ser a \u00fanica cl\u00ednica da regi\u00e3o a realizar transplantes com fio longo, dispensando a raspagem &#8211; uma inova\u00e7\u00e3o especialmente procurada por pessoas p\u00fablicas, empres\u00e1rios e mulheres que buscam resultados discretos e imediatos. Este m\u00e9todo foi desenvolvido para garantir que o paciente n\u00e3o sofra com a apar\u00eancia do processo, podendo voltar rapidamente \u00e0 sua rotina sem que a interven\u00e7\u00e3o seja percept\u00edvel. Al\u00e9m disso, a cl\u00ednica tamb\u00e9m se destaca pelo transplante de sobrancelhas, oferecendo resultados vis\u00edveis no mesmo dia, uma solu\u00e7\u00e3o inovadora para quem busca um contorno mais natural e harmonioso.<\/p>\n\n\n\n<p>Em menos de dois anos de funcionamento, a Hair of Brazil j\u00e1 acumulou recordes de sucesso cl\u00ednico, premiada em eventos internacionais e com uma crescente presen\u00e7a nas redes sociais, impulsionada por parcerias com influenciadores e por um time altamente capacitado. A cl\u00ednica tamb\u00e9m \u00e9 respons\u00e1vel pelo lan\u00e7amento de sua pr\u00f3pria linha de produtos capilares, que reflete o compromisso da marca com inova\u00e7\u00e3o, qualidade e performance.<\/p>\n\n\n\n<p>A Dra. Anayene est\u00e1 agora focada na expans\u00e3o da Hair of Brazil para o mercado americano. &#8220;Estamos em fase de estrutura\u00e7\u00e3o da nossa nova unidade nos Estados Unidos. Queremos levar nossa metodologia, nossa linha de produtos e nossa vis\u00e3o empreendedora para o mundo. Essa \u00e9 uma nova fase da Hair of Brazil, e estou muito empolgada com as possibilidades que ela trar\u00e1&#8221;, revela a m\u00e9dica.&nbsp;<\/p>\n\n\n\n<p>Com um atendimento humanizado, t\u00e9cnicas minimamente invasivas e foco em resultados naturais, Dra. Anayene Craveiro tem consolidado seu nome como uma das maiores autoridades do pa\u00eds em transplante capilar. Ela tem mostrado ao Brasil e ao mundo que a excel\u00eancia m\u00e9dica e a inova\u00e7\u00e3o podem, sim, nascer no interior, e que as melhores pr\u00e1ticas da tricologia est\u00e3o ao alcance de todos, independentemente da localiza\u00e7\u00e3o.<\/p>\n\n\n\n<p>Para acompanhar os resultados, os bastidores e tirar d\u00favidas sobre transplante capilar, siga a Dra. Anayene nas redes sociais e fique por dentro de tudo o que acontece na Hair of Brazil. No Instagram, ela compartilha o dia a dia da cl\u00ednica, resultados de pacientes, dicas e esclarecimentos sobre o procedimento.&nbsp;<\/p>\n\n\n\n<p>Instagram: @DraAnayeneCraveiro<\/p>\n\n\n\n<p><\/p>\n","protected":false},"excerpt":{"rendered":"<p>Fundadora da cl\u00ednica Hair of Brazil, em Tr\u00eas Cora\u00e7\u00f5es\/MG, Dra. Anayene Craveiro \u00e9 refer\u00eancia internacional em tricologia e j\u00e1 treinou mais de 50 m\u00e9dicos com seu m\u00e9todo exclusivo Hair of Brazil (Long Hair FUE + DHI). Tr\u00eas Cora\u00e7\u00f5es (MG), maio de 2025 &#8211; Em um cen\u00e1rio tradicionalmente dominado por cl\u00ednicas nas grandes capitais e no&#8230;<\/p>\n","protected":false},"author":20,"featured_media":2890,"comment_status":"open","ping_status":"open","sticky":false,"template":"","format":"standard","meta":{"footnotes":""},"categories":[1],"tags":[],"class_list":["post-2889","post","type-post","status-publish","format-standard","has-post-thumbnail","hentry","category-geral"],"_links":{"self":[{"href":"https:\/\/cidadenoar.com\/global\/wp-json\/wp\/v2\/posts\/2889","targetHints":{"allow":["GET"]}}],"collection":[{"href":"https:\/\/cidadenoar.com\/global\/wp-json\/wp\/v2\/posts"}],"about":[{"href":"https:\/\/cidadenoar.com\/global\/wp-json\/wp\/v2\/types\/post"}],"author":[{"embeddable":true,"href":"https:\/\/cidadenoar.com\/global\/wp-json\/wp\/v2\/users\/20"}],"replies":[{"embeddable":true,"href":"https:\/\/cidadenoar.com\/global\/wp-json\/wp\/v2\/comments?post=2889"}],"version-history":[{"count":0,"href":"https:\/\/cidadenoar.com\/global\/wp-json\/wp\/v2\/posts\/2889\/revisions"}],"wp:featuredmedia":[{"embeddable":true,"href":"https:\/\/cidadenoar.com\/global\/wp-json\/wp\/v2\/media\/2890"}],"wp:attachment":[{"href":"https:\/\/cidadenoar.com\/global\/wp-json\/wp\/v2\/media?parent=2889"}],"wp:term":[{"taxonomy":"category","embeddable":true,"href":"https:\/\/cidadenoar.com\/global\/wp-json\/wp\/v2\/categories?post=2889"},{"taxonomy":"post_tag","embeddable":true,"href":"https:\/\/cidadenoar.com\/global\/wp-json\/wp\/v2\/tags?post=2889"}],"curies":[{"name":"wp","href":"https:\/\/api.w.org\/{rel}","templated":true}]}}