{"id":2900,"date":"2025-05-30T19:30:10","date_gmt":"2025-05-30T22:30:10","guid":{"rendered":"https:\/\/cidadenoar.com\/?p=2900"},"modified":"2025-07-26T18:11:31","modified_gmt":"2025-07-26T21:11:31","slug":"reginaldo-boeira-adquire-jato-executivo-para-acompanhar-expansao-da-knn-nos-eua","status":"publish","type":"post","link":"https:\/\/cidadenoar.com\/global\/economia-negocios\/reginaldo-boeira-adquire-jato-executivo-para-acompanhar-expansao-da-knn-nos-eua\/","title":{"rendered":"Reginaldo Boeira adquire jato executivo para acompanhar expans\u00e3o da KNN nos EUA"},"content":{"rendered":"\n<p>O empres\u00e1rio Reginaldo Boeira, fundador da KNN Idiomas, acaba de dar mais um passo estrat\u00e9gico em sua trajet\u00f3ria: adquiriu um jato executivo para facilitar suas viagens entre o Brasil e os Estados Unidos, onde a rede mant\u00e9m sua sede internacional, em Orlando, na Fl\u00f3rida.<\/p>\n\n\n\n<p>Mais do que uma conquista pessoal, a aeronave representa uma ferramenta essencial para a nova fase de expans\u00e3o da KNN, presente j\u00e1 em mais de 550 cidades e 23 estados. Com crescimento acelerado e metas ambiciosas fora do Brasil, Boeira decidiu otimizar sua mobilidade para acompanhar de perto o processo de internacionaliza\u00e7\u00e3o da marca.<\/p>\n\n\n\n<p>\u201cViajar com mais autonomia significa estar presente onde a empresa precisa de mim. Nossos planos exigem presen\u00e7a f\u00edsica, decis\u00f5es r\u00e1pidas e proximidade com parceiros e equipes para garantir que a qualidade constru\u00edda ao longo dos anos seja mantida\u201d, afirma o empreendedor.<\/p>\n\n\n\n<p>O modelo escolhido para essa nova etapa \u00e9 o Phenom 300E, da Embraer, um dos jatos executivos mais avan\u00e7ados da categoria. Segundo o piloto Felipe Sanches, com 15 anos de experi\u00eancia na avia\u00e7\u00e3o e que acompanha Boeira desde o in\u00edcio de sua jornada como piloto executivo, o jato se destaca por desempenho, conforto e tecnologia. \u201cOs diferenciais desse modelo s\u00e3o a velocidade, o alcance e o conforto acima da m\u00e9dia, al\u00e9m de um dos sistemas de navega\u00e7\u00e3o mais modernos do mercado\u201d, explica.<\/p>\n\n\n\n<p>O Phenom 300E \u00e9 equipado com avi\u00f4nicos Garmin G3000, autothrottles e alertas avan\u00e7ados, como sistemas de windshear e excurs\u00e3o de pista. \u201cDo ponto de vista operacional, o ganho \u00e9 enorme: a cabine \u00e9 mais silenciosa e confort\u00e1vel, e o maior alcance reduz as paradas para reabastecimento, otimizando o tempo de voo\u201d, afirma Boeira.<\/p>\n\n\n\n<figure class=\"wp-block-image size-large is-resized\"><img fetchpriority=\"high\" decoding=\"async\" width=\"768\" height=\"1024\" src=\"https:\/\/cidadenoar.com\/wp-content\/uploads\/sites\/22\/2025\/05\/O-empresario-Reginaldo-Boeira-adquiriu-um-jato-executivo-para-facilitar-suas-viagens-entre-o-Brasil-e-o-exterior.-Foto-por-Paulo-Hintz_Growth-Global-768x1024.jpg\" alt=\"\" class=\"wp-image-2902\" style=\"width:407px;height:auto\" title=\"\" srcset=\"https:\/\/cidadenoar.com\/global\/wp-content\/uploads\/sites\/22\/2025\/05\/O-empresario-Reginaldo-Boeira-adquiriu-um-jato-executivo-para-facilitar-suas-viagens-entre-o-Brasil-e-o-exterior.-Foto-por-Paulo-Hintz_Growth-Global-768x1024.jpg 768w, https:\/\/cidadenoar.com\/global\/wp-content\/uploads\/sites\/22\/2025\/05\/O-empresario-Reginaldo-Boeira-adquiriu-um-jato-executivo-para-facilitar-suas-viagens-entre-o-Brasil-e-o-exterior.-Foto-por-Paulo-Hintz_Growth-Global-225x300.jpg 225w, https:\/\/cidadenoar.com\/global\/wp-content\/uploads\/sites\/22\/2025\/05\/O-empresario-Reginaldo-Boeira-adquiriu-um-jato-executivo-para-facilitar-suas-viagens-entre-o-Brasil-e-o-exterior.-Foto-por-Paulo-Hintz_Growth-Global-1152x1536.jpg 1152w, https:\/\/cidadenoar.com\/global\/wp-content\/uploads\/sites\/22\/2025\/05\/O-empresario-Reginaldo-Boeira-adquiriu-um-jato-executivo-para-facilitar-suas-viagens-entre-o-Brasil-e-o-exterior.-Foto-por-Paulo-Hintz_Growth-Global.jpg 1536w\" sizes=\"(max-width: 768px) 100vw, 768px\" \/><figcaption class=\"wp-element-caption\">O empresa\u0301rio Reginaldo Boeira adquiriu um jato executivo para facilitar suas viagens entre o Brasil e o exterior. Foto por Paulo Hintz_Growth Global<\/figcaption><\/figure>\n\n\n\n<p>Com autonomia de 2.010 milhas n\u00e1uticas, velocidade de cruzeiro de 464 n\u00f3s e capacidade para dois pilotos e at\u00e9 nove passageiros, a aeronave traz mais flexibilidade para agendas nacionais e internacionais. \u201c\u00c9 poss\u00edvel, por exemplo, voar de Curitiba a Boa Vista ou de Florian\u00f3polis a Santiago sem escalas\u201d, pontua o piloto.<\/p>\n\n\n\n<p>Al\u00e9m de acompanhar o crescimento da KNN, o novo jato permitir\u00e1 a Boeira ampliar sua agenda corporativa e como palestrante, em diferentes cidades, refor\u00e7ando seu posicionamento como uma das principais vozes do empreendedorismo no pa\u00eds. Com maior liberdade de deslocamento, ele tamb\u00e9m busca estreitar conex\u00f5es estrat\u00e9gicas e abrir novas frentes de neg\u00f3cios no Brasil e no exterior.<\/p>\n\n\n\n<p>Para Reginaldo, a decis\u00e3o de adquirir uma aeronave pr\u00f3pria reflete a maturidade da KNN e o est\u00e1gio de consolida\u00e7\u00e3o do grupo no mercado. \u201cHoje, um avi\u00e3o n\u00e3o \u00e9 mais um luxo, \u00e9 uma ferramenta de gest\u00e3o. Quando se lidera um grupo em expans\u00e3o internacional, o tempo se torna um dos ativos mais valiosos\u201d, destaca.<\/p>\n\n\n\n<p>A rela\u00e7\u00e3o pr\u00f3xima entre piloto e passageiro tamb\u00e9m se traduz em efici\u00eancia e confian\u00e7a. \u201cVoo com Reginaldo desde o in\u00edcio. Al\u00e9m de termos uma amizade, ele \u00e9 apaixonado por avia\u00e7\u00e3o, o que torna o trabalho mais leve. Quando est\u00e1 a bordo, ele \u00e9 100% focado, mas tamb\u00e9m sabe aproveitar os momentos de descontra\u00e7\u00e3o\u201d, comenta Sanches.<\/p>\n\n\n\n<p>O jato est\u00e1 em fase final de vistoria t\u00e9cnica, e os primeiros voos oficiais devem contemplar destinos estrat\u00e9gicos no Brasil, Am\u00e9rica Latina e EUA. \u201cMobilidade hoje \u00e9 vantagem competitiva. Esta aeronave representa mais do que deslocamento r\u00e1pido: constitui presen\u00e7a ativa, decis\u00f5es \u00e1geis e crescimento com controle e proximidade\u201d, conclui o empres\u00e1rio.<\/p>\n\n\n\n<p><strong>Sobre Reginaldo Boeira<br><\/strong>Reginaldo Boeira \u00e9 reconhecido por sua vis\u00e3o empreendedora e modelo de gest\u00e3o humanizada. Natural de Monte Belo (MG), come\u00e7ou a empreender ainda jovem. Fundou a KNN Idiomas em 2012 e, dois anos depois, iniciou a opera\u00e7\u00e3o de franquias, hoje com centenas de unidades no Brasil e presen\u00e7a internacional. \u00c9 tamb\u00e9m fundador da Phenom Idiomas e presidente da KNN Group, holding que re\u00fane quase 20 empresas nos setores de educa\u00e7\u00e3o, constru\u00e7\u00e3o civil e administra\u00e7\u00e3o de bens. A Boeira Construtora, que possui empreendimentos de alto padr\u00e3o, visa oferecer sofistica\u00e7\u00e3o, conforto e bem-estar aos moradores. Ele tamb\u00e9m \u00e9 autor do livro \u201cQuando o sucesso \u00e9 a \u00fanica op\u00e7\u00e3o\u201d, presen\u00e7a constante em eventos e palcos pelo pa\u00eds, onde compartilha li\u00e7\u00f5es pr\u00e1ticas de empreendedorismo, lideran\u00e7a e inova\u00e7\u00e3o.<\/p>\n","protected":false},"excerpt":{"rendered":"<p>Com sede em Orlando, rede brasileira de idiomas fortalece presen\u00e7a internacional e mira novos mercados<\/p>\n","protected":false},"author":23,"featured_media":2901,"comment_status":"open","ping_status":"open","sticky":false,"template":"","format":"standard","meta":{"footnotes":""},"categories":[289],"tags":[286,317,288],"class_list":["post-2900","post","type-post","status-publish","format-standard","has-post-thumbnail","hentry","category-economia-negocios","tag-knn","tag-novo-jato","tag-reginaldo-boeira"],"_links":{"self":[{"href":"https:\/\/cidadenoar.com\/global\/wp-json\/wp\/v2\/posts\/2900","targetHints":{"allow":["GET"]}}],"collection":[{"href":"https:\/\/cidadenoar.com\/global\/wp-json\/wp\/v2\/posts"}],"about":[{"href":"https:\/\/cidadenoar.com\/global\/wp-json\/wp\/v2\/types\/post"}],"author":[{"embeddable":true,"href":"https:\/\/cidadenoar.com\/global\/wp-json\/wp\/v2\/users\/23"}],"replies":[{"embeddable":true,"href":"https:\/\/cidadenoar.com\/global\/wp-json\/wp\/v2\/comments?post=2900"}],"version-history":[{"count":0,"href":"https:\/\/cidadenoar.com\/global\/wp-json\/wp\/v2\/posts\/2900\/revisions"}],"wp:featuredmedia":[{"embeddable":true,"href":"https:\/\/cidadenoar.com\/global\/wp-json\/wp\/v2\/media\/2901"}],"wp:attachment":[{"href":"https:\/\/cidadenoar.com\/global\/wp-json\/wp\/v2\/media?parent=2900"}],"wp:term":[{"taxonomy":"category","embeddable":true,"href":"https:\/\/cidadenoar.com\/global\/wp-json\/wp\/v2\/categories?post=2900"},{"taxonomy":"post_tag","embeddable":true,"href":"https:\/\/cidadenoar.com\/global\/wp-json\/wp\/v2\/tags?post=2900"}],"curies":[{"name":"wp","href":"https:\/\/api.w.org\/{rel}","templated":true}]}}