{"id":2913,"date":"2025-05-31T19:12:00","date_gmt":"2025-05-31T22:12:00","guid":{"rendered":"https:\/\/cidadenoar.com\/?p=2913"},"modified":"2025-07-26T18:11:29","modified_gmt":"2025-07-26T21:11:29","slug":"festival-mundo-dos-vinhos-tera-tres-edicoes-entre-junho-e-julho-em-santa-catarina","status":"publish","type":"post","link":"https:\/\/cidadenoar.com\/global\/economia-negocios\/festival-mundo-dos-vinhos-tera-tres-edicoes-entre-junho-e-julho-em-santa-catarina\/","title":{"rendered":"Festival Mundo dos Vinhos ter\u00e1 tr\u00eas edi\u00e7\u00f5es entre junho e julho em Santa Catarina"},"content":{"rendered":"\n<p>Os apreciadores de bons vinhos e outras iguarias que casam bem com as temperaturas mais baixas da esta\u00e7\u00e3o j\u00e1 podem marcar na agenda: o Festival Mundo dos Vinhos, uma promo\u00e7\u00e3o do Fort Atacadista que j\u00e1 virou tradi\u00e7\u00e3o no calend\u00e1rio Outono\/Inverno, tem tr\u00eas edi\u00e7\u00f5es confirmadas em Santa Catarina entre os meses de junho e julho. O evento, que j\u00e1 se consolidou como um dos principais encontros para amantes da bebida no estado e que sempre impressiona pela grande variedade e qualidade de itens para degusta\u00e7\u00e3o, ocorrer\u00e1 em lojas do Fort nas cidades de Palho\u00e7a, Florian\u00f3polis e Balne\u00e1rio Cambori\u00fa, com entrada gratuita e programa\u00e7\u00e3o aberta ao p\u00fablico.<\/p>\n\n\n\n<p>A iniciativa que contempla dezenas de parceiros da ind\u00fastria para apresentar seus produtos aos consumidores faz parte do calend\u00e1rio anual da rede de atacarejo do Grupo Pereira, que atualmente conta com 68 unidades espalhadas por sete estados brasileiros. S\u00f3 em territ\u00f3rio catarinense, onde nasceu, a rede Fort Atacadista soma 40 lojas.<\/p>\n\n\n\n<p>Durante o Festival Mundo dos Vinhos, os participantes poder\u00e3o degustar r\u00f3tulos nacionais e importados de diversas vin\u00edcolas, al\u00e9m de queijos, massas e embutidos de diferentes marcas. O evento tamb\u00e9m contar\u00e1 com experi\u00eancias de harmoniza\u00e7\u00e3o, com dicas pr\u00e1ticas sobre como combinar certos alimentos e vinhos, um atrativo tanto para iniciantes quanto para entusiastas mais experientes.<\/p>\n\n\n\n<p>As edi\u00e7\u00f5es confirmadas em Santa Catarina ser\u00e3o realizadas nas seguintes datas e locais:<\/p>\n\n\n\n<ul class=\"wp-block-list\">\n<li><strong>14 de junho (s\u00e1bado)<\/strong> \u2013 das 10h \u00e0s 17h, na loja do bairro <strong>Passa Vinte<\/strong>, em <strong>Palho\u00e7a (SC)<\/strong><\/li>\n\n\n\n<li><strong>28 de junho (s\u00e1bado)<\/strong> \u2013 das 10h \u00e0s 17h, na loja do <strong>Campeche<\/strong>, em <strong>Florian\u00f3polis (SC)<\/strong><\/li>\n\n\n\n<li><strong>12 de julho (s\u00e1bado)<\/strong> \u2013 das 10h \u00e0s 17h, na loja de <strong>Balne\u00e1rio Cambori\u00fa (SC)<\/strong><\/li>\n<\/ul>\n\n\n\n<p>&#8220;O Festival Mundo dos Vinhos \u00e9 uma celebra\u00e7\u00e3o que criamos com muito carinho para proporcionar uma experi\u00eancia diferenciada aos nossos clientes. Mais do que oferecer produtos de qualidade, queremos que o p\u00fablico tenha a oportunidade de conhecer novos sabores, aprender e aproveitar um momento agrad\u00e1vel com amigos e familiares. \u00c9 uma forma de estreitar o relacionamento com os nossos consumidores e refor\u00e7ar o nosso compromisso em ir al\u00e9m das compras do dia a dia&#8221;, destaca Silvia Vaccari Marquez, coordenadora regional de marketing do Fort Atacadista.&nbsp;<\/p>\n\n\n\n<p><strong>S\u00e9rie \u201cVinho Descomplicado\u201d&nbsp;<\/strong><\/p>\n\n\n\n<p>Al\u00e9m do evento presencial, o Fort Atacadista ir\u00e1 lan\u00e7ar em breve em suas redes sociais a s\u00e9rie digital&nbsp;<strong>&#8220;Vinho Descomplicado&#8221;<\/strong>, com 15 epis\u00f3dios apresentados pelo sommelier Charles de Carvalho. Nos v\u00eddeos, o especialista responde \u00e0s principais d\u00favidas sobre o universo dos vinhos de forma leve e acess\u00edvel. Os epis\u00f3dios ser\u00e3o publicados semanalmente nos meses de junho e julho e podem ser assistidos no Facebook, Instagram, Youtube e tamb\u00e9m no&nbsp;<a href=\"http:\/\/www.fortatacadista.com.br\/mundo-dos-vinhos\/\" target=\"_blank\" rel=\"noreferrer noopener\">site oficial<\/a>&nbsp;do Festival Mundo dos Vinhos.&nbsp;<\/p>\n\n\n\n<p><strong>Mundo dos Vinhos: promo\u00e7\u00f5es e parcelamento especial at\u00e9 31 de agosto<\/strong><\/p>\n\n\n\n<p>Com as temperaturas mais baixas, o consumo de vinhos cresce substancialmente. Comparado a 2024, a expectativa para o consumo de vinhos e espumantes nas esta\u00e7\u00f5es Outono e Inverno de 2025 \u00e9 de um crescimento entre 7% e 12%, especialmente impulsionado por melhorias na safra e mudan\u00e7as culturais no consumo. Levando estes dados em considera\u00e7\u00e3o, o Fort Atacadista j\u00e1 iniciou a campanha \u201cMundo dos Vinhos\u201d em todas as suas lojas do Brasil desde o dia 20 de maio, e a campanha seguir\u00e1 vigente at\u00e9 o dia 31 de agosto.<\/p>\n\n\n\n<p>A campanha \u00e9 uma oportunidade para os consumidores encontrarem uma grande oferta de r\u00f3tulos com pre\u00e7os ainda mais acess\u00edveis, em especial para vinhos de importa\u00e7\u00e3o pr\u00f3pria do Fort Atacadista, de nacionalidades como Chile, Argentina e Portugal, e com condi\u00e7\u00f5es facilitadas de pagamento: clientes Vuon Card podem parcelar suas compras de vinhos e espumantes em at\u00e9 10 vezes sem juros.<\/p>\n\n\n\n<p><strong>Mercado em crescimento<\/strong><\/p>\n\n\n\n<p>O mercado brasileiro de vinhos tem mostrado crescimento cont\u00ednuo, com aumento de 11,6% no consumo em 2023, segundo dados da Organiza\u00e7\u00e3o Internacional da Vinha e do Vinho (OIV).Para 2025, a safra hist\u00f3rica de uvas no Brasil, especialmente no Rio Grande do Sul (respons\u00e1vel por 90% da produ\u00e7\u00e3o nacional), promete elevar a qualidade e quantidade, o que deve impulsionar o consumo interno e abrir novas oportunidades de exporta\u00e7\u00e3o.<\/p>\n\n\n\n<p><\/p>\n\n\n\n\n\n\n\n\n\n\n\n\n\n<figure class=\"wp-block-image size-large\"><img fetchpriority=\"high\" decoding=\"async\" width=\"819\" height=\"1024\" src=\"https:\/\/cidadenoar.com\/wp-content\/uploads\/sites\/22\/2025\/05\/IMG_0273-819x1024.jpeg\" alt=\"\" class=\"wp-image-2915\" title=\"\" srcset=\"https:\/\/cidadenoar.com\/global\/wp-content\/uploads\/sites\/22\/2025\/05\/IMG_0273-819x1024.jpeg 819w, https:\/\/cidadenoar.com\/global\/wp-content\/uploads\/sites\/22\/2025\/05\/IMG_0273-240x300.jpeg 240w, https:\/\/cidadenoar.com\/global\/wp-content\/uploads\/sites\/22\/2025\/05\/IMG_0273-768x960.jpeg 768w, https:\/\/cidadenoar.com\/global\/wp-content\/uploads\/sites\/22\/2025\/05\/IMG_0273.jpeg 1125w\" sizes=\"(max-width: 819px) 100vw, 819px\" \/><\/figure>\n","protected":false},"excerpt":{"rendered":"<p>Evento promovido pelo Fort Atacadista oferece degusta\u00e7\u00f5es e experi\u00eancias de harmoniza\u00e7\u00e3o em lojas de Palho\u00e7a, Florian\u00f3polis e Balne\u00e1rio Cambori\u00fa; promo\u00e7\u00f5es em r\u00f3tulos j\u00e1 iniciaram e seguem at\u00e9 o fim de agosto<\/p>\n","protected":false},"author":23,"featured_media":2914,"comment_status":"open","ping_status":"open","sticky":false,"template":"","format":"standard","meta":{"footnotes":""},"categories":[289],"tags":[321,320,112],"class_list":["post-2913","post","type-post","status-publish","format-standard","has-post-thumbnail","hentry","category-economia-negocios","tag-comida","tag-festival-de-vinhos","tag-fort-atacadista"],"_links":{"self":[{"href":"https:\/\/cidadenoar.com\/global\/wp-json\/wp\/v2\/posts\/2913","targetHints":{"allow":["GET"]}}],"collection":[{"href":"https:\/\/cidadenoar.com\/global\/wp-json\/wp\/v2\/posts"}],"about":[{"href":"https:\/\/cidadenoar.com\/global\/wp-json\/wp\/v2\/types\/post"}],"author":[{"embeddable":true,"href":"https:\/\/cidadenoar.com\/global\/wp-json\/wp\/v2\/users\/23"}],"replies":[{"embeddable":true,"href":"https:\/\/cidadenoar.com\/global\/wp-json\/wp\/v2\/comments?post=2913"}],"version-history":[{"count":0,"href":"https:\/\/cidadenoar.com\/global\/wp-json\/wp\/v2\/posts\/2913\/revisions"}],"wp:featuredmedia":[{"embeddable":true,"href":"https:\/\/cidadenoar.com\/global\/wp-json\/wp\/v2\/media\/2914"}],"wp:attachment":[{"href":"https:\/\/cidadenoar.com\/global\/wp-json\/wp\/v2\/media?parent=2913"}],"wp:term":[{"taxonomy":"category","embeddable":true,"href":"https:\/\/cidadenoar.com\/global\/wp-json\/wp\/v2\/categories?post=2913"},{"taxonomy":"post_tag","embeddable":true,"href":"https:\/\/cidadenoar.com\/global\/wp-json\/wp\/v2\/tags?post=2913"}],"curies":[{"name":"wp","href":"https:\/\/api.w.org\/{rel}","templated":true}]}}