{"id":2927,"date":"2025-06-03T09:25:34","date_gmt":"2025-06-03T12:25:34","guid":{"rendered":"https:\/\/cidadenoar.com\/?p=2927"},"modified":"2025-07-26T18:13:09","modified_gmt":"2025-07-26T21:13:09","slug":"bispo-bruno-leonardo-realiza-nova-doacao-para-grupo-de-apoio-a-crianca-com-cancer-na-bahia","status":"publish","type":"post","link":"https:\/\/cidadenoar.com\/global\/geral\/bispo-bruno-leonardo-realiza-nova-doacao-para-grupo-de-apoio-a-crianca-com-cancer-na-bahia\/","title":{"rendered":"Bispo Bruno Leonardo realiza nova doa\u00e7\u00e3o para Grupo de Apoio \u00e0 Crian\u00e7a com C\u00e2ncer na Bahia"},"content":{"rendered":"\n<p><em>Com fraldas e leites especiais, l\u00edder religioso reafirma compromisso com o amor ao pr\u00f3ximo e emociona ao falar sobre a import\u00e2ncia de cuidar de \u201canjos especiais\u201d<\/em><\/p>\n\n\n\n<p>Com palavras simples e um gesto cheio de significado, o Bispo Bruno Leonardo anunciou mais uma a\u00e7\u00e3o social que reafirma seu compromisso com a f\u00e9 colocada em pr\u00e1tica. Em um v\u00eddeo publicado nas redes sociais, ele comunicou a doa\u00e7\u00e3o de mais de 42 mil fraldas descart\u00e1veis e diversas latas de leites especiais, destinados a um centro que cuida de crian\u00e7as com necessidades especiais, muitas delas alimentadas exclusivamente por sonda.<\/p>\n\n\n\n<p>\u201cEstou aqui agora para glorificar Deus e anunciar mais uma doa\u00e7\u00e3o que n\u00f3s estamos fazendo\u201d, disse o bispo no in\u00edcio de um v\u00eddeo em seu instagram. Segundo ele, cada lata de leite utilizada pelas crian\u00e7as chega a custar mais de R$ 200,00. A doa\u00e7\u00e3o veio para suprir uma necessidade urgente e recorrente do local, que enfrenta desafios di\u00e1rios para manter os cuidados essenciais com os pequenos pacientes.<\/p>\n\n\n\n<p>Mais do que o valor material da entrega, a a\u00e7\u00e3o revela um cuidado genu\u00edno com quem mais precisa. \u201cEsse \u00e9 o evangelho que n\u00f3s acreditamos: amar a Deus e amar o pr\u00f3ximo\u201d, declarou o l\u00edder, emocionado.<\/p>\n\n\n\n<p>A doa\u00e7\u00e3o, como explicou Bruno Leonardo, foi poss\u00edvel gra\u00e7as aos d\u00edzimos e ofertas dos fi\u00e9is que acompanham seu minist\u00e9rio. Em suas palavras, cada gesto de f\u00e9 das &#8220;ovelhas&#8221; se transforma em apoio direto a quem precisa. Ele ainda pediu b\u00ean\u00e7\u00e3os sobre todos que t\u00eam contribu\u00eddo com essa miss\u00e3o: \u201cQuero pedir a Deus que aben\u00e7oe a vida de cada um de voc\u00eas.\u201d<\/p>\n\n\n\n<p>Essa nova a\u00e7\u00e3o se soma a uma s\u00e9rie de doa\u00e7\u00f5es feitas pelo bispo nos \u00faltimos meses. Entre elas, est\u00e3o recursos para o tratamento de uma mulher com c\u00e2ncer em fase avan\u00e7ada, a entrega de alimentos a comunidades carentes em Salvador e o apoio a ONGs que atuam na prote\u00e7\u00e3o animal.<\/p>\n\n\n\n<figure class=\"wp-block-image size-full\"><img fetchpriority=\"high\" decoding=\"async\" width=\"744\" height=\"489\" src=\"https:\/\/cidadenoar.com\/wp-content\/uploads\/sites\/22\/2025\/06\/unnamed-2025-06-03T091548.548.png\" alt=\"\" class=\"wp-image-2929\" title=\"\" srcset=\"https:\/\/cidadenoar.com\/global\/wp-content\/uploads\/sites\/22\/2025\/06\/unnamed-2025-06-03T091548.548.png 744w, https:\/\/cidadenoar.com\/global\/wp-content\/uploads\/sites\/22\/2025\/06\/unnamed-2025-06-03T091548.548-300x197.png 300w\" sizes=\"(max-width: 744px) 100vw, 744px\" \/><\/figure>\n\n\n\n<p>L\u00edder do maior canal evangel\u00edstico do mundo no YouTube, com mais de 52 milh\u00f5es de inscritos, Bruno Leonardo tem mostrado que sua atua\u00e7\u00e3o vai al\u00e9m das plataformas digitais. Seus gestos de solidariedade t\u00eam alcan\u00e7ado lares, hospitais e institui\u00e7\u00f5es, sempre com um prop\u00f3sito claro: levar f\u00e9, cuidado e esperan\u00e7a.<\/p>\n\n\n\n<p>Com a mensagem que tem guiado seu minist\u00e9rio em 2025:&nbsp; \u201cNada faltando, nada quebrado, nada fora do lugar\u201d, o Bispo segue transformando palavras em a\u00e7\u00f5es concretas, tocando vidas por todo o Brasil.<\/p>\n\n\n\n<p>Para acompanhar as pr\u00f3ximas a\u00e7\u00f5es e mensagens de f\u00e9, siga <a href=\"https:\/\/www.instagram.com\/bispobrunoleonardo\/\" target=\"_blank\" rel=\"noopener\">@bispobrunoleonardo<\/a> no Instagram.<\/p>\n","protected":false},"excerpt":{"rendered":"<p>Com fraldas e leites especiais, l\u00edder religioso reafirma compromisso com o amor ao pr\u00f3ximo e emociona ao falar sobre a import\u00e2ncia de cuidar de \u201canjos especiais\u201d Com palavras simples e um gesto cheio de significado, o Bispo Bruno Leonardo anunciou mais uma a\u00e7\u00e3o social que reafirma seu compromisso com a f\u00e9 colocada em pr\u00e1tica. Em&#8230;<\/p>\n","protected":false},"author":20,"featured_media":2928,"comment_status":"open","ping_status":"open","sticky":false,"template":"","format":"standard","meta":{"footnotes":""},"categories":[1],"tags":[],"class_list":["post-2927","post","type-post","status-publish","format-standard","has-post-thumbnail","hentry","category-geral"],"_links":{"self":[{"href":"https:\/\/cidadenoar.com\/global\/wp-json\/wp\/v2\/posts\/2927","targetHints":{"allow":["GET"]}}],"collection":[{"href":"https:\/\/cidadenoar.com\/global\/wp-json\/wp\/v2\/posts"}],"about":[{"href":"https:\/\/cidadenoar.com\/global\/wp-json\/wp\/v2\/types\/post"}],"author":[{"embeddable":true,"href":"https:\/\/cidadenoar.com\/global\/wp-json\/wp\/v2\/users\/20"}],"replies":[{"embeddable":true,"href":"https:\/\/cidadenoar.com\/global\/wp-json\/wp\/v2\/comments?post=2927"}],"version-history":[{"count":0,"href":"https:\/\/cidadenoar.com\/global\/wp-json\/wp\/v2\/posts\/2927\/revisions"}],"wp:featuredmedia":[{"embeddable":true,"href":"https:\/\/cidadenoar.com\/global\/wp-json\/wp\/v2\/media\/2928"}],"wp:attachment":[{"href":"https:\/\/cidadenoar.com\/global\/wp-json\/wp\/v2\/media?parent=2927"}],"wp:term":[{"taxonomy":"category","embeddable":true,"href":"https:\/\/cidadenoar.com\/global\/wp-json\/wp\/v2\/categories?post=2927"},{"taxonomy":"post_tag","embeddable":true,"href":"https:\/\/cidadenoar.com\/global\/wp-json\/wp\/v2\/tags?post=2927"}],"curies":[{"name":"wp","href":"https:\/\/api.w.org\/{rel}","templated":true}]}}