{"id":2942,"date":"2025-06-10T12:23:26","date_gmt":"2025-06-10T15:23:26","guid":{"rendered":"https:\/\/cidadenoar.com\/?p=2942"},"modified":"2025-07-26T17:45:22","modified_gmt":"2025-07-26T20:45:22","slug":"humilhacoes-no-trabalho-nao-sao-normais-como-se-proteger","status":"publish","type":"post","link":"https:\/\/cidadenoar.com\/global\/economia-negocios\/humilhacoes-no-trabalho-nao-sao-normais-como-se-proteger\/","title":{"rendered":"Humilha\u00e7\u00f5es no trabalho n\u00e3o s\u00e3o normais: Como se proteger?"},"content":{"rendered":"\n<p>Trilha sonora sugerida para esta leitura:<\/p>\n\n\n\n<figure class=\"wp-block-embed is-type-rich is-provider-spotify wp-block-embed-spotify\"><div class=\"wp-block-embed__wrapper\">\n<iframe title=\"Spotify Embed: Tres Petites Peces: II. Din\u00e0mica de Timbres i Intensitats\" style=\"border-radius: 12px\" width=\"100%\" height=\"152\" frameborder=\"0\" allowfullscreen allow=\"autoplay; clipboard-write; encrypted-media; fullscreen; picture-in-picture\" loading=\"lazy\" src=\"https:\/\/open.spotify.com\/embed\/track\/6P0SADKFk0SoiSNKLhGUrZ?si=90bd4ee269124c03&#038;utm_source=oembed\"><\/iframe>\n<\/div><\/figure>\n\n\n\n<p>Voc\u00ea j\u00e1 saiu do trabalho com vontade de chorar, sentindo-se humilhado ou desvalorizado? J\u00e1 ouviu piadinhas ofensivas, foi xingado ou passou por cobran\u00e7as exageradas, tudo isso na frente de colegas? Se a resposta for sim, saiba: isso <strong>n\u00e3o \u00e9 normal<\/strong> &#8211; e pode ser <strong>ass\u00e9dio moral<\/strong>.<\/p>\n\n\n\n<p>Muita gente acha que esse tipo de comportamento faz \u201cparte do trabalho\u201d ou que \u00e9 preciso \u201caguentar calado pra n\u00e3o perder o emprego\u201d. Mas a verdade \u00e9 outra: <strong>ningu\u00e9m \u00e9 obrigado a suportar humilha\u00e7\u00f5es para ter um sal\u00e1rio no fim do m\u00eas<\/strong>.<\/p>\n\n\n\n<h3 class=\"wp-block-heading\">O que \u00e9 ass\u00e9dio moral?<\/h3>\n\n\n\n<p>\u00c9 quando o trabalhador sofre repetidas situa\u00e7\u00f5es de desrespeito, constrangimento ou press\u00e3o abusiva no ambiente de trabalho. Pode vir de chefes, colegas ou at\u00e9 mesmo de subordinados. Alguns exemplos:<\/p>\n\n\n\n<ul class=\"wp-block-list\">\n<li>Gritar ou xingar um funcion\u00e1rio, seja em particular ou na frente de outras pessoas;<\/li>\n\n\n\n<li>Isolar a pessoa, sem dar tarefas ou ignorando suas opini\u00f5es;<\/li>\n\n\n\n<li>Amea\u00e7ar constantemente com demiss\u00e3o;<\/li>\n\n\n\n<li>Impor metas imposs\u00edveis s\u00f3 para gerar estresse ou puni\u00e7\u00e3o;<\/li>\n\n\n\n<li>Fazer piadas ofensivas ou humilhar por causa de apar\u00eancia, cren\u00e7as, g\u00eanero ou qualquer outra caracter\u00edstica.<\/li>\n<\/ul>\n\n\n\n<h3 class=\"wp-block-heading\">Isso &#8220;d\u00e1 processo&#8221;?<\/h3>\n\n\n\n<p>Sim. O ass\u00e9dio moral pode gerar indeniza\u00e7\u00e3o por danos morais na Justi\u00e7a do Trabalho. Al\u00e9m disso, dependendo do caso, pode at\u00e9 se tornar uma quest\u00e3o criminal.<\/p>\n\n\n\n<h3 class=\"wp-block-heading\">O que fazer se estiver passando por isso?<\/h3>\n\n\n\n<ol class=\"wp-block-list\">\n<li><strong>Anote tudo<\/strong>: registre datas, hor\u00e1rios, nomes, o que foi dito ou feito. Isso pode ser importante como prova.<\/li>\n\n\n\n<li><strong>Converse com algu\u00e9m de confian\u00e7a<\/strong>: pode ser um colega, um familiar ou at\u00e9 um advogado. Voc\u00ea n\u00e3o precisa passar por isso sozinho.<\/li>\n\n\n\n<li><strong>Procure o sindicato da sua categoria<\/strong>: muitos oferecem apoio jur\u00eddico gratuito.<\/li>\n\n\n\n<li><strong>Denuncie<\/strong>: em casos mais graves, \u00e9 poss\u00edvel denunciar ao Minist\u00e9rio P\u00fablico do Trabalho ou ao sindicato.<\/li>\n\n\n\n<li><strong>Busque orienta\u00e7\u00e3o jur\u00eddica<\/strong>: um advogado pode avaliar seu caso e indicar a melhor forma de buscar seus direitos.<\/li>\n<\/ol>\n\n\n\n<h3 class=\"wp-block-heading\">E se eu tiver medo de perder o emprego?<\/h3>\n\n\n\n<p>Esse medo \u00e9 muito comum. Mas \u00e9 importante lembrar que <strong><a href=\"https:\/\/cidadenoar.com\/2025\/05\/26\/patrao-pisou-na-bola-e-nao-depositou-seu-fgts-leia-aqui\/\">sua sa\u00fade mental e sua dignidade valem mais do que qualquer sal\u00e1rio<\/a><\/strong>. Al\u00e9m disso voc\u00ea posso recorrer \u00e0 rescis\u00e3o indireta com possibilidade de indeniza\u00e7\u00e3o (assista ao v\u00eddeo abaixo para saber mais!).<\/p>\n\n\n\n<p>Nenhum trabalho pode ser constru\u00eddo com base no medo, no abuso ou na humilha\u00e7\u00e3o.<\/p>\n\n\n\n<p>Se voc\u00ea estiver enfrentando essa situa\u00e7\u00e3o, respire fundo e busque ajuda. Voc\u00ea n\u00e3o est\u00e1 sozinho e a lei est\u00e1 do seu lado.<\/p>\n\n\n\n<h2 class=\"wp-block-heading\">Assista agora: O que o patr\u00e3o n\u00e3o quer que voc\u00ea descubra!<\/h2>\n\n\n\n<p>A Dr\u00aa Laila Fra\u00f1klin, advogada especialista em Direito Aplicado, explica de forma simples como identificar humilha\u00e7\u00f5es no ambiente de trabalho e o que fazer para se proteger. <\/p>\n\n\n\n<p>Tire suas d\u00favidas, entenda seus direitos e saiba como agir!<\/p>\n\n\n\n<h3 class=\"wp-block-heading has-text-align-center has-background\" style=\"background:linear-gradient(267deg,rgba(6,147,227,1) 0%,rgb(155,81,224) 100%)\"><strong>Clique no v\u00eddeo e fique por dentro!<\/strong><\/h3>\n\n\n\n<figure class=\"wp-block-embed is-type-video is-provider-youtube wp-block-embed-youtube wp-embed-aspect-16-9 wp-has-aspect-ratio\"><div class=\"wp-block-embed__wrapper\">\n<iframe title=\"ASS\u00c9DIO MORAL NO TRABALHO:\u00a0O GUIA DEFINITIVO para se proteger (Com a Dra. Laila Fra\u00f1klin)\" width=\"640\" height=\"360\" src=\"https:\/\/www.youtube.com\/embed\/t-z5WUswUYQ?feature=oembed\" frameborder=\"0\" allow=\"accelerometer; autoplay; clipboard-write; encrypted-media; gyroscope; picture-in-picture; web-share\" referrerpolicy=\"strict-origin-when-cross-origin\" allowfullscreen><\/iframe>\n<\/div><\/figure>\n\n\n\n<div class=\"wp-block-buttons is-layout-flex wp-block-buttons-is-layout-flex\">\n<div class=\"wp-block-button\"><a class=\"wp-block-button__link wp-element-button\" href=\"https:\/\/www.instagram.com\/dra.lailafranklin\/\" target=\"_blank\" rel=\"noopener\">Instagram Dr\u00aa Laila<\/a><\/div>\n<\/div>\n\n\n\n<p>Compartilhe esse post. Vamos espalhar a cultura do conhecimento em direito trabalhista!<\/p>\n\n\n\n<p><\/p>\n\n\n<div class=\"wp-block-post-author\"><div class=\"wp-block-post-author__avatar\"><img decoding=\"async\" alt=\"Avatar photo\" src=\"http:\/\/cidadenoar.com\/wp-content\/uploads\/sites\/22\/2025\/04\/cropped-geov-48x48.jpeg\" srcset=\"http:\/\/cidadenoar.com\/wp-content\/uploads\/sites\/22\/2025\/04\/cropped-geov-96x96.jpeg 2x\" class=\"avatar avatar-48 photo\" height=\"48\" width=\"48\" title=\"\"><\/div><div class=\"wp-block-post-author__content\"><p class=\"wp-block-post-author__byline\"><strong>AUTOR:<\/strong><\/p><p class=\"wp-block-post-author__name\">Geovani Menezes<\/p><\/div><\/div>\n\n\n<p>Mestrando em Ci\u00eancias Jur\u00eddicas e Bacharel em Direito pela Universidade Cesumar \u2013 UniCesumar (Campus Maring\u00e1\/PR), bolsista do Programa de Suporte \u00e0 P\u00f3s-Gradua\u00e7\u00e3o de Institui\u00e7\u00f5es de Ensino Particulares (PROSUP\/CAPES). P\u00f3s-graduando em Direito Notarial e Registral pelo Centro Universit\u00e1rio Cidade Verde \u2013 UniCV, desenvolve pesquisas com \u00eanfase em direitos da personalidade, desjudicializa\u00e7\u00e3o e acesso \u00e0 justi\u00e7a, sendo pesquisador vinculado \u00e0 CAPES, ICETI, CNPq e FA. Geovani Menezes tamb\u00e9m \u00e9 autor da coluna Direito Notarial e Registral no portal CidadeNoAr.com, onde escreve sobre temas relacionados aos cart\u00f3rios extrajudiciais, tutela jur\u00eddica da personalidade, justi\u00e7a, direito e cidadania.<\/p>\n\n\n\n<p>Siga o autor no instagram:&nbsp;<a href=\"http:\/\/instagram.com\/geovani.menezes\/\" target=\"_blank\" rel=\"noreferrer noopener\">@geovani.menezes<\/a>&nbsp;\u2013 l\u00e1 o Direito \u00e9 direto.<\/p>\n\n\n\n<p><\/p>\n","protected":false},"excerpt":{"rendered":"<p>Cansou de ser humilhado no trabalho? Veja o que \u00e9 abuso, conhe\u00e7a seus direitos e saiba como se defender. Participa\u00e7\u00e3o especial da Advogada especialista em Direito Aplicado, Dr\u00aa Laila Fra\u00f1klin.<\/p>\n","protected":false},"author":27,"featured_media":2996,"comment_status":"open","ping_status":"open","sticky":false,"template":"","format":"standard","meta":{"footnotes":""},"categories":[289],"tags":[334,270,214,335,333],"class_list":["post-2942","post","type-post","status-publish","format-standard","has-post-thumbnail","hentry","category-economia-negocios","tag-advogado-responde","tag-direito","tag-direito-do-trabalho","tag-especialistas-em-direito","tag-justica-do-trabalho"],"_links":{"self":[{"href":"https:\/\/cidadenoar.com\/global\/wp-json\/wp\/v2\/posts\/2942","targetHints":{"allow":["GET"]}}],"collection":[{"href":"https:\/\/cidadenoar.com\/global\/wp-json\/wp\/v2\/posts"}],"about":[{"href":"https:\/\/cidadenoar.com\/global\/wp-json\/wp\/v2\/types\/post"}],"author":[{"embeddable":true,"href":"https:\/\/cidadenoar.com\/global\/wp-json\/wp\/v2\/users\/27"}],"replies":[{"embeddable":true,"href":"https:\/\/cidadenoar.com\/global\/wp-json\/wp\/v2\/comments?post=2942"}],"version-history":[{"count":0,"href":"https:\/\/cidadenoar.com\/global\/wp-json\/wp\/v2\/posts\/2942\/revisions"}],"wp:featuredmedia":[{"embeddable":true,"href":"https:\/\/cidadenoar.com\/global\/wp-json\/wp\/v2\/media\/2996"}],"wp:attachment":[{"href":"https:\/\/cidadenoar.com\/global\/wp-json\/wp\/v2\/media?parent=2942"}],"wp:term":[{"taxonomy":"category","embeddable":true,"href":"https:\/\/cidadenoar.com\/global\/wp-json\/wp\/v2\/categories?post=2942"},{"taxonomy":"post_tag","embeddable":true,"href":"https:\/\/cidadenoar.com\/global\/wp-json\/wp\/v2\/tags?post=2942"}],"curies":[{"name":"wp","href":"https:\/\/api.w.org\/{rel}","templated":true}]}}