{"id":2981,"date":"2025-06-06T18:51:46","date_gmt":"2025-06-06T21:51:46","guid":{"rendered":"https:\/\/cidadenoar.com\/?p=2981"},"modified":"2025-07-26T17:38:49","modified_gmt":"2025-07-26T20:38:49","slug":"um-pequeno-passo-para-os-auditores-de-financas-um-grande-passo-em-favor-dos-catarinenses","status":"publish","type":"post","link":"https:\/\/cidadenoar.com\/global\/economia-negocios\/um-pequeno-passo-para-os-auditores-de-financas-um-grande-passo-em-favor-dos-catarinenses\/","title":{"rendered":"Um pequeno passo para os Auditores de Finan\u00e7as, um grande passo em favor dos catarinenses"},"content":{"rendered":"\n<p><em>Por Sandro Medeiros Alves \u2013 Auditor Estadual de Finan\u00e7as P\u00fablicas e Presidente do SINDAF SC<\/em><\/p>\n\n\n\n<p><a href=\"mailto:presidencia.sindafsc@gmail.com\" target=\"_blank\" rel=\"noreferrer noopener\">presidencia.sindafsc@gmail.com<\/a><\/p>\n\n\n\n<p>O Tribunal de Contas do Estado de Santa Catarina (TCE\/SC) aprovou por unanimidade as contas do Governo do Estado referentes a 2024, coroando um longo e minucioso trabalho t\u00e9cnico que come\u00e7a muito antes da sess\u00e3o de julgamento: a elabora\u00e7\u00e3o do Balan\u00e7o Geral do Estado.<\/p>\n\n\n\n<p>Esse documento, j\u00e1 publicado pela Secretaria da Fazenda, \u00e9 o produto de um esfor\u00e7o permanente e altamente especializado, conduzido pelos Auditores Estaduais de Finan\u00e7as P\u00fablicas. S\u00e3o eles que, ao longo de todo o ano, coletam, validam, auditam e consolidam as informa\u00e7\u00f5es fiscais, cont\u00e1beis e financeiras que garantem a fidedignidade das contas p\u00fablicas catarinenses.<\/p>\n\n\n\n<p>A engrenagem das finan\u00e7as p\u00fablicas s\u00f3 funciona com precis\u00e3o porque esses profissionais det\u00eam o&nbsp;<em>know-how<\/em>&nbsp;necess\u00e1rio para estruturar dados s\u00f3lidos, confi\u00e1veis e audit\u00e1veis. Sem esse trabalho, a emiss\u00e3o do parecer pr\u00e9vio pelo Tribunal de Contas, bem como o posterior julgamento pol\u00edtico-administrativo pela Assembleia Legislativa, simplesmente n\u00e3o seria poss\u00edvel.<\/p>\n\n\n\n<p>O Balan\u00e7o Geral \u00e9 mais do que um instrumento legal: ele \u00e9 a radiografia oficial da gest\u00e3o p\u00fablica, mostrando como o Estado aplicou os recursos arrecadados da sociedade. A vers\u00e3o de 2024 revelou importantes resultados: Santa Catarina manteve a nota m\u00e1xima (A+) na Capacidade de Pagamento (CAPAG), alcan\u00e7ou receita l\u00edquida de R$ 51,34 bilh\u00f5es \u2014 um crescimento expressivo de 12,46% \u2014 e realizou investimentos estrat\u00e9gicos, como os R$ 2,6 bilh\u00f5es no programa \u201cEstrada Boa\u201d.<\/p>\n\n\n\n<p>Em \u00e1reas essenciais, os n\u00fameros falam por si: foram destinados 15,8% da receita de impostos para a sa\u00fade \u2014 R$ 1,5 bilh\u00e3o acima do m\u00ednimo constitucional \u2014 e 25,93% para a educa\u00e7\u00e3o, superando em R$ 380 milh\u00f5es o patamar obrigat\u00f3rio. Esses avan\u00e7os refletem a responsabilidade fiscal e a compet\u00eancia t\u00e9cnica com que Santa Catarina administra seus recursos, promovendo pol\u00edticas p\u00fablicas que impactam diretamente a vida dos catarinenses.<\/p>\n\n\n\n<p>Esse resultado n\u00e3o \u00e9 obra do acaso: ele \u00e9 fruto do compromisso e da compet\u00eancia dos Auditores Estaduais de Finan\u00e7as P\u00fablicas, que asseguram a integridade dos n\u00fameros apresentados. Eles operam como garantidores silenciosos da credibilidade do Estado perante \u00f3rg\u00e3os de controle, investidores e, principalmente, a sociedade catarinense.<\/p>\n\n\n\n<p>Neste momento em que as contas s\u00e3o aprovadas, \u00e9 essencial que a sociedade reconhe\u00e7a: a transpar\u00eancia e a responsabilidade fiscal do Estado s\u00e3o sustentadas por quem, de fato, entende de finan\u00e7as p\u00fablicas.<br><\/p>\n\n\n\n<p>Finalizo reafirmando: sem o Balan\u00e7o Geral, n\u00e3o h\u00e1 parecer pr\u00e9vio; sem parecer pr\u00e9vio, n\u00e3o h\u00e1 julgamento das contas; e sem julgamento das contas, n\u00e3o h\u00e1 controle efetivo da administra\u00e7\u00e3o p\u00fablica. Por isso, nosso trabalho \u00e9 um pequeno passo para os Auditores Estaduais de Finan\u00e7as P\u00fablicas, mas um grande passo em favor dos catarinenses e da democracia.<\/p>\n\n\n\n<p>Seguimos firmes, trabalhando com \u00e9tica, compet\u00eancia e responsabilidade em prol de uma gest\u00e3o p\u00fablica cada vez mais transparente e eficiente.<\/p>\n","protected":false},"excerpt":{"rendered":"<p>Artigo assinado pelo Presidente do SINDAF SC &#8211; Sindicato dos Auditores Estaduais de Finan\u00e7as P\u00fablicas, Sandro Medeiros Alves<\/p>\n","protected":false},"author":23,"featured_media":2982,"comment_status":"open","ping_status":"open","sticky":false,"template":"","format":"standard","meta":{"footnotes":""},"categories":[289],"tags":[296,343,342],"class_list":["post-2981","post","type-post","status-publish","format-standard","has-post-thumbnail","hentry","category-economia-negocios","tag-artigo","tag-auditores","tag-sindaf"],"_links":{"self":[{"href":"https:\/\/cidadenoar.com\/global\/wp-json\/wp\/v2\/posts\/2981","targetHints":{"allow":["GET"]}}],"collection":[{"href":"https:\/\/cidadenoar.com\/global\/wp-json\/wp\/v2\/posts"}],"about":[{"href":"https:\/\/cidadenoar.com\/global\/wp-json\/wp\/v2\/types\/post"}],"author":[{"embeddable":true,"href":"https:\/\/cidadenoar.com\/global\/wp-json\/wp\/v2\/users\/23"}],"replies":[{"embeddable":true,"href":"https:\/\/cidadenoar.com\/global\/wp-json\/wp\/v2\/comments?post=2981"}],"version-history":[{"count":0,"href":"https:\/\/cidadenoar.com\/global\/wp-json\/wp\/v2\/posts\/2981\/revisions"}],"wp:featuredmedia":[{"embeddable":true,"href":"https:\/\/cidadenoar.com\/global\/wp-json\/wp\/v2\/media\/2982"}],"wp:attachment":[{"href":"https:\/\/cidadenoar.com\/global\/wp-json\/wp\/v2\/media?parent=2981"}],"wp:term":[{"taxonomy":"category","embeddable":true,"href":"https:\/\/cidadenoar.com\/global\/wp-json\/wp\/v2\/categories?post=2981"},{"taxonomy":"post_tag","embeddable":true,"href":"https:\/\/cidadenoar.com\/global\/wp-json\/wp\/v2\/tags?post=2981"}],"curies":[{"name":"wp","href":"https:\/\/api.w.org\/{rel}","templated":true}]}}