{"id":3000,"date":"2025-06-09T19:04:10","date_gmt":"2025-06-09T22:04:10","guid":{"rendered":"https:\/\/cidadenoar.com\/?p=3000"},"modified":"2025-06-09T19:08:57","modified_gmt":"2025-06-09T22:08:57","slug":"fort-atacadista-e-ponto-de-coleta-da-campanha-termometro-solidario-2025-em-santa-catarina","status":"publish","type":"post","link":"https:\/\/cidadenoar.com\/global\/opiniao\/fort-atacadista-e-ponto-de-coleta-da-campanha-termometro-solidario-2025-em-santa-catarina\/","title":{"rendered":"Fort Atacadista \u00e9 ponto de coleta da Campanha Term\u00f4metro Solid\u00e1rio 2025 em Santa Catarina"},"content":{"rendered":"\n<p>A solidariedade volta a aquecer o inverno em Santa Catarina. A rede Fort Atacadista, pertencente ao Grupo Pereira, ser\u00e1 novamente o principal ponto de arrecada\u00e7\u00e3o da <strong>Campanha Term\u00f4metro Solid\u00e1rio<\/strong>, promovida pela NSC. A iniciativa, que mobiliza a popula\u00e7\u00e3o catarinense para a doa\u00e7\u00e3o de roupas e acess\u00f3rios de inverno, acontece entre os dias <strong>10 de junho e 31 de julho<\/strong>, em todas as <strong>40 lojas do Fort Atacadista no estado<\/strong>.<\/p>\n\n\n\n<p>Em 2024, a campanha superou a marca de <strong>200 mil pe\u00e7as arrecadadas<\/strong>, entre roupas, cobertores e cal\u00e7ados, que foram destinados a fam\u00edlias em situa\u00e7\u00e3o de vulnerabilidade em diversas regi\u00f5es de Santa Catarina. Para este ano, a expectativa \u00e9 ultrapassar esse n\u00famero, com o apoio dos consumidores e da ampla rede de lojas do Fort espalhadas pelo estado.<\/p>\n\n\n\n<p>As doa\u00e7\u00f5es devem ser depositadas diretamente nas <strong>Caixas Solid\u00e1rias<\/strong>, que estar\u00e3o posicionadas nas unidades participantes. A pr\u00f3pria equipe respons\u00e1vel pela campanha far\u00e1 a coleta, separa\u00e7\u00e3o e log\u00edstica dos itens arrecadados.<\/p>\n\n\n\n<p><strong>O que pode ser doado:<\/strong><\/p>\n\n\n\n<ul class=\"wp-block-list\">\n<li>Roupas e cal\u00e7ados em bom estado;<\/li>\n\n\n\n<li>Itens feitos de tecido;<\/li>\n\n\n\n<li>\u00a0Gorros, luvas, bon\u00e9s e meias;<\/li>\n\n\n\n<li>Cobertores, toalhas e len\u00e7\u00f3is.<\/li>\n<\/ul>\n\n\n\n<p><strong>O que n\u00e3o pode ser doado:<\/strong><\/p>\n\n\n\n<ul class=\"wp-block-list\">\n<li>Alimentos e ferramentas;<\/li>\n\n\n\n<li>L\u00edquidos em geral;<\/li>\n\n\n\n<li>Produtos qu\u00edmicos e pilhas;<\/li>\n\n\n\n<li>Cosm\u00e9ticos, cremes ou medicamentos.<\/li>\n<\/ul>\n\n\n\n<p>Al\u00e9m das caixas de coleta, haver\u00e1 adesivos e materiais visuais nas lojas para informar e engajar os clientes. A equipe do Fort Atacadista tamb\u00e9m foi orientada a incentivar a participa\u00e7\u00e3o da comunidade.<\/p>\n\n\n\n<p>\u201cA campanha \u00e9 uma oportunidade de exercermos nossa responsabilidade social e ajudarmos quem mais precisa, especialmente nesta \u00e9poca do ano, em que o frio atinge tantas pessoas\u201d, destaca Simone Cotta, Head de Comunica\u00e7\u00e3o Corporativa e ESG do Grupo Pereira.<\/p>\n\n\n\n<p>A popula\u00e7\u00e3o \u00e9 convidada a separar itens em bom estado e contribuir com a campanha durante as compras de rotina. A uni\u00e3o entre empresas e a sociedade \u00e9, mais uma vez, a chave para fazer a diferen\u00e7a neste inverno.<\/p>\n\n\n\n<figure class=\"wp-block-image size-large is-resized\"><img fetchpriority=\"high\" decoding=\"async\" width=\"576\" height=\"1024\" src=\"https:\/\/cidadenoar.com\/wp-content\/uploads\/sites\/22\/2025\/06\/WhatsApp_Image_2025-06-05_at_10.30.18-576x1024.jpeg\" alt=\"\" class=\"wp-image-3002\" style=\"width:375px;height:auto\" title=\"\" srcset=\"https:\/\/cidadenoar.com\/global\/wp-content\/uploads\/sites\/22\/2025\/06\/WhatsApp_Image_2025-06-05_at_10.30.18-576x1024.jpeg 576w, https:\/\/cidadenoar.com\/global\/wp-content\/uploads\/sites\/22\/2025\/06\/WhatsApp_Image_2025-06-05_at_10.30.18-169x300.jpeg 169w, https:\/\/cidadenoar.com\/global\/wp-content\/uploads\/sites\/22\/2025\/06\/WhatsApp_Image_2025-06-05_at_10.30.18-768x1365.jpeg 768w, https:\/\/cidadenoar.com\/global\/wp-content\/uploads\/sites\/22\/2025\/06\/WhatsApp_Image_2025-06-05_at_10.30.18-864x1536.jpeg 864w, https:\/\/cidadenoar.com\/global\/wp-content\/uploads\/sites\/22\/2025\/06\/WhatsApp_Image_2025-06-05_at_10.30.18.jpeg 900w\" sizes=\"(max-width: 576px) 100vw, 576px\" \/><\/figure>\n\n\n\n<p><em>Caixas coletoras que est\u00e3o dispon\u00edveis em todas as 40 lojas\u00a0do\u00a0Fort\u00a0em\u00a0SC<\/em><\/p>\n","protected":false},"excerpt":{"rendered":"<p>Atacarejo participa mais uma vez da iniciativa para arrecadar roupas de inverno a fam\u00edlias em situa\u00e7\u00e3o de vulnerabilidade social<\/p>\n","protected":false},"author":23,"featured_media":3001,"comment_status":"open","ping_status":"open","sticky":false,"template":"","format":"standard","meta":{"footnotes":""},"categories":[10],"tags":[344,112,345],"class_list":["post-3000","post","type-post","status-publish","format-standard","has-post-thumbnail","hentry","category-opiniao","tag-caixa-solidaria","tag-fort-atacadista","tag-inverno"],"_links":{"self":[{"href":"https:\/\/cidadenoar.com\/global\/wp-json\/wp\/v2\/posts\/3000","targetHints":{"allow":["GET"]}}],"collection":[{"href":"https:\/\/cidadenoar.com\/global\/wp-json\/wp\/v2\/posts"}],"about":[{"href":"https:\/\/cidadenoar.com\/global\/wp-json\/wp\/v2\/types\/post"}],"author":[{"embeddable":true,"href":"https:\/\/cidadenoar.com\/global\/wp-json\/wp\/v2\/users\/23"}],"replies":[{"embeddable":true,"href":"https:\/\/cidadenoar.com\/global\/wp-json\/wp\/v2\/comments?post=3000"}],"version-history":[{"count":0,"href":"https:\/\/cidadenoar.com\/global\/wp-json\/wp\/v2\/posts\/3000\/revisions"}],"wp:featuredmedia":[{"embeddable":true,"href":"https:\/\/cidadenoar.com\/global\/wp-json\/wp\/v2\/media\/3001"}],"wp:attachment":[{"href":"https:\/\/cidadenoar.com\/global\/wp-json\/wp\/v2\/media?parent=3000"}],"wp:term":[{"taxonomy":"category","embeddable":true,"href":"https:\/\/cidadenoar.com\/global\/wp-json\/wp\/v2\/categories?post=3000"},{"taxonomy":"post_tag","embeddable":true,"href":"https:\/\/cidadenoar.com\/global\/wp-json\/wp\/v2\/tags?post=3000"}],"curies":[{"name":"wp","href":"https:\/\/api.w.org\/{rel}","templated":true}]}}