{"id":3005,"date":"2025-06-09T20:00:56","date_gmt":"2025-06-09T23:00:56","guid":{"rendered":"https:\/\/cidadenoar.com\/?p=3005"},"modified":"2025-06-09T20:08:20","modified_gmt":"2025-06-09T23:08:20","slug":"vektor-energia-debate-impactos-da-reforma-do-setor-eletrico-na-expogestao-2025","status":"publish","type":"post","link":"https:\/\/cidadenoar.com\/global\/economia-negocios\/vektor-energia-debate-impactos-da-reforma-do-setor-eletrico-na-expogestao-2025\/","title":{"rendered":"Vektor Energia debate impactos da reforma do setor el\u00e9trico na ExpoGest\u00e3o 2025"},"content":{"rendered":"\n<p>A Vektor Energia, refer\u00eancia nacional em gest\u00e3o estrat\u00e9gica no Mercado Livre de Energia, marca presen\u00e7a na ExpoGest\u00e3o 2025, em Joinville, com uma palestra essencial para empres\u00e1rios, gestores e investidores atentos ao futuro do setor el\u00e9trico brasileiro.<br><br>Nesta quarta-feira, dia 11 de junho, \u00e0s 15h50, no Audit\u00f3rio B da Expoville, o CEO da&nbsp;<a href=\"https:\/\/www.vektorenergia.com.br\/\" target=\"_blank\" rel=\"noreferrer noopener\">Vektor<\/a>, Sandro Bittencourt de Souza, conduz a palestra \u201cOs 3 eixos principais da reforma do setor el\u00e9trico e como isso impactar\u00e1 nas empresas, no residencial e para investidores.\u201d<br><br>A apresenta\u00e7\u00e3o traz uma an\u00e1lise t\u00e9cnica, cr\u00edtica e acess\u00edvel sobre as principais mudan\u00e7as propostas no novo marco regulat\u00f3rio e seus reflexos imediatos e estruturais sobre o consumo, os modelos de contrata\u00e7\u00e3o e o papel das gestoras, comercializadoras, distribuidoras e investidores institucionais.<\/p>\n\n\n\n<p>Para participar da ExpoGest\u00e3o e assistir \u00e0 palestra, \u00e9 necess\u00e1rio se\u00a0<strong><a href=\"https:\/\/docs.google.com\/forms\/d\/e\/1FAIpQLSfXrSaoyQ9HnBpe5c8CHG8sspRGQGwiRQtqJnGGbWlyFywNoA\/viewform\" target=\"_blank\" rel=\"noreferrer noopener\">inscrever pelo formul\u00e1rio.<\/a><\/strong><\/p>\n\n\n\n\n\n<p><br><br><strong>Sobre o palestrante:<\/strong><br><br>Com mais de 35 anos de experi\u00eancia no setor el\u00e9trico, Sandro Bittencourt de Souza \u00e9 economista formado pela Universidade Federal de Santa Catarina, com MBA pela FGV e especializa\u00e7\u00f5es pela Universidade Mackenzie e Funda\u00e7\u00e3o Dom Cabral. \u00c0 frente da Vektor Energia desde 2019, lidera uma equipe que j\u00e1 atendeu mais de 500 clientes em todo o Brasil e gerou mais de R$300 milh\u00f5es em economia por meio de solu\u00e7\u00f5es inovadoras em gest\u00e3o energ\u00e9tica.<br><strong><br>Por que esse debate importa:<\/strong><br><br>\u201cA reforma em curso redefine a forma como o Brasil consome, regula e investe em energia. \u00c9 um tema que extrapola o setor e impacta diretamente a competitividade das empresas, o or\u00e7amento das fam\u00edlias e o apetite dos investidores. Nosso objetivo \u00e9 trazer clareza e vis\u00e3o pr\u00e1tica sobre os rumos dessa transi\u00e7\u00e3o.\u201d \u2014 Sandro Bittencourt de Souza, CEO da\u00a0<a href=\"https:\/\/www.vektorenergia.com.br\/\" target=\"_blank\" rel=\"noreferrer noopener\">Vektor Energia<\/a>.<br><br><strong>Servi\u00e7o:<\/strong><\/p>\n\n\n\n<ul class=\"wp-block-list\">\n<li>Palestra: Os 3 eixos principais da reforma do setor el\u00e9trico e como isso impactar\u00e1 nas empresas, no residencial e para investidores<\/li>\n\n\n\n<li>Palestrante: Sandro Bittencourt de Souza (CEO \u2013 Vektor Energia)<\/li>\n\n\n\n<li>Data: 11 de junho de 2025<\/li>\n\n\n\n<li>Hor\u00e1rio: 15h50<\/li>\n\n\n\n<li>Local: Audit\u00f3rio B \u2013 ExpoGest\u00e3o 2025 | Expoville, Joinville\/SC<\/li>\n<\/ul>\n","protected":false},"excerpt":{"rendered":"<p>CEO da empresa, Sandro Bittencourt de Souza, abordar\u00e1 os impactos para empresas e investidores no mercado livre de energia<\/p>\n","protected":false},"author":23,"featured_media":3007,"comment_status":"open","ping_status":"open","sticky":false,"template":"","format":"standard","meta":{"footnotes":""},"categories":[289],"tags":[347,348,346],"class_list":["post-3005","post","type-post","status-publish","format-standard","has-post-thumbnail","hentry","category-economia-negocios","tag-expogestao","tag-joinville","tag-vektor-energia"],"_links":{"self":[{"href":"https:\/\/cidadenoar.com\/global\/wp-json\/wp\/v2\/posts\/3005","targetHints":{"allow":["GET"]}}],"collection":[{"href":"https:\/\/cidadenoar.com\/global\/wp-json\/wp\/v2\/posts"}],"about":[{"href":"https:\/\/cidadenoar.com\/global\/wp-json\/wp\/v2\/types\/post"}],"author":[{"embeddable":true,"href":"https:\/\/cidadenoar.com\/global\/wp-json\/wp\/v2\/users\/23"}],"replies":[{"embeddable":true,"href":"https:\/\/cidadenoar.com\/global\/wp-json\/wp\/v2\/comments?post=3005"}],"version-history":[{"count":0,"href":"https:\/\/cidadenoar.com\/global\/wp-json\/wp\/v2\/posts\/3005\/revisions"}],"wp:featuredmedia":[{"embeddable":true,"href":"https:\/\/cidadenoar.com\/global\/wp-json\/wp\/v2\/media\/3007"}],"wp:attachment":[{"href":"https:\/\/cidadenoar.com\/global\/wp-json\/wp\/v2\/media?parent=3005"}],"wp:term":[{"taxonomy":"category","embeddable":true,"href":"https:\/\/cidadenoar.com\/global\/wp-json\/wp\/v2\/categories?post=3005"},{"taxonomy":"post_tag","embeddable":true,"href":"https:\/\/cidadenoar.com\/global\/wp-json\/wp\/v2\/tags?post=3005"}],"curies":[{"name":"wp","href":"https:\/\/api.w.org\/{rel}","templated":true}]}}