{"id":3013,"date":"2025-06-10T11:24:53","date_gmt":"2025-06-10T14:24:53","guid":{"rendered":"https:\/\/cidadenoar.com\/?p=3013"},"modified":"2025-07-26T17:45:24","modified_gmt":"2025-07-26T20:45:24","slug":"itapema-recebe-treinamento-para-quem-quer-vencer-o-medo-de-falar-em-publico","status":"publish","type":"post","link":"https:\/\/cidadenoar.com\/global\/economia-negocios\/itapema-recebe-treinamento-para-quem-quer-vencer-o-medo-de-falar-em-publico\/","title":{"rendered":"Itapema recebe treinamento para quem quer vencer o medo de falar em p\u00fablico"},"content":{"rendered":"\n<p>Na pr\u00f3xima <strong>quarta-feira, 11 de junho<\/strong>, Itapema ser\u00e1 palco de um evento especial voltado a quem deseja <strong>melhorar sua comunica\u00e7\u00e3o e vencer o medo de falar em p\u00fablico<\/strong>. O <strong>Treinamento Fe Destrava<\/strong> acontece na <strong>CDL<\/strong>, das <strong>18h \u00e0s 22h<\/strong>, com direito a <strong>certificado e coffee break<\/strong>.<\/p>\n\n\n\n<p>Idealizado pela especialista em orat\u00f3ria <strong>Fernanda Merlim<\/strong>, o encontro tem foco pr\u00e1tico e promete ajudar tanto quem \u201ctrava\u201d ao se expressar, quanto quem j\u00e1 se comunica bem, mas quer aprimorar suas t\u00e9cnicas.<\/p>\n\n\n\n<p>A proposta do treinamento \u00e9 simples e direta: <strong>ajudar os participantes a destravarem a fala, organizarem melhor as ideias, controlarem a ansiedade e se expressarem com mais seguran\u00e7a<\/strong>. Quest\u00f5es como <strong>voz, dic\u00e7\u00e3o, postura corporal e clareza na mensagem<\/strong> ser\u00e3o trabalhadas com exerc\u00edcios din\u00e2micos e orienta\u00e7\u00e3o personalizada.<\/p>\n\n\n\n<p>&#8220;<strong>Comunicar-se bem n\u00e3o \u00e9 dom, \u00e9 uma habilidade que todos podem desenvolver<\/strong>&#8220;, afirma Fernanda. Segundo ela, o curso \u00e9 voltado para pessoas comuns, com ou sem experi\u00eancia, que desejam se posicionar melhor em entrevistas, reuni\u00f5es, apresenta\u00e7\u00f5es ou at\u00e9 mesmo no dia a dia.<\/p>\n\n\n\n<p>As inscri\u00e7\u00f5es est\u00e3o abertas e as vagas s\u00e3o limitadas. Interessados podem entrar em contato diretamente pelas redes sociais da instrutora ou pelo local do evento.<\/p>\n\n\n\n<p><\/p>\n","protected":false},"excerpt":{"rendered":"<p>Na pr\u00f3xima quarta-feira, 11 de junho, Itapema ser\u00e1 palco de um evento especial voltado a quem deseja melhorar sua comunica\u00e7\u00e3o e vencer o medo de falar em p\u00fablico. O Treinamento Fe Destrava acontece na CDL, das 18h \u00e0s 22h, com direito a certificado e coffee break. Idealizado pela especialista em orat\u00f3ria Fernanda Merlim, o encontro&#8230;<\/p>\n","protected":false},"author":1,"featured_media":3015,"comment_status":"open","ping_status":"open","sticky":false,"template":"","format":"standard","meta":{"footnotes":""},"categories":[289],"tags":[31,52,57],"class_list":["post-3013","post","type-post","status-publish","format-standard","has-post-thumbnail","hentry","category-economia-negocios","tag-educacao","tag-empreendedorismo","tag-itapema-sc"],"_links":{"self":[{"href":"https:\/\/cidadenoar.com\/global\/wp-json\/wp\/v2\/posts\/3013","targetHints":{"allow":["GET"]}}],"collection":[{"href":"https:\/\/cidadenoar.com\/global\/wp-json\/wp\/v2\/posts"}],"about":[{"href":"https:\/\/cidadenoar.com\/global\/wp-json\/wp\/v2\/types\/post"}],"author":[{"embeddable":true,"href":"https:\/\/cidadenoar.com\/global\/wp-json\/wp\/v2\/users\/1"}],"replies":[{"embeddable":true,"href":"https:\/\/cidadenoar.com\/global\/wp-json\/wp\/v2\/comments?post=3013"}],"version-history":[{"count":0,"href":"https:\/\/cidadenoar.com\/global\/wp-json\/wp\/v2\/posts\/3013\/revisions"}],"wp:featuredmedia":[{"embeddable":true,"href":"https:\/\/cidadenoar.com\/global\/wp-json\/wp\/v2\/media\/3015"}],"wp:attachment":[{"href":"https:\/\/cidadenoar.com\/global\/wp-json\/wp\/v2\/media?parent=3013"}],"wp:term":[{"taxonomy":"category","embeddable":true,"href":"https:\/\/cidadenoar.com\/global\/wp-json\/wp\/v2\/categories?post=3013"},{"taxonomy":"post_tag","embeddable":true,"href":"https:\/\/cidadenoar.com\/global\/wp-json\/wp\/v2\/tags?post=3013"}],"curies":[{"name":"wp","href":"https:\/\/api.w.org\/{rel}","templated":true}]}}