{"id":3030,"date":"2025-06-11T10:56:47","date_gmt":"2025-06-11T13:56:47","guid":{"rendered":"https:\/\/cidadenoar.com\/?p=3030"},"modified":"2025-06-11T10:57:15","modified_gmt":"2025-06-11T13:57:15","slug":"depilacao-a-laser-para-pele-negra-tecnologia-cuidados-e-resultados-com-a-dra-rosy-freitas","status":"publish","type":"post","link":"https:\/\/cidadenoar.com\/global\/saude-bem%e2%80%91estar\/depilacao-a-laser-para-pele-negra-tecnologia-cuidados-e-resultados-com-a-dra-rosy-freitas\/","title":{"rendered":"Depila\u00e7\u00e3o a Laser para Pele Negra: Tecnologia, Cuidados e Resultados com a Dra. Rosy Freitas"},"content":{"rendered":"\n<p>Por muitos anos, a depila\u00e7\u00e3o a laser foi vista como um procedimento restrito a peles claras, o que deixou pessoas de pele negra sem acesso a essa tecnologia ou expostas a riscos como manchas, queimaduras e at\u00e9 cicatrizes. Isso acontecia, principalmente, pela limita\u00e7\u00e3o dos equipamentos mais antigos, que n\u00e3o eram capazes de diferenciar com precis\u00e3o a melanina do pelo e da pele, gerando complica\u00e7\u00f5es.<\/p>\n\n\n\n<p>Com o avan\u00e7o da est\u00e9tica e o desenvolvimento de tecnologias espec\u00edficas, esse cen\u00e1rio mudou completamente. A Dra. Rosy Freitas, especialista em Enfermagem Dermatol\u00f3gica e Biomedicina, refor\u00e7a que hoje \u00e9 totalmente poss\u00edvel realizar a depila\u00e7\u00e3o a laser de forma segura, eficaz e confort\u00e1vel em peles negras, desde que seja utilizado o equipamento adequado, com tecnologia pensada para atender \u00e0s necessidades desse tipo de pele.<\/p>\n\n\n\n<p>O que faz a diferen\u00e7a s\u00e3o as plataformas de laser que utilizam comprimentos de onda mais seguros para peles mais escuras, como o Laser de Diodo e, especialmente, o Laser Nd:YAG, que possui uma penetra\u00e7\u00e3o mais profunda na pele e menor afinidade com a melanina epid\u00e9rmica. Isso significa que ele atua diretamente na raiz do pelo, preservando a integridade da pele e reduzindo drasticamente os riscos de hiperpigmenta\u00e7\u00e3o, manchas ou queimaduras.<\/p>\n\n\n\n<p>\u201cAqui, trabalhamos com equipamentos de \u00faltima gera\u00e7\u00e3o, especialmente desenvolvidos para atender todos os fototipos, inclusive os mais altos, como \u00e9 o caso da pele negra. Infelizmente, muitos lugares ainda n\u00e3o est\u00e3o preparados, o que gera inseguran\u00e7a nas pessoas. Por isso, \u00e9 fundamental que o procedimento seja feito em cl\u00ednicas s\u00e9rias, com profissionais capacitados e m\u00e1quinas certificadas\u201d, explica a Dra. Rosy Freitas.<\/p>\n\n\n\n<p>Os benef\u00edcios da depila\u00e7\u00e3o a laser v\u00e3o al\u00e9m da remo\u00e7\u00e3o definitiva dos pelos. Para peles negras, o procedimento tamb\u00e9m oferece um grande al\u00edvio para quem sofre com problemas como foliculite, pelos encravados, manchas e inflama\u00e7\u00f5es recorrentes, que s\u00e3o muito comuns nesse grupo devido \u00e0 curvatura natural do pelo e \u00e0 tend\u00eancia a processos inflamat\u00f3rios.<\/p>\n\n\n\n<p>O tratamento \u00e9 progressivo, sendo necess\u00e1rias algumas sess\u00f5es para atingir o resultado desejado. Em m\u00e9dia, de seis a dez sess\u00f5es, com intervalos mensais, dependendo da regi\u00e3o e das caracter\u00edsticas de cada paciente. Ao longo das sess\u00f5es, os pelos se tornam mais finos, mais espa\u00e7ados e, eventualmente, s\u00e3o eliminados de forma definitiva.<\/p>\n\n\n\n<p>A Dra. Rosy tamb\u00e9m destaca que, apesar da tecnologia ser segura, alguns cuidados s\u00e3o indispens\u00e1veis antes, durante e ap\u00f3s o tratamento, como evitar a exposi\u00e7\u00e3o solar, utilizar protetor solar e seguir rigorosamente as orienta\u00e7\u00f5es passadas em consult\u00f3rio, garantindo seguran\u00e7a, efic\u00e1cia e preven\u00e7\u00e3o de qualquer efeito indesejado.<\/p>\n\n\n\n<p>Com conhecimento t\u00e9cnico, experi\u00eancia e compromisso com a est\u00e9tica segura, a Dra. Rosy Freitas se consolida como refer\u00eancia no atendimento de depila\u00e7\u00e3o a laser para todos os tipos de pele, oferecendo n\u00e3o apenas resultados est\u00e9ticos, mas tamb\u00e9m mais conforto, bem-estar e qualidade de vida para seus pacientes. Afinal, sentir-se bem na pr\u00f3pria pele \u00e9 um direito de todos.<\/p>\n","protected":false},"excerpt":{"rendered":"<p>Por muitos anos, a depila\u00e7\u00e3o a laser foi vista como um procedimento restrito a peles claras, o que deixou pessoas de pele negra sem acesso a essa tecnologia ou expostas a riscos como manchas, queimaduras e at\u00e9 cicatrizes. Isso acontecia, principalmente, pela limita\u00e7\u00e3o dos equipamentos mais antigos, que n\u00e3o eram capazes de diferenciar com precis\u00e3o&#8230;<\/p>\n","protected":false},"author":20,"featured_media":3032,"comment_status":"open","ping_status":"open","sticky":false,"template":"","format":"standard","meta":{"footnotes":""},"categories":[19],"tags":[],"class_list":["post-3030","post","type-post","status-publish","format-standard","has-post-thumbnail","hentry","category-saude-bemestar"],"_links":{"self":[{"href":"https:\/\/cidadenoar.com\/global\/wp-json\/wp\/v2\/posts\/3030","targetHints":{"allow":["GET"]}}],"collection":[{"href":"https:\/\/cidadenoar.com\/global\/wp-json\/wp\/v2\/posts"}],"about":[{"href":"https:\/\/cidadenoar.com\/global\/wp-json\/wp\/v2\/types\/post"}],"author":[{"embeddable":true,"href":"https:\/\/cidadenoar.com\/global\/wp-json\/wp\/v2\/users\/20"}],"replies":[{"embeddable":true,"href":"https:\/\/cidadenoar.com\/global\/wp-json\/wp\/v2\/comments?post=3030"}],"version-history":[{"count":0,"href":"https:\/\/cidadenoar.com\/global\/wp-json\/wp\/v2\/posts\/3030\/revisions"}],"wp:featuredmedia":[{"embeddable":true,"href":"https:\/\/cidadenoar.com\/global\/wp-json\/wp\/v2\/media\/3032"}],"wp:attachment":[{"href":"https:\/\/cidadenoar.com\/global\/wp-json\/wp\/v2\/media?parent=3030"}],"wp:term":[{"taxonomy":"category","embeddable":true,"href":"https:\/\/cidadenoar.com\/global\/wp-json\/wp\/v2\/categories?post=3030"},{"taxonomy":"post_tag","embeddable":true,"href":"https:\/\/cidadenoar.com\/global\/wp-json\/wp\/v2\/tags?post=3030"}],"curies":[{"name":"wp","href":"https:\/\/api.w.org\/{rel}","templated":true}]}}