{"id":3035,"date":"2025-06-10T21:18:00","date_gmt":"2025-06-11T00:18:00","guid":{"rendered":"https:\/\/cidadenoar.com\/?p=3035"},"modified":"2025-06-11T12:27:15","modified_gmt":"2025-06-11T15:27:15","slug":"limpeza-dos-mares-realiza-etapa-historica-na-reserva-biologica-marinha-do-arvoredo","status":"publish","type":"post","link":"https:\/\/cidadenoar.com\/global\/brasil\/limpeza-dos-mares-realiza-etapa-historica-na-reserva-biologica-marinha-do-arvoredo\/","title":{"rendered":"Limpeza dos Mares realiza etapa hist\u00f3rica na Reserva Biol\u00f3gica Marinha do Arvoredo"},"content":{"rendered":"\n<p>Em homenagem ao Dia Mundial dos Oceanos, celebrado em 8 de junho, o projeto Limpeza dos Mares antecipou a data com mais uma etapa impactante: no s\u00e1bado (7), mais de 900 kg de res\u00edduos foram removidos da Reserva Biol\u00f3gica Marinha do Arvoredo, uma das \u00e1reas de conserva\u00e7\u00e3o ambiental destinadas a preservar um espa\u00e7o de grande import\u00e2ncia biol\u00f3gica na costa catarinense. A a\u00e7\u00e3o contou com apoio log\u00edstico da equipe do ICMBio.<\/p>\n\n\n\n<p>A iniciativa foi realizada pela Associa\u00e7\u00e3o N\u00e1utica Brasileira (ACATMAR), Acquanauta Floripa e Mundo Mar,&nbsp;<strong>com patroc\u00ednio mantenedor do Fort Atacadista, parceiro do projeto h\u00e1 8 anos,&nbsp;desde 2017<\/strong>. Dividida em duas frentes, a opera\u00e7\u00e3o reuniu mergulhadores para a limpeza subaqu\u00e1tica e volunt\u00e1rios em terra que atuaram nos cost\u00f5es da ilha. Entre os itens recolhidos estavam para-choque de carro, tampa de geladeira, brinquedos, capacetes, roupas, garrafas pet, gal\u00f5es e isopor.<\/p>\n\n\n\n<p>Segundo Michele Ferr\u00e1ri, presidente do Instituto Limpeza dos Mares, a etapa foi marcada por um forte simbolismo. \u201cMergulhamos fundo para entregar o oceano um pouco mais limpo no seu dia\u201d, afirma. Para o idealizador do projeto, Leandro &#8220;Man\u00e9&#8221;&nbsp;Ferrari, cada a\u00e7\u00e3o representa mais do que uma limpeza: \u201cEstamos devolvendo esperan\u00e7a\u201d.<\/p>\n\n\n\n<p>Com 11 anos de atua\u00e7\u00e3o, o Limpeza dos Mares j\u00e1 retirou mais de&nbsp;<strong>191 toneladas de res\u00edduos de praias, mares, cost\u00f5es e rios em Santa Catarina<\/strong>. Al\u00e9m da coleta, o projeto realiza a\u00e7\u00f5es educativas, como palestras e sess\u00f5es de cinema com foco na conscientiza\u00e7\u00e3o ambiental de crian\u00e7as e jovens.<\/p>\n\n\n\n<p>&#8220;Datas como o Dia Mundial dos Oceanos s\u00e3o emblem\u00e1ticas e muito importantes para incentivar iniciativas como o Limpeza dos Mares a refor\u00e7arem seu prop\u00f3sito de conscientiza\u00e7\u00e3o, de disseminar para cada vez mais pessoas essa mensagem t\u00e3o significativa. A sa\u00fade dos oceanos \u00e9 a sa\u00fade de todos n\u00f3s e a possibilidade de vislumbrarmos um futuro com maior conex\u00e3o \u00e0 natureza. E ver um projeto que foi t\u00e3o pioneiro ganhar mais for\u00e7a e mais engajamento das comunidades a cada etapa, a cada ano, nos enche de alegria. Para n\u00f3s do Fort Atacadista e para todos do Grupo Pereira \u00e9 uma satisfa\u00e7\u00e3o apoiar uma causa t\u00e3o nobre, que nos possibilita ver na pr\u00e1tica a sua efetividade\u201d, relata Simone Cotta, Head de Comunica\u00e7\u00e3o Corporativa e ESG do Grupo Pereira.<\/p>\n\n\n\n<p>A etapa especial na Ilha do Arvoredo tamb\u00e9m contou com o apoio de entidades como ICMBio, Prefeitura de Florian\u00f3polis, Programa Bandeira Azul, Marinha do Brasil \u2013 Capitania dos Portos de SC, SOAMAR SC, Pol\u00edcia Militar Ambiental, Corpo de Bombeiros Militar de SC e SEMAE SC.&nbsp;<\/p>\n","protected":false},"excerpt":{"rendered":"<p>No \u00faltimo s\u00e1bado (7), com o patroc\u00ednio do Fort Atacadista, a\u00e7\u00e3o especial pelo Dia Mundial dos Oceanos retirou mais de 900 kg de res\u00edduos no litoral catarinense<\/p>\n","protected":false},"author":23,"featured_media":3036,"comment_status":"open","ping_status":"open","sticky":false,"template":"","format":"standard","meta":{"footnotes":""},"categories":[11],"tags":[352,112,116],"class_list":["post-3035","post","type-post","status-publish","format-standard","has-post-thumbnail","hentry","category-brasil","tag-arvoredo","tag-fort-atacadista","tag-limpeza-dos-mares"],"_links":{"self":[{"href":"https:\/\/cidadenoar.com\/global\/wp-json\/wp\/v2\/posts\/3035","targetHints":{"allow":["GET"]}}],"collection":[{"href":"https:\/\/cidadenoar.com\/global\/wp-json\/wp\/v2\/posts"}],"about":[{"href":"https:\/\/cidadenoar.com\/global\/wp-json\/wp\/v2\/types\/post"}],"author":[{"embeddable":true,"href":"https:\/\/cidadenoar.com\/global\/wp-json\/wp\/v2\/users\/23"}],"replies":[{"embeddable":true,"href":"https:\/\/cidadenoar.com\/global\/wp-json\/wp\/v2\/comments?post=3035"}],"version-history":[{"count":0,"href":"https:\/\/cidadenoar.com\/global\/wp-json\/wp\/v2\/posts\/3035\/revisions"}],"wp:featuredmedia":[{"embeddable":true,"href":"https:\/\/cidadenoar.com\/global\/wp-json\/wp\/v2\/media\/3036"}],"wp:attachment":[{"href":"https:\/\/cidadenoar.com\/global\/wp-json\/wp\/v2\/media?parent=3035"}],"wp:term":[{"taxonomy":"category","embeddable":true,"href":"https:\/\/cidadenoar.com\/global\/wp-json\/wp\/v2\/categories?post=3035"},{"taxonomy":"post_tag","embeddable":true,"href":"https:\/\/cidadenoar.com\/global\/wp-json\/wp\/v2\/tags?post=3035"}],"curies":[{"name":"wp","href":"https:\/\/api.w.org\/{rel}","templated":true}]}}