{"id":3068,"date":"2025-06-12T17:14:16","date_gmt":"2025-06-12T20:14:16","guid":{"rendered":"https:\/\/cidadenoar.com\/?p=3068"},"modified":"2025-07-26T17:53:45","modified_gmt":"2025-07-26T20:53:45","slug":"claudio-gastao-da-rosa-filho-e-condecorado-com-maior-honraria-do-iasc","status":"publish","type":"post","link":"https:\/\/cidadenoar.com\/global\/politica\/claudio-gastao-da-rosa-filho-e-condecorado-com-maior-honraria-do-iasc\/","title":{"rendered":"Claudio Gast\u00e3o da Rosa Filho \u00e9 condecorado com maior honraria do IASC\u00a0"},"content":{"rendered":"\n<p>O advogado catarinense Claudio Gast\u00e3o da Rosa Filho foi condecorado na noite da \u00faltima quarta-feira (11) com a Comenda Conselheiro Manoel da Silva Mafra, a mais alta honraria concedida pelo IASC (Instituto dos Advogados de Santa Catarina) a personalidades que se destacam na valoriza\u00e7\u00e3o da advocacia.<\/p>\n\n\n\n<p>A sess\u00e3o solene que incluiu a outorga do t\u00edtulo de comendador foi realizada no Sal\u00e3o Bord\u00f4 do tribunal. Na seleta plateia, entre outros, juristas e autoridades, como o prefeito de Florian\u00f3polis, Top\u00e1zio Neto. Durante seu discurso, Gast\u00e3o Filho agradeceu a distin\u00e7\u00e3o ao presidente do IASC, Gilberto Teixeira, e destacou valores como a fam\u00edlia. Sua voz ficou embargada quando se referiu \u00e0 esposa, Cristiane, presente na solenidade com os filhos Maria Vit\u00f3ria, Maria J\u00falia e Claudio Neto. &#8220;Voc\u00eas s\u00e3o minha heran\u00e7a mais sagrada&#8221;, definiu.<\/p>\n\n\n\n<p>&#8220;Ao homem \u00e9 permitido orgulhar-se do seu caminho e do lugar que conquistou entre seus pares. Melhor do que o sentimento de orgulho \u00e9 o reconhecimento de que todo caminhar \u00e9 resultado de escolhas que fazemos sobre quem iremos seguir ou ao lado de quem vamos tra\u00e7ar nossa marca na vida&#8221;, declarou o advogado, criminalista com vasta experi\u00eancia em tribunais de SC, outros estados e nas inst\u00e2ncias superiores em Bras\u00edlia, tendo atuado em diversos casos de repercuss\u00e3o estadual e nacional.&nbsp; &nbsp;<\/p>\n\n\n\n<p>A sess\u00e3o solene teve como mote principal a assinatura de um termo de coopera\u00e7\u00e3o t\u00e9cnica entre o TCE-SC e o IASC. Tamb\u00e9m na solenidade, o presidente do tribunal, Herneus de Nadal, recebeu o t\u00edtulo de s\u00f3cio benem\u00e9rito do Instituto. Houve tamb\u00e9m o lan\u00e7amento do livro &#8220;Direito e(m) Evolu\u00e7\u00e3o: reflex\u00f5es jur\u00eddicas sobre quest\u00f5es atuais &#8220;, uma compila\u00e7\u00e3o de artigos de cerca de 30 autores do mundo jur\u00eddico catarinense.<\/p>\n\n\n\n<figure class=\"wp-block-image size-large is-resized\"><img fetchpriority=\"high\" decoding=\"async\" width=\"1024\" height=\"683\" src=\"https:\/\/cidadenoar.com\/wp-content\/uploads\/sites\/22\/2025\/06\/Advogado-Gastao-Filho-recebe-comenda-das-maos-do-presidente-do-IASC-Gilberto-Teixeira-_-foto-TCE-SC-1024x683.jpg\" alt=\"\" class=\"wp-image-3072\" style=\"width:452px;height:auto\" title=\"\" srcset=\"https:\/\/cidadenoar.com\/global\/wp-content\/uploads\/sites\/22\/2025\/06\/Advogado-Gastao-Filho-recebe-comenda-das-maos-do-presidente-do-IASC-Gilberto-Teixeira-_-foto-TCE-SC-1024x683.jpg 1024w, https:\/\/cidadenoar.com\/global\/wp-content\/uploads\/sites\/22\/2025\/06\/Advogado-Gastao-Filho-recebe-comenda-das-maos-do-presidente-do-IASC-Gilberto-Teixeira-_-foto-TCE-SC-300x200.jpg 300w, https:\/\/cidadenoar.com\/global\/wp-content\/uploads\/sites\/22\/2025\/06\/Advogado-Gastao-Filho-recebe-comenda-das-maos-do-presidente-do-IASC-Gilberto-Teixeira-_-foto-TCE-SC-768x512.jpg 768w, https:\/\/cidadenoar.com\/global\/wp-content\/uploads\/sites\/22\/2025\/06\/Advogado-Gastao-Filho-recebe-comenda-das-maos-do-presidente-do-IASC-Gilberto-Teixeira-_-foto-TCE-SC-600x400.jpg 600w, https:\/\/cidadenoar.com\/global\/wp-content\/uploads\/sites\/22\/2025\/06\/Advogado-Gastao-Filho-recebe-comenda-das-maos-do-presidente-do-IASC-Gilberto-Teixeira-_-foto-TCE-SC.jpg 1512w\" sizes=\"(max-width: 1024px) 100vw, 1024px\" \/><figcaption class=\"wp-element-caption\"><em>Advogado Gast\u00e3o Filho recebe comenda das m\u00e3os do presidente do IASC, Gilberto Teixeira _ foto TCE SC<\/em><\/figcaption><\/figure>\n","protected":false},"excerpt":{"rendered":"<p>Advogado de Florian\u00f3polis recebeu a distin\u00e7\u00e3o do presidente do Instituto dos Advogados de Santa Catarina, Gilberto Teixeira<\/p>\n","protected":false},"author":23,"featured_media":3069,"comment_status":"open","ping_status":"open","sticky":false,"template":"","format":"standard","meta":{"footnotes":""},"categories":[374],"tags":[359,270,358],"class_list":["post-3068","post","type-post","status-publish","format-standard","has-post-thumbnail","hentry","category-politica","tag-advogado","tag-direito","tag-juridico-2"],"_links":{"self":[{"href":"https:\/\/cidadenoar.com\/global\/wp-json\/wp\/v2\/posts\/3068","targetHints":{"allow":["GET"]}}],"collection":[{"href":"https:\/\/cidadenoar.com\/global\/wp-json\/wp\/v2\/posts"}],"about":[{"href":"https:\/\/cidadenoar.com\/global\/wp-json\/wp\/v2\/types\/post"}],"author":[{"embeddable":true,"href":"https:\/\/cidadenoar.com\/global\/wp-json\/wp\/v2\/users\/23"}],"replies":[{"embeddable":true,"href":"https:\/\/cidadenoar.com\/global\/wp-json\/wp\/v2\/comments?post=3068"}],"version-history":[{"count":0,"href":"https:\/\/cidadenoar.com\/global\/wp-json\/wp\/v2\/posts\/3068\/revisions"}],"wp:featuredmedia":[{"embeddable":true,"href":"https:\/\/cidadenoar.com\/global\/wp-json\/wp\/v2\/media\/3069"}],"wp:attachment":[{"href":"https:\/\/cidadenoar.com\/global\/wp-json\/wp\/v2\/media?parent=3068"}],"wp:term":[{"taxonomy":"category","embeddable":true,"href":"https:\/\/cidadenoar.com\/global\/wp-json\/wp\/v2\/categories?post=3068"},{"taxonomy":"post_tag","embeddable":true,"href":"https:\/\/cidadenoar.com\/global\/wp-json\/wp\/v2\/tags?post=3068"}],"curies":[{"name":"wp","href":"https:\/\/api.w.org\/{rel}","templated":true}]}}