{"id":3089,"date":"2025-06-13T13:28:16","date_gmt":"2025-06-13T16:28:16","guid":{"rendered":"https:\/\/cidadenoar.com\/?p=3089"},"modified":"2025-07-26T17:44:58","modified_gmt":"2025-07-26T20:44:58","slug":"arte-e-meio-ambiente-e-o-tema-de-vestigios-da-terraexposicao-de-rosane-dias-na-casa-de-metal","status":"publish","type":"post","link":"https:\/\/cidadenoar.com\/global\/cultura-lazer\/arte-e-meio-ambiente-e-o-tema-de-vestigios-da-terraexposicao-de-rosane-dias-na-casa-de-metal\/","title":{"rendered":"Arte e Meio Ambiente \u00e9 o tema de Vest\u00edgios da Terra,exposi\u00e7\u00e3o de Rosane Dias, na Casa de Metal"},"content":{"rendered":"\n<p><em>Artista transforma res\u00edduos da produ\u00e7\u00e3o de a\u00e7o em pe\u00e7as decorativas e conceituais que prop\u00f5em um di\u00e1logo entre arte, ind\u00fastria e meio ambiente.<\/em><br><em>A abertura da exposi\u00e7\u00e3o\u00a0<strong>Vest\u00edgios da Terra<\/strong>, com m\u00fasica ao vivo e a presen\u00e7a de Rosane Dias,ser\u00e1 em\u00a0<strong>14 de junho, das 14h \u00e0s 17h30<\/strong>, no bairro\u00a0<strong>Campo Belo<\/strong>.<\/em><br><em>O evento \u00e9 gratuito e aberto ao p\u00fablico.<\/em><\/p>\n\n\n\n<p>O trabalho da artista visual Rosane Dias poder\u00e1 ser visto em S\u00e3o Paulo, nessa nova mostra da Casa de Metal Espa\u00e7o Cultural. S\u00e3o pe\u00e7as de formas variadas, com cores e texturas, resultado de pesquisa que a pr\u00f3pria artista de Ipatinga, Minas Gerais, realiza desde 2016. No dia da abertura, al\u00e9m da presen\u00e7a da criadora, o ambiente ao ar livre ter\u00e1 jazz ao vivo.<\/p>\n\n\n\n<p>O in\u00edcio da exposi\u00e7\u00e3o de Rosane Dias ocorre logo ap\u00f3s a Semana Mundial do Meio Ambiente, tema plenamente alinhado com a produ\u00e7\u00e3o da artista. A base de seu trabalho \u00e9 o agregado sider\u00fargico, material que a artista ressignifica ao traz\u00ea-lo para o ambiente da arte e da cultura.<br><br>A exposi\u00e7\u00e3o foi nomeada de \u201c<strong>Vest\u00edgios da Terra<\/strong>\u201d para ressaltar que a mat\u00e9ria prima usada, mesmo sendo um res\u00edduo industrial, ainda\u00a0<em>\u201cmant\u00e9m em sua materialidade, os vest\u00edgios de uma origem mineral\u201d,<\/em>\u00a0como descrito no texto de apresenta\u00e7\u00e3o no site da Casa de Metal.<\/p>\n\n\n\n<figure class=\"wp-block-image\"><img decoding=\"async\" src=\"https:\/\/app.i-maxpr.com\/newsystem\/data\/assets\/1692493410\/10073\/dad\/dadf334b5ae28c1d3f73e419a7b83d1alow.jpeg\" alt=\"\" title=\"\"><figcaption class=\"wp-element-caption\"><em>Textura e cores produzidas com agregado sider\u00fagico, de Rosane Dias<\/em><\/figcaption><\/figure>\n\n\n\n<p>H\u00e1 duas mostras em que os visitantes tamb\u00e9m ter\u00e3o acesso no mesmo dia dessa abertura. Uma \u00e9 o&nbsp;<strong>Memorial da Minera\u00e7\u00e3o, Metalurgia e Materiais<\/strong>, exposi\u00e7\u00e3o permanente, com galeria de min\u00e9rios, jogo \u201cquiz\u201d, sala de v\u00eddeo e cabine de realidade virtual. E tamb\u00e9m a exposi\u00e7\u00e3o&nbsp;<strong>Mem\u00f3rias de Ferro &#8211; A F\u00e1brica Ipanema<\/strong>, que retrata o in\u00edcio da produ\u00e7\u00e3o industrial de ferro no Brasil, atrav\u00e9s de pe\u00e7as originais e um v\u00eddeo document\u00e1rio gravado nas ru\u00ednas da f\u00e1brica.<br><br>No dia da abertura da exposi\u00e7\u00e3o de Rosane Dias, a banda \u201cImprovisators\u201d, de jazz fusion e blues, com Sabi\u00e1 da Flauta, se apresentar\u00e1 junto ao espa\u00e7o container da Casa de Metal.<br><br>A Casa de Metal Espa\u00e7o Cultural \u00e9 aberta para visita\u00e7\u00e3o individual durante a semana, inclusive aos s\u00e1bados. Agendamentos de escolas e grupos independentes podem ser feitos atrav\u00e9s de contato por telefone, WhatsApp ou presencialmente.<\/p>\n\n\n\n<p><strong>INFORMA\u00c7\u00d5ES<\/strong><\/p>\n\n\n\n<p><strong>Exposi\u00e7\u00e3o de Rosane Dias &#8211; Vest\u00edgios da Terra<\/strong><strong>&nbsp;&#8211;&nbsp;<u>abertura em 14\/06 &#8211; 14h \u00e0s 17h30, com<\/u><\/strong><br><strong><u>entrada pelo Port\u00e3o 2 &#8211; Rua Domingos Lopes, 321<\/u>&nbsp;&#8211; Campo Belo &#8211; S\u00e3o Paulo-SP<\/strong><br>&#8211; em cartaz at\u00e9 dezembro de 2025, com entrada pelo port\u00e3o principal da Casa de Metal.<br><br><strong>Mem\u00f3rias de Ferro: A F\u00e1brica Ipanema<\/strong>&#8211; em cartaz at\u00e9 dezembro de 2025<br><br><strong>Memorial da Minera\u00e7\u00e3o, Metalurgia e Materiais<\/strong>&#8211; acervo permanente<br><br><strong>Casa de Metal Espa\u00e7o Cultural<\/strong><br>port\u00e3o principal: Rua Antonio Comparato, 218 &#8211; Campo Belo &#8211; S\u00e3o Paulo &#8211; SP<br>Contato para agendamento de grupos e informa\u00e7\u00f5es: WhatsApp 11 91313-6125<br><a href=\"http:\/\/www.casademetalcultural.com.br\/\" target=\"_blank\" rel=\"noopener\"><u>www.casademetalcultural.com.br<\/u><\/a><\/p>\n\n\n\n<p><strong>Sobre a Casa de Metal Espa\u00e7o Cultural<\/strong><\/p>\n\n\n\n<p>A Casa de Metal Espa\u00e7o Cultural \u00e9 um dos mais novos centros de arte da cidade de S\u00e3o Paulo, localizada numa \u00e1rea de poucos espa\u00e7os culturais, o bairro Campo Belo, em um&nbsp; im\u00f3vel que \u00e9 destaque da arquitetura modernista paulista. Desde 2022, o local apresenta exposi\u00e7\u00f5es, shows musicais, teatro e palestras. Tamb\u00e9m inclui atividades relacionadas aos metais, como o acervo hist\u00f3rico, art\u00edstico e bibliogr\u00e1fico.<br><br>A Casa de Metal \u00e9 uma realiza\u00e7\u00e3o do Instituto Cultural Quattro, Quattro Projetos e do Minist\u00e9rio da Cultura atrav\u00e9s da Lei Federal de Incentivo \u00e0 Cultura, com chancela da ABM &#8211; Associa\u00e7\u00e3o Brasileira de Metalurgia, Materiais e Minera\u00e7\u00e3o. A manuten\u00e7\u00e3o do espa\u00e7o e as atividades culturais de 2025 s\u00e3o patrocinadas pelas empresas AVB, Carboox, CBMM, Heraeus, IBAR, Instituto Cultural Vale, KAEFER RIP, Reframax, RHI Magnesita, Shinagawa, Usiminas e White Martins.<\/p>\n","protected":false},"excerpt":{"rendered":"<p>Artista transforma res\u00edduos da produ\u00e7\u00e3o de a\u00e7o em pe\u00e7as decorativas e conceituais que prop\u00f5em um di\u00e1logo entre arte, ind\u00fastria e meio ambiente.A abertura da exposi\u00e7\u00e3o\u00a0Vest\u00edgios da Terra, com m\u00fasica ao vivo e a presen\u00e7a de Rosane Dias,ser\u00e1 em\u00a014 de junho, das 14h \u00e0s 17h30, no bairro\u00a0Campo Belo.O evento \u00e9 gratuito e aberto ao p\u00fablico. O&#8230;<\/p>\n","protected":false},"author":1,"featured_media":3090,"comment_status":"open","ping_status":"open","sticky":false,"template":"","format":"standard","meta":{"footnotes":""},"categories":[360],"tags":[22,52],"class_list":["post-3089","post","type-post","status-publish","format-standard","has-post-thumbnail","hentry","category-cultura-lazer","tag-brasil","tag-empreendedorismo"],"_links":{"self":[{"href":"https:\/\/cidadenoar.com\/global\/wp-json\/wp\/v2\/posts\/3089","targetHints":{"allow":["GET"]}}],"collection":[{"href":"https:\/\/cidadenoar.com\/global\/wp-json\/wp\/v2\/posts"}],"about":[{"href":"https:\/\/cidadenoar.com\/global\/wp-json\/wp\/v2\/types\/post"}],"author":[{"embeddable":true,"href":"https:\/\/cidadenoar.com\/global\/wp-json\/wp\/v2\/users\/1"}],"replies":[{"embeddable":true,"href":"https:\/\/cidadenoar.com\/global\/wp-json\/wp\/v2\/comments?post=3089"}],"version-history":[{"count":0,"href":"https:\/\/cidadenoar.com\/global\/wp-json\/wp\/v2\/posts\/3089\/revisions"}],"wp:featuredmedia":[{"embeddable":true,"href":"https:\/\/cidadenoar.com\/global\/wp-json\/wp\/v2\/media\/3090"}],"wp:attachment":[{"href":"https:\/\/cidadenoar.com\/global\/wp-json\/wp\/v2\/media?parent=3089"}],"wp:term":[{"taxonomy":"category","embeddable":true,"href":"https:\/\/cidadenoar.com\/global\/wp-json\/wp\/v2\/categories?post=3089"},{"taxonomy":"post_tag","embeddable":true,"href":"https:\/\/cidadenoar.com\/global\/wp-json\/wp\/v2\/tags?post=3089"}],"curies":[{"name":"wp","href":"https:\/\/api.w.org\/{rel}","templated":true}]}}