{"id":3094,"date":"2025-06-13T14:55:55","date_gmt":"2025-06-13T17:55:55","guid":{"rendered":"https:\/\/cidadenoar.com\/?p=3094"},"modified":"2025-06-16T11:02:01","modified_gmt":"2025-06-16T14:02:01","slug":"escolas-ja-podem-agendar-visitas-a-exposicaomemorias-de-ferro-na-casa-de-metal-no-campo-belo","status":"publish","type":"post","link":"https:\/\/cidadenoar.com\/global\/cultura-lazer\/escolas-ja-podem-agendar-visitas-a-exposicaomemorias-de-ferro-na-casa-de-metal-no-campo-belo\/","title":{"rendered":"Escolas j\u00e1 podem Agendar Visitas \u00e0 Exposi\u00e7\u00e3oMem\u00f3rias de Ferro, na Casa de Metal, no Campo Belo"},"content":{"rendered":"\n<p><em>Inaugurada em maio, a exposi\u00e7\u00e3o \u201c<strong>Mem\u00f3rias de Ferro &#8211; A F\u00e1brica Ipanema<\/strong>\u201d que retrata fatos hist\u00f3ricos da industrializa\u00e7\u00e3o de metais no Brasil, j\u00e1 est\u00e1 dispon\u00edvel para agendamento por&nbsp;escolas. A Casa de Metal Espa\u00e7o Cultural, localizada no&nbsp;<strong>bairro do Campo Belo em S\u00e3o Paulo<\/strong>, \u00e9 um dos mais novos centros culturais da regi\u00e3o e&nbsp;<strong>todas as atividades s\u00e3o gratuitas e abertas ao p\u00fablico<\/strong>.<\/em><\/p>\n\n\n\n<p>A exposi\u00e7\u00e3o destaca a import\u00e2ncia da F\u00e1brica de Ferro Ipanema para o in\u00edcio da produ\u00e7\u00e3o industrial de ferro no Brasil. Fundada em 1810 numa regi\u00e3o pr\u00f3xima a Sorocaba-SP, a f\u00e1brica \u00e9 um marco da \u00e9poca em que Dom Jo\u00e3o VI promoveu diversas iniciativas para o desenvolvimento do Brasil col\u00f4nia.<\/p>\n\n\n\n<p>Esse patrim\u00f4nio hist\u00f3rico e ambiental, reconhecido pelo IPHAN, \u00e9 apresentado em 26 pe\u00e7as. S\u00e3o itens de ferro fundido da antiga f\u00e1brica, como res\u00edduos fundidos, vasos de ferro ornamentados de 1845, uma pe\u00e7a de fog\u00e3o \u00e0 lenha, um gradil de cemit\u00e9rio, um marco topogr\u00e1fico de 1925 e uma placa comemorativa da \u00e9poca republicana.<\/p>\n\n\n\n<p>A mostra apresenta tamb\u00e9m as origens da explora\u00e7\u00e3o de min\u00e9rio de ferro no pa\u00eds, com achados arqueol\u00f3gicos e cer\u00e2micas de povos origin\u00e1rios Tupiniquins. H\u00e1 pe\u00e7as datadas desde os anos 1300.&nbsp;<em>&#8220;S\u00e3o muitas camadas de mem\u00f3rias, que ainda podem ser pesquisadas&#8221;<\/em>, afirma a curadora da exposi\u00e7\u00e3o Marianne Arnoni.<\/p>\n\n\n\n<p>Um v\u00eddeo de seis minutos complementa a experi\u00eancia, ele retrata as ru\u00ednas da f\u00e1brica, hoje parte da Floresta Nacional de Ipanema, uma Unidade de Conserva\u00e7\u00e3o Federal administrada pelo ICMBio. Essa rela\u00e7\u00e3o geogr\u00e1fica ressalta a import\u00e2ncia da preserva\u00e7\u00e3o ambiental e hist\u00f3rica.<\/p>\n\n\n\n<p>As cenas e a entrevista do v\u00eddeo revelam tamb\u00e9m que esse patrim\u00f4nio \u00e9 considerado um dos mais preservados complexos industriais do mundo, sobre a produ\u00e7\u00e3o de ferro.<\/p>\n\n\n\n<p>Os temas abordados na exposi\u00e7\u00e3o, como a \u00e9poca de D. Jo\u00e3o VI, povos origin\u00e1rios de S\u00e3o Paulo, patrim\u00f4nio hist\u00f3rico, preserva\u00e7\u00e3o ambiental e processos tecnol\u00f3gicos, s\u00e3o conhecimentos atuais, indicados para pesquisas e estudos preparat\u00f3rios de concursos e vestibulares.<\/p>\n\n\n\n<figure class=\"wp-block-image\"><img decoding=\"async\" src=\"https:\/\/app.i-maxpr.com\/newsystem\/data\/assets\/1692493410\/auto226\/2263759415.jpg\" alt=\"\" title=\"\"><figcaption class=\"wp-element-caption\"><em>Exposi\u00e7\u00e3o Mem\u00f3rias de Ferro &#8211; A F\u00e1brica Ipanema, em cartaz na Casa de Metal Espa\u00e7o Cultural<\/em><\/figcaption><\/figure>\n\n\n\n<p>A Casa de Metal Espa\u00e7o Cultural \u00e9 aberta para visita\u00e7\u00e3o durante a semana, inclusive aos s\u00e1bados. Os agendamentos para escolas e grupos independentes podem ser feitos atrav\u00e9s de contato por telefone, WhatsApp ou presencialmente.<br><br>Os visitantes tamb\u00e9m podem conhecer o&nbsp;<strong>Memorial da Minera\u00e7\u00e3o, Metalurgia e Materiais<\/strong>, \u00e1rea expositiva permanente, com sala de proje\u00e7\u00e3o, cabine de v\u00eddeo de realidade virtual, jogo digital, objetos e obras de arte relacionadas com elementos da tabela peri\u00f3dica.<\/p>\n\n\n\n<p><strong>INFORMA\u00c7\u00d5ES<\/strong><\/p>\n\n\n\n<p><strong>\u201cExposi\u00e7\u00e3o: Mem\u00f3rias de Ferro: A F\u00e1brica Ipanema\u201d &#8211; em cartaz at\u00e9 dezembro de 2025<\/strong><br><strong>\u201cMemorial da Minera\u00e7\u00e3o, Metalurgia e Materiais\u201d &#8211; acervo permanente<\/strong><br><br><strong>Casa de Metal Espa\u00e7o Cultural<\/strong><br><strong>Rua Antonio Comparato, 218 &#8211; Campo Belo &#8211; S\u00e3o Paulo &#8211; SP<\/strong><br><strong>Contato para agendamento de grupos e informa\u00e7\u00f5es: WhatsApp 11 91313-6125<\/strong><\/p>\n\n\n\n<p><a href=\"http:\/\/www.casademetalcultural.com.br\/\" target=\"_blank\" rel=\"noopener\"><u>www.casademetalcultural.com.br<\/u><\/a><\/p>\n\n\n\n<p><br><strong>Sobre a Casa de Metal Espa\u00e7o Cultural<\/strong><\/p>\n\n\n\n<p>A Casa de Metal Espa\u00e7o Cultural \u00e9 um dos mais novos centros de arte da cidade de S\u00e3o Paulo, localizada numa \u00e1rea de poucos espa\u00e7os culturais, o bairro Campo Belo, em um\u00a0 im\u00f3vel que \u00e9 destaque da arquitetura modernista paulista. Desde 2022, o local apresenta exposi\u00e7\u00f5es, shows musicais, teatro e palestras. Tamb\u00e9m inclui atividades relacionadas aos metais, como o acervo hist\u00f3rico, art\u00edstico e bibliogr\u00e1fico.<br><br>A Casa de Metal \u00e9 uma realiza\u00e7\u00e3o do Instituto Cultural Quattro, Quattro Projetos e do Minist\u00e9rio da Cultura atrav\u00e9s da Lei Federal de Incentivo \u00e0 Cultura, com chancela da ABM &#8211; Associa\u00e7\u00e3o Brasileira de Metalurgia, Materiais e Minera\u00e7\u00e3o. A manuten\u00e7\u00e3o do espa\u00e7o e as atividades culturais de 2025 s\u00e3o patrocinadas pelas empresas AVB, Carboox, CBMM, Heraeus, Instituto Cultural Vale, KAEFER RIP, IBAR, Reframax, RHI Magnesita, Shinagawa, Usiminas e White Martins.<\/p>\n","protected":false},"excerpt":{"rendered":"<p>Inaugurada em maio, a exposi\u00e7\u00e3o \u201cMem\u00f3rias de Ferro &#8211; A F\u00e1brica Ipanema\u201d que retrata fatos hist\u00f3ricos da industrializa\u00e7\u00e3o de metais no Brasil, j\u00e1 est\u00e1 dispon\u00edvel para agendamento por&nbsp;escolas. A Casa de Metal Espa\u00e7o Cultural, localizada no&nbsp;bairro do Campo Belo em S\u00e3o Paulo, \u00e9 um dos mais novos centros culturais da regi\u00e3o e&nbsp;todas as atividades s\u00e3o&#8230;<\/p>\n","protected":false},"author":1,"featured_media":3095,"comment_status":"open","ping_status":"open","sticky":false,"template":"","format":"standard","meta":{"footnotes":""},"categories":[360,11,289],"tags":[22,52],"class_list":["post-3094","post","type-post","status-publish","format-standard","has-post-thumbnail","hentry","category-cultura-lazer","category-brasil","category-economia-negocios","tag-brasil","tag-empreendedorismo"],"_links":{"self":[{"href":"https:\/\/cidadenoar.com\/global\/wp-json\/wp\/v2\/posts\/3094","targetHints":{"allow":["GET"]}}],"collection":[{"href":"https:\/\/cidadenoar.com\/global\/wp-json\/wp\/v2\/posts"}],"about":[{"href":"https:\/\/cidadenoar.com\/global\/wp-json\/wp\/v2\/types\/post"}],"author":[{"embeddable":true,"href":"https:\/\/cidadenoar.com\/global\/wp-json\/wp\/v2\/users\/1"}],"replies":[{"embeddable":true,"href":"https:\/\/cidadenoar.com\/global\/wp-json\/wp\/v2\/comments?post=3094"}],"version-history":[{"count":0,"href":"https:\/\/cidadenoar.com\/global\/wp-json\/wp\/v2\/posts\/3094\/revisions"}],"wp:featuredmedia":[{"embeddable":true,"href":"https:\/\/cidadenoar.com\/global\/wp-json\/wp\/v2\/media\/3095"}],"wp:attachment":[{"href":"https:\/\/cidadenoar.com\/global\/wp-json\/wp\/v2\/media?parent=3094"}],"wp:term":[{"taxonomy":"category","embeddable":true,"href":"https:\/\/cidadenoar.com\/global\/wp-json\/wp\/v2\/categories?post=3094"},{"taxonomy":"post_tag","embeddable":true,"href":"https:\/\/cidadenoar.com\/global\/wp-json\/wp\/v2\/tags?post=3094"}],"curies":[{"name":"wp","href":"https:\/\/api.w.org\/{rel}","templated":true}]}}