{"id":3170,"date":"2025-06-21T11:19:05","date_gmt":"2025-06-21T14:19:05","guid":{"rendered":"https:\/\/cidadenoar.com\/?p=3170"},"modified":"2025-07-26T17:41:50","modified_gmt":"2025-07-26T20:41:50","slug":"saie-vetro-2025-anuncia-programacao-com-palestras-e-encontros-tecnicos-para-profissionais-do-setor-de-portas-janelas-e-vidros-em-florianopolis","status":"publish","type":"post","link":"https:\/\/cidadenoar.com\/global\/economia-negocios\/saie-vetro-2025-anuncia-programacao-com-palestras-e-encontros-tecnicos-para-profissionais-do-setor-de-portas-janelas-e-vidros-em-florianopolis\/","title":{"rendered":"SAIE VETRO 2025 anuncia programa\u00e7\u00e3o com palestras e encontros t\u00e9cnicos para profissionais do setor de portas, janelas e vidros em Florian\u00f3polis\u00a0"},"content":{"rendered":"\n<p>Considerado o maior ponto de encontro do setor de esquadrias e vidro no Brasil em 2025, o\u00a0<strong>SAIE VETRO \u2013 Sal\u00e3o da Ind\u00fastria de Esquadrias e Vidro<\/strong>\u00a0chega \u00e0 sua 14\u00aa edi\u00e7\u00e3o neste ano, reunindo fabricantes, instaladores, arquitetos e profissionais da constru\u00e7\u00e3o civil em <a href=\"https:\/\/cidadenoar.com.br\" target=\"_blank\" rel=\"noreferrer noopener\">Florian\u00f3polis<\/a>. O evento ser\u00e1 realizado entre os dias 10 e 12 de setembro, no Centro de Conven\u00e7\u00f5es de Florian\u00f3polis (CentroSul), com entrada gratuita para profissionais do setor.<\/p>\n\n\n\n<p>Organizado pelo Grupo Contramarco, o SAIE VETRO \u00e9 uma feira bienal e, desde 2019, tem como sede fixa a capital catarinense \u2014 um dos p\u00f3los em ascens\u00e3o da constru\u00e7\u00e3o civil no pa\u00eds. Nesta edi\u00e7\u00e3o, o evento ocupar\u00e1 uma \u00e1rea de 8 mil metros quadrados e contar\u00e1 com mais de 130 marcas expositoras, apresentando lan\u00e7amentos, solu\u00e7\u00f5es e tecnologias em esquadrias, vidros e acess\u00f3rios.<\/p>\n\n\n\n<p>Al\u00e9m da feira de <a href=\"https:\/\/cidadenoar.com\/2025\/07\/10\/o-dia-que-o-veio-da-havan-me-ligou-e-eu-quase-nao-atendi\/\" target=\"_blank\" data-type=\"post\" data-id=\"3582\" rel=\"noreferrer noopener\">neg\u00f3cios<\/a>, a programa\u00e7\u00e3o t\u00e9cnica \u00e9 um dos grandes atrativos do evento. Durante os tr\u00eas dias, ser\u00e3o realizados semin\u00e1rios e encontros tem\u00e1ticos que promovem qualifica\u00e7\u00e3o profissional e troca de conhecimento entre os participantes.<\/p>\n\n\n\n<p><strong>Conte\u00fado t\u00e9cnico e troca de experi\u00eancias<\/strong><\/p>\n\n\n\n<p>Um dos destaques \u00e9 o&nbsp;<strong>SEBRASER \u2013 Semin\u00e1rio Brasileiro de Serralheria<\/strong>, que ocorre ao longo dos tr\u00eas dias do evento com palestras gratuitas voltadas a serralheiros, fabricantes e instaladores de esquadrias. Entre os temas confirmados est\u00e3o:<\/p>\n\n\n\n<ul class=\"wp-block-list\">\n<li><em>\u201cOs benef\u00edcios dos vidros de controle solar\u201d<\/em>, com participa\u00e7\u00e3o da Vidra\u00e7aria Primos e AGC;<\/li>\n\n\n\n<li><em>\u201cO que atrai o seu cliente arquiteto\u201d<\/em>, promovida pela Abividro.<\/li>\n<\/ul>\n\n\n\n<p>No dia 11 de setembro, o&nbsp;<strong>AFEAL \u2013 6\u00ba Encontro Regional da Ind\u00fastria de Esquadrias e Alum\u00ednio<\/strong>&nbsp;trar\u00e1 especialistas para debater os principais desafios e inova\u00e7\u00f5es do setor. A programa\u00e7\u00e3o inclui:<\/p>\n\n\n\n<ul class=\"wp-block-list\">\n<li><em>\u201cA\u00e7\u00e3o do vento em fachadas\u201d<\/em>, com o professor Acir M\u00e9rcio, da Universidade Federal do Rio Grande do Sul (UFRGS);<\/li>\n\n\n\n<li><em>\u201cA verdade por tr\u00e1s das esquadrias: expectativas, realidades e manuten\u00e7\u00e3o de fachadas\u201d<\/em>, com a arquiteta Audrey Dias;<\/li>\n\n\n\n<li><em>\u201cFerramentas digitais e inova\u00e7\u00e3o no desenvolvimento sustent\u00e1vel de fachadas envidra\u00e7adas\u201d<\/em>, com o engenheiro Cresc\u00eancio Petrucci;<\/li>\n\n\n\n<li><em>\u201cPatologia em fachadas\u201d<\/em>, com o consultor de esquadrias de alum\u00ednio Henrique do Vale.<\/li>\n<\/ul>\n\n\n\n<p>J\u00e1 no dia 12, o semin\u00e1rio&nbsp;<strong>Vidro Som \u2013 Solu\u00e7\u00f5es Ac\u00fasticas em Vidro<\/strong>&nbsp;reunir\u00e1 arquitetos, consultores e fabricantes para discutir projetos ac\u00fasticos, com apresenta\u00e7\u00e3o de estudos de caso. Outro encontro confirmado \u00e9 o&nbsp;<strong>Esquadrias de PVC em Foco<\/strong>,<strong>&nbsp;<\/strong>encontro regional voltado para fabricantes e profissionais interessados em inova\u00e7\u00f5es nesse tipo de material.<\/p>\n\n\n\n<p><strong>Expectativa de p\u00fablico<\/strong><\/p>\n\n\n\n<p>Em sua \u00faltima edi\u00e7\u00e3o, em 2023, o SAIE VETRO atraiu cerca de 7.800 visitantes ao CentroSul, em 23 horas de programa\u00e7\u00e3o. Para este ano, a organiza\u00e7\u00e3o espera superar esse n\u00famero, ultrapassando os 8 mil participantes.<\/p>\n\n\n\n<p>A feira ocorre das 13h \u00e0s 20h, com acesso gratuito mediante credenciamento.&nbsp;<\/p>\n\n\n\n<p>Mais informa\u00e7\u00f5es podem ser encontradas no&nbsp;<a href=\"http:\/\/www.saievetro.com\/\" target=\"_blank\" rel=\"noreferrer noopener\">site oficial do evento<\/a>.&nbsp;<\/p>\n","protected":false},"excerpt":{"rendered":"<p>Evento ser\u00e1 realizado de 10 a 12 de setembro no CentroSul e contar\u00e1 com o Semin\u00e1rio Brasileiro de Serralheria e o 6\u00ba Encontro Regional da Ind\u00fastria de Esquadrias e Alum\u00ednio, al\u00e9m de trilhas sobre fachadas, solu\u00e7\u00f5es ac\u00fasticas e inova\u00e7\u00f5es na constru\u00e7\u00e3o civil<\/p>\n","protected":false},"author":23,"featured_media":3171,"comment_status":"open","ping_status":"open","sticky":false,"template":"","format":"standard","meta":{"footnotes":""},"categories":[289],"tags":[375,294,376],"class_list":["post-3170","post","type-post","status-publish","format-standard","has-post-thumbnail","hentry","category-economia-negocios","tag-esquadria","tag-saie-vetro","tag-vidro"],"_links":{"self":[{"href":"https:\/\/cidadenoar.com\/global\/wp-json\/wp\/v2\/posts\/3170","targetHints":{"allow":["GET"]}}],"collection":[{"href":"https:\/\/cidadenoar.com\/global\/wp-json\/wp\/v2\/posts"}],"about":[{"href":"https:\/\/cidadenoar.com\/global\/wp-json\/wp\/v2\/types\/post"}],"author":[{"embeddable":true,"href":"https:\/\/cidadenoar.com\/global\/wp-json\/wp\/v2\/users\/23"}],"replies":[{"embeddable":true,"href":"https:\/\/cidadenoar.com\/global\/wp-json\/wp\/v2\/comments?post=3170"}],"version-history":[{"count":0,"href":"https:\/\/cidadenoar.com\/global\/wp-json\/wp\/v2\/posts\/3170\/revisions"}],"wp:featuredmedia":[{"embeddable":true,"href":"https:\/\/cidadenoar.com\/global\/wp-json\/wp\/v2\/media\/3171"}],"wp:attachment":[{"href":"https:\/\/cidadenoar.com\/global\/wp-json\/wp\/v2\/media?parent=3170"}],"wp:term":[{"taxonomy":"category","embeddable":true,"href":"https:\/\/cidadenoar.com\/global\/wp-json\/wp\/v2\/categories?post=3170"},{"taxonomy":"post_tag","embeddable":true,"href":"https:\/\/cidadenoar.com\/global\/wp-json\/wp\/v2\/tags?post=3170"}],"curies":[{"name":"wp","href":"https:\/\/api.w.org\/{rel}","templated":true}]}}