{"id":3188,"date":"2025-06-23T10:41:37","date_gmt":"2025-06-23T13:41:37","guid":{"rendered":"https:\/\/cidadenoar.com\/?p=3188"},"modified":"2025-07-05T10:19:55","modified_gmt":"2025-07-05T13:19:55","slug":"felipe-airan-machado-traz-a-imersao-negocios-exponenciais-para-florianopolis-com-promessa-de-crescimento-real","status":"publish","type":"post","link":"https:\/\/cidadenoar.com\/global\/tecnologia-educacao\/felipe-airan-machado-traz-a-imersao-negocios-exponenciais-para-florianopolis-com-promessa-de-crescimento-real\/","title":{"rendered":"Felipe Airan Machado traz a Imers\u00e3o \u201cNeg\u00f3cios Exponenciais\u201d para Florian\u00f3polis com promessa de crescimento real"},"content":{"rendered":"\n<p>Florian\u00f3polis ser\u00e1 palco, nos dias 15, 16 e 17 de agosto, da t\u00e3o aguardada <strong>Imers\u00e3o Neg\u00f3cios Exponenciais<\/strong>, idealizada por <strong>Felipe\u202fAiran\u202fMachado<\/strong>, mestre em neg\u00f3cios e CEO do Grupo AR Educa\u00e7\u00e3o. O evento promete transformar a forma como empres\u00e1rios e empreendedores pensam e aplicam estrat\u00e9gias de crescimento.<\/p>\n\n\n\n<p>Felipe Airan Machado acumula mais de dez anos dedicados ao desenvolvimento empresarial. \u00c0 frente do Grupo AR Educa\u00e7\u00e3o, ele j\u00e1 formou milhares de \u201cmestres\u201d em neg\u00f3cios, com sua metodologia estruturada para gerar resultados palp\u00e1veis e sustent\u00e1veis. Em suas pr\u00f3prias palavras, \u201cSem processo, n\u00e3o existe liberdade. Quem n\u00e3o domina os n\u00fameros, \u00e9 ref\u00e9m da imprevisibilidade\u201d \u2014 uma filosofia que permeia toda a programa\u00e7\u00e3o do evento.<\/p>\n\n\n\n<h4 class=\"wp-block-heading\">O que esperar nos tr\u00eas dias<\/h4>\n\n\n\n<p>A imers\u00e3o foi cuidadosamente pensada para atender l\u00edderes que buscam acelerar sua empresa com postura pr\u00e1tica e estrat\u00e9gica:<\/p>\n\n\n\n<ul class=\"wp-block-list\">\n<li><strong>Posicionamento e Autoridade<\/strong> \u2013 T\u00e9cnicas para consolidar a marca e ser reconhecido como refer\u00eancia no mercado.<\/li>\n\n\n\n<li><strong>Marketing e Vendas<\/strong> \u2013 Estrat\u00e9gias avan\u00e7adas para criar um fluxo confi\u00e1vel de novos clientes, com alto \u00edndice de convers\u00e3o.<\/li>\n\n\n\n<li><strong>Gest\u00e3o e Escala<\/strong> \u2013 Estrutura\u00e7\u00e3o de processos internos para permitir crescimento sustent\u00e1vel sem depender exclusivamente do fundador.<\/li>\n<\/ul>\n\n\n\n<p>Al\u00e9m das trilhas tem\u00e1ticas, participantes ter\u00e3o acesso a materiais exclusivos e a um ambiente rico de networking, onde \u00e9 poss\u00edvel trocar experi\u00eancias com empreendedores de diversas \u00e1reas.<\/p>\n\n\n\n<h4 class=\"wp-block-heading\">Por que a Imers\u00e3o funciona<\/h4>\n\n\n\n<p>A proposta da Imers\u00e3o vai al\u00e9m de palestras te\u00f3ricas. Felipe baseia seu trabalho na aplica\u00e7\u00e3o pr\u00e1tica imediata, focada em resultados reais no curto prazo. A frase \u201co Neg\u00f3cios Exponenciais \u00e9 real e vai acontecer\u201d ganhou for\u00e7a nas redes sociais \u2014 confirmando que o evento est\u00e1, de fato, com vagas dispon\u00edveis e gerando interesse.<\/p>\n\n\n\n<p>Quem acompanha Felipe nas redes \u2014 especialmente no Instagram da imers\u00e3o, onde o fundador aparece em destaque \u2014 testemunha lideran\u00e7as eficazes e uma energia voltada para a execu\u00e7\u00e3o. Um exemplo disso: \u201cDurante o Neg\u00f3cios Exponenciais, ouvimos verdades que muitos evitam dizer\u201d, refor\u00e7ando uma postura direta, objetiva e transformadora.<\/p>\n\n\n\n<h4 class=\"wp-block-heading\">Investimento que retorna<\/h4>\n\n\n\n<p>Dados do IBGE mostram que quase metade das empresas brasileiras fecha as portas nos primeiros tr\u00eas anos por falta de planejamento estrat\u00e9gico. Eventos como este atacam diretamente esse problema, oferecendo ferramentas para reverter esse cen\u00e1rio. A imers\u00e3o capacita os participantes a sa\u00edrem da zona de improviso e entrarem na zona de controle com planejamento, rotina e metas claras.<\/p>\n\n\n\n<p>Al\u00e9m disso, a Marcha dos \u201cmestres formados\u201d demonstra que a metodologia j\u00e1 impactou milhares de neg\u00f3cios \u2014 um baita argumento para quem busca seguran\u00e7a no investimento.<\/p>\n\n\n\n<h4 class=\"wp-block-heading\">P\u00fablico-alvo ideal<\/h4>\n\n\n\n<p>Este evento \u00e9 voltado para:<\/p>\n\n\n\n<ul class=\"wp-block-list\">\n<li>Empreendedores consolidados que querem escalar opera\u00e7\u00f5es<\/li>\n\n\n\n<li>Empres\u00e1rios que desejam melhorar <a href=\"https:\/\/cidadenoar.com\/2025\/06\/23\/felipe-airan-machado-desembarca-em-balneario-camboriu-com-o-workshop-alavancando-resultados\/\" data-type=\"post\" data-id=\"3192\">resultados<\/a> com processos definidos<\/li>\n\n\n\n<li>Gestores que querem dominar n\u00fameros e finan\u00e7as<\/li>\n\n\n\n<li>Profissionais de marketing e vendas que buscam integrar estrat\u00e9gias com gest\u00e3o<\/li>\n<\/ul>\n\n\n\n<h4 class=\"wp-block-heading\">Inscri\u00e7\u00f5es e fechamento<\/h4>\n\n\n\n<p>A Imers\u00e3o Neg\u00f3cios Exponenciais tem vagas limitadas para manter alta qualidade nos atendimentos individuais e intera\u00e7\u00e3o entre participantes. As inscri\u00e7\u00f5es est\u00e3o abertas e podem ser realizadas pela p\u00e1gina oficial. <a href=\"https:\/\/www.negociosexponenciais.com.br\" target=\"_blank\" rel=\"noreferrer noopener\">https:\/\/www.negociosexponenciais.com.br<\/a><\/p>\n\n\n\n<p><\/p>\n","protected":false},"excerpt":{"rendered":"<p>A Imers\u00e3o \u201cNeg\u00f3cios Exponenciais\u201d, com Felipe\u202fAiran\u202fMachado, oferece um mergulho pr\u00e1tico em posicionamento, vendas e gest\u00e3o para quem quer sair da estagna\u00e7\u00e3o e ingressar em um ciclo de crescimento real. O evento \u00e9 presencial, estruturado para gerar troca efetiva e passos concretos \u2014 ideal para quem busca multiplicar resultados de forma sustent\u00e1vel.<\/p>\n","protected":false},"author":1,"featured_media":3189,"comment_status":"open","ping_status":"open","sticky":false,"template":"","format":"standard","meta":{"footnotes":""},"categories":[21,289],"tags":[31,52],"class_list":["post-3188","post","type-post","status-publish","format-standard","has-post-thumbnail","hentry","category-tecnologia-educacao","category-economia-negocios","tag-educacao","tag-empreendedorismo"],"_links":{"self":[{"href":"https:\/\/cidadenoar.com\/global\/wp-json\/wp\/v2\/posts\/3188","targetHints":{"allow":["GET"]}}],"collection":[{"href":"https:\/\/cidadenoar.com\/global\/wp-json\/wp\/v2\/posts"}],"about":[{"href":"https:\/\/cidadenoar.com\/global\/wp-json\/wp\/v2\/types\/post"}],"author":[{"embeddable":true,"href":"https:\/\/cidadenoar.com\/global\/wp-json\/wp\/v2\/users\/1"}],"replies":[{"embeddable":true,"href":"https:\/\/cidadenoar.com\/global\/wp-json\/wp\/v2\/comments?post=3188"}],"version-history":[{"count":1,"href":"https:\/\/cidadenoar.com\/global\/wp-json\/wp\/v2\/posts\/3188\/revisions"}],"predecessor-version":[{"id":4962,"href":"https:\/\/cidadenoar.com\/global\/wp-json\/wp\/v2\/posts\/3188\/revisions\/4962"}],"wp:featuredmedia":[{"embeddable":true,"href":"https:\/\/cidadenoar.com\/global\/wp-json\/wp\/v2\/media\/3189"}],"wp:attachment":[{"href":"https:\/\/cidadenoar.com\/global\/wp-json\/wp\/v2\/media?parent=3188"}],"wp:term":[{"taxonomy":"category","embeddable":true,"href":"https:\/\/cidadenoar.com\/global\/wp-json\/wp\/v2\/categories?post=3188"},{"taxonomy":"post_tag","embeddable":true,"href":"https:\/\/cidadenoar.com\/global\/wp-json\/wp\/v2\/tags?post=3188"}],"curies":[{"name":"wp","href":"https:\/\/api.w.org\/{rel}","templated":true}]}}