{"id":3192,"date":"2025-06-23T11:02:31","date_gmt":"2025-06-23T14:02:31","guid":{"rendered":"https:\/\/cidadenoar.com\/?p=3192"},"modified":"2025-07-05T10:21:55","modified_gmt":"2025-07-05T13:21:55","slug":"felipe-airan-machado-desembarca-em-balneario-camboriu-com-o-workshop-alavancando-resultados","status":"publish","type":"post","link":"https:\/\/cidadenoar.com\/global\/tecnologia-educacao\/felipe-airan-machado-desembarca-em-balneario-camboriu-com-o-workshop-alavancando-resultados\/","title":{"rendered":"Felipe\u202fAiran Machado desembarca em Balne\u00e1rio Cambori\u00fa com o workshop \u201cAlavancando Resultados\u201d"},"content":{"rendered":"\n<p>No dia <strong>12 de julho<\/strong>, o empreendedor e CEO do Grupo\u202fAR\u202fEduca\u00e7\u00e3o, <strong>Felipe\u202fAiran\u202fMachado<\/strong>, estar\u00e1 em <a href=\"https:\/\/bc.cidadenoar.com.br\" target=\"_blank\" rel=\"noreferrer noopener\">Balne\u00e1rio\u202fCambori\u00fa<\/a> para apresentar o workshop <strong>\u201cAlavancando Resultados\u201d<\/strong> \u2014 um encontro intensivo de um dia, com formato 100% presencial, voltado para empres\u00e1rios que desejam transformar seu neg\u00f3cio em uma verdadeira m\u00e1quina de lucro.<\/p>\n\n\n\n<h4 class=\"wp-block-heading\">Quem \u00e9 Felipe\u202fAiran Machado?<\/h4>\n\n\n\n<p>Com mais de <strong>dez anos de experi\u00eancia<\/strong> no universo do empreendedorismo, <a href=\"https:\/\/cidadenoar.com\/2025\/07\/04\/felipe-airan-machado-a-trajetoria-de-quem-escolheu-servir-empresarios-que-querem-crescer-com-liberdade\/\" data-type=\"post\" data-id=\"3391\">Felipe <\/a>lidera equipes de alta performance e j\u00e1 conduziu milhares de empresas da zona do caos para estruturas autogerenci\u00e1veis e lucrativas. \u00c9 o idealizador da consagrada imers\u00e3o &#8220;<a href=\"https:\/\/cidadenoar.com\/2025\/06\/23\/felipe-airan-machado-traz-a-imersao-negocios-exponenciais-para-florianopolis-com-promessa-de-crescimento-real\/\" data-type=\"post\" data-id=\"3188\">Neg\u00f3cios Exponenciais<\/a>&#8221; e agora traz para SC uma vers\u00e3o mais direta e pr\u00e1tica, com foco em gerar resultados em apenas algumas horas.<\/p>\n\n\n\n<p>O seu diferencial est\u00e1 na combina\u00e7\u00e3o de planejamento estrat\u00e9gico, marketing e gest\u00e3o financeira, com linguagem acess\u00edvel e orientada \u00e0 execu\u00e7\u00e3o \u2014 nada de conceitos vazios ou excesso de teoria.<\/p>\n\n\n\n<h4 class=\"wp-block-heading\">O que esperar do workshop de um dia<\/h4>\n\n\n\n<p>O \u201cAlavancando Resultados\u201d foi pensado para empres\u00e1rios, gestores e empreendedores que se reconhecem em algum destes desafios:<\/p>\n\n\n\n<ul class=\"wp-block-list\">\n<li>Trabalham demais, mas n\u00e3o veem o faturamento acompanhando o esfor\u00e7o;<\/li>\n\n\n\n<li>Vivem no caos operacional, com os processos dependentes de pessoas espec\u00edficas;<\/li>\n\n\n\n<li>Sabem que poderiam ganhar mais, mas n\u00e3o t\u00eam plano claro de scale;<\/li>\n\n\n\n<li>Precisam se posicionar no mercado e liderar com mais clareza e autoridade.<\/li>\n<\/ul>\n\n\n\n<p>Durante o workshop, os participantes ter\u00e3o acesso a:<\/p>\n\n\n\n<ul class=\"wp-block-list\">\n<li><strong>Diagn\u00f3stico personalizado<\/strong> dos pontos que bloqueiam o crescimento;<\/li>\n\n\n\n<li>Estrat\u00e9gias pr\u00e1ticas de <strong>posicionamento, vendas e fideliza\u00e7\u00e3o<\/strong>;<\/li>\n\n\n\n<li>Modelo para construir um <strong>neg\u00f3cio autogerenci\u00e1vel<\/strong>, que funciona sem depender s\u00f3 do propriet\u00e1rio.<\/li>\n<\/ul>\n\n\n\n<p>O conte\u00fado \u00e9 organizado em tr\u00eas frentes claras: posicionamento estrat\u00e9gico, estrat\u00e9gias comerciais eficazes e gest\u00e3o para escalabilidade \u2014 tudo pensado para gerar um plano de a\u00e7\u00e3o real e aplic\u00e1vel no dia seguinte.<\/p>\n\n\n\n<h4 class=\"wp-block-heading\">Vantagens e condi\u00e7\u00f5es especiais<\/h4>\n\n\n\n<p>O investimento \u00e9 acess\u00edvel, a partir de <strong>R$47,00 \u00e0 vista<\/strong>, com op\u00e7\u00f5es individuais, duplas e valores promocionais dispon\u00edveis at\u00e9 o final do lote atual .<\/p>\n\n\n\n<p>Al\u00e9m disso, o evento oferece uma <strong>garantia incondicional:<\/strong> se o participante n\u00e3o ficar satisfeito ao final do dia, recebe <strong>100% do valor de volta<\/strong>, sem burocracia.<\/p>\n\n\n\n<p>Outro ponto relevante: o ambiente presencial fortalece a troca de experi\u00eancias e o networking, permitindo conex\u00f5es valiosas com outras pessoas que tamb\u00e9m buscam escalar seus neg\u00f3cios.<\/p>\n\n\n\n<h4 class=\"wp-block-heading\">Para quem \u00e9 este workshop?<\/h4>\n\n\n\n<ul class=\"wp-block-list\">\n<li>Empres\u00e1rios que querem <strong>mudar o patamar do seu faturamento<\/strong>;<\/li>\n\n\n\n<li>Gestores que desejam mais clareza e fluidez nos processos;<\/li>\n\n\n\n<li>Profissionais de marketing e vendas que buscam <strong>integra\u00e7\u00e3o pr\u00e1tica com gest\u00e3o<\/strong>;<\/li>\n\n\n\n<li>Empreendedores dispostos a investir em crescimento real, sustent\u00e1vel e sem improviso.<\/li>\n<\/ul>\n\n\n\n<h4 class=\"wp-block-heading\">Como garantir sua vaga<\/h4>\n\n\n\n<p>As inscri\u00e7\u00f5es j\u00e1 est\u00e3o abertas no site do Grupo\u202fAR\u202fEduca\u00e7\u00e3o e as vagas s\u00e3o limitadas para garantir a qualidade do atendimento individual e das intera\u00e7\u00f5es em grupo. Interessados podem escolher ingresso individual, duo ou garantir o pr\u00f3ximo lote promocional. <a href=\"https:\/\/www.grupoareducacao.com.br\/alavancando-resultados-bc\" target=\"_blank\" rel=\"noreferrer noopener\">https:\/\/www.grupoareducacao.com.br\/alavancando-resultados-bc<\/a> <\/p>\n\n\n\n<p><\/p>\n","protected":false},"excerpt":{"rendered":"<p>O workshop \u201cAlavancando Resultados\u201d, com Felipe\u202fAiran Machado no comando, \u00e9 uma oportunidade de elevar sua empresa com clareza e estrat\u00e9gia \u2014 com diagn\u00f3stico, plano de a\u00e7\u00e3o e ambiente favor\u00e1vel \u00e0 troca. Um convite para quem busca crescimento consistente, lucro e liberdade para escalar com organiza\u00e7\u00e3o e seguran\u00e7a<\/p>\n","protected":false},"author":1,"featured_media":3216,"comment_status":"open","ping_status":"open","sticky":false,"template":"","format":"standard","meta":{"footnotes":""},"categories":[21,289],"tags":[31,52],"class_list":["post-3192","post","type-post","status-publish","format-standard","has-post-thumbnail","hentry","category-tecnologia-educacao","category-economia-negocios","tag-educacao","tag-empreendedorismo"],"_links":{"self":[{"href":"https:\/\/cidadenoar.com\/global\/wp-json\/wp\/v2\/posts\/3192","targetHints":{"allow":["GET"]}}],"collection":[{"href":"https:\/\/cidadenoar.com\/global\/wp-json\/wp\/v2\/posts"}],"about":[{"href":"https:\/\/cidadenoar.com\/global\/wp-json\/wp\/v2\/types\/post"}],"author":[{"embeddable":true,"href":"https:\/\/cidadenoar.com\/global\/wp-json\/wp\/v2\/users\/1"}],"replies":[{"embeddable":true,"href":"https:\/\/cidadenoar.com\/global\/wp-json\/wp\/v2\/comments?post=3192"}],"version-history":[{"count":0,"href":"https:\/\/cidadenoar.com\/global\/wp-json\/wp\/v2\/posts\/3192\/revisions"}],"wp:featuredmedia":[{"embeddable":true,"href":"https:\/\/cidadenoar.com\/global\/wp-json\/wp\/v2\/media\/3216"}],"wp:attachment":[{"href":"https:\/\/cidadenoar.com\/global\/wp-json\/wp\/v2\/media?parent=3192"}],"wp:term":[{"taxonomy":"category","embeddable":true,"href":"https:\/\/cidadenoar.com\/global\/wp-json\/wp\/v2\/categories?post=3192"},{"taxonomy":"post_tag","embeddable":true,"href":"https:\/\/cidadenoar.com\/global\/wp-json\/wp\/v2\/tags?post=3192"}],"curies":[{"name":"wp","href":"https:\/\/api.w.org\/{rel}","templated":true}]}}