{"id":3205,"date":"2025-06-23T17:14:56","date_gmt":"2025-06-23T20:14:56","guid":{"rendered":"https:\/\/cidadenoar.com\/?p=3205"},"modified":"2025-07-26T18:12:50","modified_gmt":"2025-07-26T21:12:50","slug":"3205","status":"publish","type":"post","link":"https:\/\/cidadenoar.com\/global\/geral\/3205\/","title":{"rendered":"Artigo: Santa Catarina conquista nota m\u00e1xima em gest\u00e3o fiscal e se consolida como refer\u00eancia no pa\u00eds"},"content":{"rendered":"\n<blockquote class=\"wp-block-quote is-layout-flow wp-block-quote-is-layout-flow\">\n<p><strong><em>Por Rafael Almeida Pinheiro da Costa \u2013 Diretor de rela\u00e7\u00f5es institucionais do SINDAF\/SC e Auditor Estadual de Finan\u00e7as P\u00fablicas<\/em><\/strong><\/p>\n\n\n\n<p>Pela primeira vez na hist\u00f3ria, Santa Catarina conquistou a nota m\u00e1xima na avalia\u00e7\u00e3o da ag\u00eancia internacional de risco Standard &amp; Poor\u2019s (S&amp;P), alcan\u00e7ando o grau de investimento nacional \u2018brAAA\u2019, o mais alto da escala brasileira. Isso significa que o Estado tem capacidade excepcional de honrar seus compromissos financeiros, sendo considerado um dos entes p\u00fablicos de menor risco de cr\u00e9dito do pa\u00eds.<\/p>\n\n\n\n<p>Esse reconhecimento n\u00e3o acontece por acaso. \u00c9 resultado de um trabalho t\u00e9cnico rigoroso, sustentado por uma estrutura s\u00f3lida de gest\u00e3o fiscal e financeira conduzida pelos Auditores Estaduais de Finan\u00e7as P\u00fablicas, profissionais que det\u00eam o know-how t\u00e9cnico em finan\u00e7as p\u00fablicas e gest\u00e3o fiscal, respons\u00e1veis pela elabora\u00e7\u00e3o do or\u00e7amento, gest\u00e3o do caixa, contabilidade, consolida\u00e7\u00e3o das informa\u00e7\u00f5es fiscais, presta\u00e7\u00e3o de contas e acompanhamento dos indicadores fiscais.<\/p>\n\n\n\n<p>A pr\u00f3pria an\u00e1lise da Standard &amp; Poor\u2019s se apoia nos dados oficiais extra\u00eddos dos demonstrativos cont\u00e1beis e fiscais do Estado, elaborados pelos Auditores de Finan\u00e7as. Foi esse trabalho que permitiu ao Tribunal de Contas emitir o parecer pr\u00e9vio sobre as contas do Governo do Estado, que agora ser\u00e3o julgadas pela Assembleia Legislativa. Esse mesmo conjunto de informa\u00e7\u00f5es garantiu n\u00e3o s\u00f3 o reconhecimento interno como tamb\u00e9m embasou a avalia\u00e7\u00e3o da ag\u00eancia de risco.<\/p>\n\n\n\n<p>Os n\u00fameros comprovam a robustez fiscal: Santa Catarina encerrou 2024 com um \u00edndice de endividamento de 28,36% da Receita Corrente L\u00edquida, frente ao limite legal de 200%. Al\u00e9m disso, mant\u00e9m super\u00e1vits prim\u00e1rios recorrentes, arrecadando mais do que gasta com suas despesas correntes, sem depender de novos endividamentos para honrar compromissos e manter n\u00edveis de investimentos extremamente relevantes.<\/p>\n\n\n\n<p>Enquanto muitos estados enfrentam d\u00e9ficits e restri\u00e7\u00f5es, Santa Catarina se consolida como refer\u00eancia em gest\u00e3o fiscal eficiente e respons\u00e1vel. A nota m\u00e1xima da S&amp;P n\u00e3o \u00e9 apenas um selo t\u00e9cnico: \u00e9 um reconhecimento que fortalece a credibilidade do Estado, melhora o ambiente de neg\u00f3cios, atrai investimentos, gera empregos e assegura a continuidade de servi\u00e7os p\u00fablicos de qualidade.<\/p>\n\n\n\n<p>Por tr\u00e1s desses resultados, est\u00e1 o trabalho t\u00e9cnico e estrat\u00e9gico dos Auditores Estaduais de Finan\u00e7as P\u00fablicas, que operam na retaguarda da gest\u00e3o p\u00fablica, garantindo decis\u00f5es amparadas em dados s\u00f3lidos, an\u00e1lises criteriosas e absoluto alinhamento aos princ\u00edpios da responsabilidade fiscal.<\/p>\n\n\n\n<p>Essa conquista confirma que finan\u00e7as p\u00fablicas bem cuidadas fazem a diferen\u00e7a na vida de cada catarinense. E quando o assunto \u00e9 gest\u00e3o fiscal e finan\u00e7as p\u00fablicas, Santa Catarina tem uma carreira que entrega resultados com conhecimento, t\u00e9cnica e credibilidade.<\/p>\n<\/blockquote>\n","protected":false},"excerpt":{"rendered":"<p>Por Rafael Almeida Pinheiro da Costa \u2013 Diretor de rela\u00e7\u00f5es institucionais do SINDAF\/SC e Auditor Estadual de Finan\u00e7as P\u00fablicas<\/p>\n","protected":false},"author":23,"featured_media":3206,"comment_status":"open","ping_status":"open","sticky":false,"template":"","format":"standard","meta":{"footnotes":""},"categories":[1],"tags":[296,342],"class_list":["post-3205","post","type-post","status-publish","format-standard","has-post-thumbnail","hentry","category-geral","tag-artigo","tag-sindaf"],"_links":{"self":[{"href":"https:\/\/cidadenoar.com\/global\/wp-json\/wp\/v2\/posts\/3205","targetHints":{"allow":["GET"]}}],"collection":[{"href":"https:\/\/cidadenoar.com\/global\/wp-json\/wp\/v2\/posts"}],"about":[{"href":"https:\/\/cidadenoar.com\/global\/wp-json\/wp\/v2\/types\/post"}],"author":[{"embeddable":true,"href":"https:\/\/cidadenoar.com\/global\/wp-json\/wp\/v2\/users\/23"}],"replies":[{"embeddable":true,"href":"https:\/\/cidadenoar.com\/global\/wp-json\/wp\/v2\/comments?post=3205"}],"version-history":[{"count":0,"href":"https:\/\/cidadenoar.com\/global\/wp-json\/wp\/v2\/posts\/3205\/revisions"}],"wp:featuredmedia":[{"embeddable":true,"href":"https:\/\/cidadenoar.com\/global\/wp-json\/wp\/v2\/media\/3206"}],"wp:attachment":[{"href":"https:\/\/cidadenoar.com\/global\/wp-json\/wp\/v2\/media?parent=3205"}],"wp:term":[{"taxonomy":"category","embeddable":true,"href":"https:\/\/cidadenoar.com\/global\/wp-json\/wp\/v2\/categories?post=3205"},{"taxonomy":"post_tag","embeddable":true,"href":"https:\/\/cidadenoar.com\/global\/wp-json\/wp\/v2\/tags?post=3205"}],"curies":[{"name":"wp","href":"https:\/\/api.w.org\/{rel}","templated":true}]}}