{"id":3217,"date":"2025-06-24T00:55:05","date_gmt":"2025-06-24T03:55:05","guid":{"rendered":"https:\/\/cidadenoar.com\/?p=3217"},"modified":"2025-07-26T18:12:49","modified_gmt":"2025-07-26T21:12:49","slug":"fischer-antecipa-novidades-estrategicas-para-o-varejo-na-eletrolar-show-2025","status":"publish","type":"post","link":"https:\/\/cidadenoar.com\/global\/geral\/fischer-antecipa-novidades-estrategicas-para-o-varejo-na-eletrolar-show-2025\/","title":{"rendered":"Fischer antecipa novidades estrat\u00e9gicas para o varejo na Eletrolar Show 2025"},"content":{"rendered":"\n<p>A Fischer, uma das mais tradicionais fabricantes brasileiras de eletrodom\u00e9sticos, j\u00e1 se prepara para sua participa\u00e7\u00e3o na Eletrolar Show 2025, que acontece entre os dias 23 a 26 de junho, no Distrito Anhembi, em S\u00e3o Paulo. Com quase seis d\u00e9cadas de hist\u00f3ria e produ\u00e7\u00e3o nacional sediada em Brusque (SC), a empresa levar\u00e1 ao maior evento B2B de eletroeletr\u00f4nicos da Am\u00e9rica Latina uma s\u00e9rie de lan\u00e7amentos estrat\u00e9gicos, com foco em inova\u00e7\u00e3o, efici\u00eancia energ\u00e9tica e conex\u00e3o com o novo perfil do consumidor brasileiro.<\/p>\n\n\n\n<p>Entre as novidades que ser\u00e3o apresentadas no evento, destacam-se os novos modelos de fornos el\u00e9tricos, coifas com tecnologia inteligente, cooktops de indu\u00e7\u00e3o e os mais recentes lan\u00e7amentos da linha de airfryers. Desenvolvidos com foco em alta performance, design moderno e usabilidade, os produtos refor\u00e7am o compromisso da marca em entregar solu\u00e7\u00f5es que agreguem valor ao ponto de venda e atendam \u00e0s demandas de um mercado cada vez mais competitivo e din\u00e2mico.<\/p>\n\n\n\n<p>Com um estande de 264 m\u00b2, a Fischer prepara uma experi\u00eancia imersiva para os visitantes, com aulas-show ao vivo, presen\u00e7a de influenciadores digitais e de nomes importantes da empresa, fortalecendo a conex\u00e3o da marca com o p\u00fablico e parceiros de neg\u00f3cios. O espa\u00e7o ser\u00e1 um ponto de encontro entre inova\u00e7\u00e3o, relacionamento e conte\u00fado de valor para o varejo.<\/p>\n\n\n\n<p>A participa\u00e7\u00e3o na Eletrolar Show tamb\u00e9m \u00e9 estrat\u00e9gica para o fortalecimento das rela\u00e7\u00f5es comerciais com redes varejistas, distribuidores e representantes de todo o pa\u00eds. A Fischer enxerga o evento como uma vitrine importante para gerar novas conex\u00f5es, estreitar parcerias e expandir sua presen\u00e7a nos mais diversos canais de distribui\u00e7\u00e3o, incluindo marketplaces, atacado e redes regionais.<\/p>\n\n\n\n<p>Outro destaque ser\u00e1 a divulga\u00e7\u00e3o das parcerias estrat\u00e9gicas da empresa com marcas como Petybon, Mix, Selecta, Dona Benta, Sakura, Vapza, Germer, Nadir, Plas\u00fatil, Brinox e Companhia das Ervas. Essas colabora\u00e7\u00f5es refor\u00e7am o posicionamento da Fischer como uma marca presente no cotidiano das fam\u00edlias brasileiras, profundamente conectada \u00e0 gastronomia e \u00e0 cultura dom\u00e9stica do pa\u00eds.<\/p>\n\n\n\n<p>Com mais de 1.200 pontos autorizados de assist\u00eancia t\u00e9cnica em todo o Brasil, a Fischer tamb\u00e9m aproveita o evento para refor\u00e7ar seu compromisso com a excel\u00eancia no atendimento p\u00f3s-venda e com a valoriza\u00e7\u00e3o da ind\u00fastria nacional, apoiando-se em pr\u00e1ticas sustent\u00e1veis e solu\u00e7\u00f5es eficientes.<\/p>\n\n\n\n<p>A expectativa da marca \u00e9 que a Eletrolar Show 2025 marque um novo momento de expans\u00e3o e consolida\u00e7\u00e3o no mercado, refor\u00e7ando seu posicionamento como uma empresa que alia tradi\u00e7\u00e3o, qualidade e inova\u00e7\u00e3o. A Fischer promete surpreender os visitantes com lan\u00e7amentos que traduzem seu DNA industrial, enquanto dialogam com as tend\u00eancias e necessidades do varejo contempor\u00e2neo.<\/p>\n\n\n\n<p><strong>Servi\u00e7o<\/strong><\/p>\n\n\n\n<p><strong>Eletrolar Show 2025<\/strong><\/p>\n\n\n\n<p>Data: 23 a 26 de junho de 2025<br>Local: Distrito Anhembi \u2013 S\u00e3o Paulo\/SP<br>Estande Fischer: C22<\/p>\n","protected":false},"excerpt":{"rendered":"<p>Empresa catarinense destaca inova\u00e7\u00e3o, expans\u00e3o de portf\u00f3lio e aproxima\u00e7\u00e3o com o mercado nacional na maior feira de eletroeletr\u00f4nicos da Am\u00e9rica Latina<\/p>\n","protected":false},"author":23,"featured_media":3218,"comment_status":"open","ping_status":"open","sticky":false,"template":"","format":"standard","meta":{"footnotes":""},"categories":[1],"tags":[156,383,384],"class_list":["post-3217","post","type-post","status-publish","format-standard","has-post-thumbnail","hentry","category-geral","tag-evento","tag-fischer","tag-sp"],"_links":{"self":[{"href":"https:\/\/cidadenoar.com\/global\/wp-json\/wp\/v2\/posts\/3217","targetHints":{"allow":["GET"]}}],"collection":[{"href":"https:\/\/cidadenoar.com\/global\/wp-json\/wp\/v2\/posts"}],"about":[{"href":"https:\/\/cidadenoar.com\/global\/wp-json\/wp\/v2\/types\/post"}],"author":[{"embeddable":true,"href":"https:\/\/cidadenoar.com\/global\/wp-json\/wp\/v2\/users\/23"}],"replies":[{"embeddable":true,"href":"https:\/\/cidadenoar.com\/global\/wp-json\/wp\/v2\/comments?post=3217"}],"version-history":[{"count":0,"href":"https:\/\/cidadenoar.com\/global\/wp-json\/wp\/v2\/posts\/3217\/revisions"}],"wp:featuredmedia":[{"embeddable":true,"href":"https:\/\/cidadenoar.com\/global\/wp-json\/wp\/v2\/media\/3218"}],"wp:attachment":[{"href":"https:\/\/cidadenoar.com\/global\/wp-json\/wp\/v2\/media?parent=3217"}],"wp:term":[{"taxonomy":"category","embeddable":true,"href":"https:\/\/cidadenoar.com\/global\/wp-json\/wp\/v2\/categories?post=3217"},{"taxonomy":"post_tag","embeddable":true,"href":"https:\/\/cidadenoar.com\/global\/wp-json\/wp\/v2\/tags?post=3217"}],"curies":[{"name":"wp","href":"https:\/\/api.w.org\/{rel}","templated":true}]}}