{"id":3222,"date":"2025-06-24T01:13:00","date_gmt":"2025-06-24T04:13:00","guid":{"rendered":"https:\/\/cidadenoar.com\/?p=3222"},"modified":"2025-07-26T17:56:48","modified_gmt":"2025-07-26T20:56:48","slug":"caruaru-recebe-em-julho-o-ondm-um-dos-principais-eventos-do-setor-da-moda-e-confeccao-no-brasil","status":"publish","type":"post","link":"https:\/\/cidadenoar.com\/global\/cultura-lazer\/caruaru-recebe-em-julho-o-ondm-um-dos-principais-eventos-do-setor-da-moda-e-confeccao-no-brasil\/","title":{"rendered":"Caruaru recebe em julho o ONDM, um dos principais eventos do setor da moda e confec\u00e7\u00e3o no Brasil"},"content":{"rendered":"\n<p>Caruaru receber\u00e1 nos dias 7 e 8 de julho uma das maiores feiras itinerantes do setor da moda e confec\u00e7\u00e3o do pa\u00eds: o ONDM \u2013 O Neg\u00f3cio da Moda. O evento chega ao Agreste com uma programa\u00e7\u00e3o que re\u00fane feira de insumos, produtos e servi\u00e7os para confeccionistas, al\u00e9m de talks e palestras com especialistas e influenciadores de peso no setor.<\/p>\n\n\n\n<p>Com passagem anterior por Santa Cruz do Capibaribe em 2023, o&nbsp;<a href=\"https:\/\/ondm.com.br\/\" target=\"_blank\" rel=\"noreferrer noopener\">ONDM<\/a>&nbsp;retorna a Pernambuco em 2025 ainda maior, agora em Caruaru, com o patroc\u00ednio oficial da Creora, marca da sul-coreana Hyosung T&amp;C, maior produtora de elastano do mundo.<\/p>\n\n\n\n<p>Al\u00e9m de palestras, pain\u00e9is e encontros com especialistas, o ONDM Caruaru contar\u00e1 com uma feira de neg\u00f3cios, reunindo algumas das principais empresas fornecedoras de produtos, insumos e solu\u00e7\u00f5es para confeccionistas.<\/p>\n\n\n\n<p>Entre os expositores j\u00e1 confirmados est\u00e3o nomes consolidados do setor como: Andrade M\u00e1quinas Ltda, Cataguases Tecidos, Costa Rica Malhas, Dalila At\u00ealie T\u00eaxtil, Malhas Menegotti, Lunelli, Nacional T\u00eaxtil, Epson, Grupo Sallo, NCA Malhas, entre muitos outros.&nbsp;<\/p>\n\n\n\n<p>Essas marcas trar\u00e3o ao p\u00fablico tecnologias, tend\u00eancias em tecidos, solu\u00e7\u00f5es para automatiza\u00e7\u00e3o da produ\u00e7\u00e3o e inova\u00e7\u00f5es para os diferentes perfis de compradores, do pequeno empreendedor \u00e0 grande confec\u00e7\u00e3o.<\/p>\n\n\n\n<p>Entre os convidados que ir\u00e3o compor a rica programa\u00e7\u00e3o de conte\u00fado, j\u00e1 est\u00e3o confirmados nomes de destaque no cen\u00e1rio regional e nacional:<\/p>\n\n\n\n<ul class=\"wp-block-list\">\n<li><strong>M\u00f4nica Salgado<\/strong> &#8211; jornalista com mais de 25 anos de carreira, ex-redatora chefe da Vogue e diretora da Glamour Brasil, atualmente influenciadora, escritora e palestrante;<\/li>\n\n\n\n<li><strong>Joy Alano<\/strong> &#8211; estilista, criadora dos projetos Provador Fashion e Universo dos Tecidos, refer\u00eancias entre os profissionais da \u00e1rea;<\/li>\n\n\n\n<li><strong>Rubens In\u00e1cio <\/strong>&#8211; Diretor Executivo da TXC Brand e do Texas Center;<\/li>\n\n\n\n<li><strong>Jos\u00e9 Carlos Filho (Menininho)<\/strong> &#8211; CEO da Ecof\u00e1brica Joggofi Confec\u00e7\u00f5es, refer\u00eancia em sustentabilidade no setor;<\/li>\n<\/ul>\n\n\n\n<ul class=\"wp-block-list\">\n<li><strong>Arnaldo Xavier <\/strong>&#8211; CEO do Grupo Rota do Mar, com forte atua\u00e7\u00e3o na moda do Nordeste;<\/li>\n\n\n\n<li><strong>\u00c9rico Freire<\/strong> &#8211; gestor comercial da ARA T\u00eaxtil e apresentador do podcast Confec\u00e7\u00e3o que D\u00e1 Certo, voltado \u00e0 profissionaliza\u00e7\u00e3o do setor; entre muitos outros.<\/li>\n<\/ul>\n\n\n\n<p>Acompanhe outros nomes que est\u00e3o sendo anunciados na programa\u00e7\u00e3o pelo&nbsp;<a href=\"https:\/\/www.instagram.com\/onegociodamoda\/\" target=\"_blank\" rel=\"noreferrer noopener\">Instagram do ONDM<\/a>.<\/p>\n\n\n\n<p>Com esse formato itinerante e uma curadoria de conte\u00fado conectada aos desafios reais do mercado, o ONDM se consolida como um importante ponto de encontro para troca de experi\u00eancias e gera\u00e7\u00e3o de neg\u00f3cios entre os profissionais da ind\u00fastria da confec\u00e7\u00e3o em todo o Brasil.<\/p>\n\n\n\n<p>Profissionais do setor interessados em participar do ONDM Agreste 2025 j\u00e1 podem garantir o seu ingresso atrav\u00e9s da plataforma oficial do ONDM, a&nbsp;&nbsp;<a href=\"https:\/\/www.sympla.com.br\/evento\/ondm-o-negocio-da-moda-agreste-2025\/2702879\" target=\"_blank\" rel=\"noreferrer noopener\"><strong>Sympla<\/strong><\/a>. A organiza\u00e7\u00e3o do evento disp\u00f4s uma cota limitada de ingressos com desconto para cada lote atrav\u00e9s de um dos n\u00fameros do canal de Atendimento ao Cliente: (47) 99957-1420 \/\/&nbsp; (47) 99992-5955 \/\/ (47) 99749-3001. Para que o confeccionista possa usufruir desse benef\u00edcio, basta fazer contato e solicitar um cupom de desconto.&nbsp;<\/p>\n\n\n\n<p>Ap\u00f3s passar por Goi\u00e2nia (GO) no \u00faltimo m\u00eas de maio e por Caruaru (PE) no pr\u00f3ximo m\u00eas de julho, o evento encerrar\u00e1 seu circuito anual com a edi\u00e7\u00e3o ONDM Brasil nos dias 7, 8 e 9 de outubro, em sua cidade de origem: Balne\u00e1rio Cambori\u00fa (SC).<\/p>\n\n\n\n<figure class=\"wp-block-gallery has-nested-images columns-default is-cropped wp-block-gallery-1 is-layout-flex wp-block-gallery-is-layout-flex\">\n<figure class=\"wp-block-image size-large\"><img fetchpriority=\"high\" decoding=\"async\" width=\"682\" height=\"1024\" data-id=\"3248\" src=\"https:\/\/cidadenoar.com\/wp-content\/uploads\/sites\/22\/2025\/06\/Monica-Salgado-682x1024.jpeg\" alt=\"\" class=\"wp-image-3248\" title=\"\" srcset=\"https:\/\/cidadenoar.com\/global\/wp-content\/uploads\/sites\/22\/2025\/06\/Monica-Salgado-682x1024.jpeg 682w, https:\/\/cidadenoar.com\/global\/wp-content\/uploads\/sites\/22\/2025\/06\/Monica-Salgado-200x300.jpeg 200w, https:\/\/cidadenoar.com\/global\/wp-content\/uploads\/sites\/22\/2025\/06\/Monica-Salgado-768x1153.jpeg 768w, https:\/\/cidadenoar.com\/global\/wp-content\/uploads\/sites\/22\/2025\/06\/Monica-Salgado-1023x1536.jpeg 1023w, https:\/\/cidadenoar.com\/global\/wp-content\/uploads\/sites\/22\/2025\/06\/Monica-Salgado.jpeg 1066w\" sizes=\"(max-width: 682px) 100vw, 682px\" \/><figcaption class=\"wp-element-caption\">M\u00f4nica Salgado \u00e9 uma das palestrantes confirmadas<\/figcaption><\/figure>\n\n\n\n<figure class=\"wp-block-image size-large\"><img decoding=\"async\" width=\"1024\" height=\"683\" data-id=\"3247\" src=\"https:\/\/cidadenoar.com\/wp-content\/uploads\/sites\/22\/2025\/06\/Ivan-Jasper-gestor-do-ONDM-_-foto-DKZ-Fotografia-1024x683.jpg\" alt=\"\" class=\"wp-image-3247\" title=\"\" srcset=\"https:\/\/cidadenoar.com\/global\/wp-content\/uploads\/sites\/22\/2025\/06\/Ivan-Jasper-gestor-do-ONDM-_-foto-DKZ-Fotografia-1024x683.jpg 1024w, https:\/\/cidadenoar.com\/global\/wp-content\/uploads\/sites\/22\/2025\/06\/Ivan-Jasper-gestor-do-ONDM-_-foto-DKZ-Fotografia-300x200.jpg 300w, https:\/\/cidadenoar.com\/global\/wp-content\/uploads\/sites\/22\/2025\/06\/Ivan-Jasper-gestor-do-ONDM-_-foto-DKZ-Fotografia-768x512.jpg 768w, https:\/\/cidadenoar.com\/global\/wp-content\/uploads\/sites\/22\/2025\/06\/Ivan-Jasper-gestor-do-ONDM-_-foto-DKZ-Fotografia-600x400.jpg 600w, https:\/\/cidadenoar.com\/global\/wp-content\/uploads\/sites\/22\/2025\/06\/Ivan-Jasper-gestor-do-ONDM-_-foto-DKZ-Fotografia.jpg 1344w\" sizes=\"(max-width: 1024px) 100vw, 1024px\" \/><figcaption class=\"wp-element-caption\">Ivan Jasper, gestor do ONDM<\/figcaption><\/figure>\n\n\n\n<figure class=\"wp-block-image size-large\"><img decoding=\"async\" width=\"1024\" height=\"682\" data-id=\"3246\" src=\"https:\/\/cidadenoar.com\/wp-content\/uploads\/sites\/22\/2025\/06\/Carlos-Ferreirinha-e-Ivan-Jasper-_-DKZ-Fotografia-1-1024x682.jpeg\" alt=\"\" class=\"wp-image-3246\" title=\"\" srcset=\"https:\/\/cidadenoar.com\/global\/wp-content\/uploads\/sites\/22\/2025\/06\/Carlos-Ferreirinha-e-Ivan-Jasper-_-DKZ-Fotografia-1-1024x682.jpeg 1024w, https:\/\/cidadenoar.com\/global\/wp-content\/uploads\/sites\/22\/2025\/06\/Carlos-Ferreirinha-e-Ivan-Jasper-_-DKZ-Fotografia-1-300x200.jpeg 300w, https:\/\/cidadenoar.com\/global\/wp-content\/uploads\/sites\/22\/2025\/06\/Carlos-Ferreirinha-e-Ivan-Jasper-_-DKZ-Fotografia-1-768x512.jpeg 768w, https:\/\/cidadenoar.com\/global\/wp-content\/uploads\/sites\/22\/2025\/06\/Carlos-Ferreirinha-e-Ivan-Jasper-_-DKZ-Fotografia-1-820x545.jpeg 820w, https:\/\/cidadenoar.com\/global\/wp-content\/uploads\/sites\/22\/2025\/06\/Carlos-Ferreirinha-e-Ivan-Jasper-_-DKZ-Fotografia-1-600x400.jpeg 600w, https:\/\/cidadenoar.com\/global\/wp-content\/uploads\/sites\/22\/2025\/06\/Carlos-Ferreirinha-e-Ivan-Jasper-_-DKZ-Fotografia-1.jpeg 1280w\" sizes=\"(max-width: 1024px) 100vw, 1024px\" \/><figcaption class=\"wp-element-caption\">Carlos Ferreirinha e Ivan Jasper<\/figcaption><\/figure>\n\n\n\n<figure class=\"wp-block-image size-large\"><img loading=\"lazy\" decoding=\"async\" width=\"1024\" height=\"683\" data-id=\"3245\" src=\"https:\/\/cidadenoar.com\/wp-content\/uploads\/sites\/22\/2025\/06\/Feira-de-Negocios-no-ONDM-_-foto-DKZ-Fotografia-1024x683.jpeg\" alt=\"\" class=\"wp-image-3245\" title=\"\" srcset=\"https:\/\/cidadenoar.com\/global\/wp-content\/uploads\/sites\/22\/2025\/06\/Feira-de-Negocios-no-ONDM-_-foto-DKZ-Fotografia-1024x683.jpeg 1024w, https:\/\/cidadenoar.com\/global\/wp-content\/uploads\/sites\/22\/2025\/06\/Feira-de-Negocios-no-ONDM-_-foto-DKZ-Fotografia-300x200.jpeg 300w, https:\/\/cidadenoar.com\/global\/wp-content\/uploads\/sites\/22\/2025\/06\/Feira-de-Negocios-no-ONDM-_-foto-DKZ-Fotografia-768x512.jpeg 768w, https:\/\/cidadenoar.com\/global\/wp-content\/uploads\/sites\/22\/2025\/06\/Feira-de-Negocios-no-ONDM-_-foto-DKZ-Fotografia-1536x1024.jpeg 1536w, https:\/\/cidadenoar.com\/global\/wp-content\/uploads\/sites\/22\/2025\/06\/Feira-de-Negocios-no-ONDM-_-foto-DKZ-Fotografia-600x400.jpeg 600w, https:\/\/cidadenoar.com\/global\/wp-content\/uploads\/sites\/22\/2025\/06\/Feira-de-Negocios-no-ONDM-_-foto-DKZ-Fotografia.jpeg 1600w\" sizes=\"(max-width: 1024px) 100vw, 1024px\" \/><figcaption class=\"wp-element-caption\">Feira de Neg\u00f3cios no ONDM<\/figcaption><\/figure>\n<\/figure>\n","protected":false},"excerpt":{"rendered":"<p>Feira itinerante desembarca em Pernambuco com grandes nomes do mercado e programa\u00e7\u00e3o focada em inova\u00e7\u00e3o, networking e tend\u00eancias<\/p>\n","protected":false},"author":23,"featured_media":3223,"comment_status":"open","ping_status":"open","sticky":false,"template":"","format":"standard","meta":{"footnotes":""},"categories":[360],"tags":[385,156,388,389,387,292],"class_list":["post-3222","post","type-post","status-publish","format-standard","has-post-thumbnail","hentry","category-cultura-lazer","tag-caruaru","tag-evento","tag-feira-de-confeccao","tag-feira-textil","tag-o-negocio-da-moda-2","tag-ondm"],"_links":{"self":[{"href":"https:\/\/cidadenoar.com\/global\/wp-json\/wp\/v2\/posts\/3222","targetHints":{"allow":["GET"]}}],"collection":[{"href":"https:\/\/cidadenoar.com\/global\/wp-json\/wp\/v2\/posts"}],"about":[{"href":"https:\/\/cidadenoar.com\/global\/wp-json\/wp\/v2\/types\/post"}],"author":[{"embeddable":true,"href":"https:\/\/cidadenoar.com\/global\/wp-json\/wp\/v2\/users\/23"}],"replies":[{"embeddable":true,"href":"https:\/\/cidadenoar.com\/global\/wp-json\/wp\/v2\/comments?post=3222"}],"version-history":[{"count":0,"href":"https:\/\/cidadenoar.com\/global\/wp-json\/wp\/v2\/posts\/3222\/revisions"}],"wp:featuredmedia":[{"embeddable":true,"href":"https:\/\/cidadenoar.com\/global\/wp-json\/wp\/v2\/media\/3223"}],"wp:attachment":[{"href":"https:\/\/cidadenoar.com\/global\/wp-json\/wp\/v2\/media?parent=3222"}],"wp:term":[{"taxonomy":"category","embeddable":true,"href":"https:\/\/cidadenoar.com\/global\/wp-json\/wp\/v2\/categories?post=3222"},{"taxonomy":"post_tag","embeddable":true,"href":"https:\/\/cidadenoar.com\/global\/wp-json\/wp\/v2\/tags?post=3222"}],"curies":[{"name":"wp","href":"https:\/\/api.w.org\/{rel}","templated":true}]}}