{"id":3299,"date":"2025-06-26T11:22:32","date_gmt":"2025-06-26T14:22:32","guid":{"rendered":"https:\/\/cidadenoar.com\/?p=3299"},"modified":"2025-07-26T17:49:12","modified_gmt":"2025-07-26T20:49:12","slug":"como-manter-o-conforto-termico-em-ambientes-abertos-durante-o-frio-intenso","status":"publish","type":"post","link":"https:\/\/cidadenoar.com\/global\/brasil\/como-manter-o-conforto-termico-em-ambientes-abertos-durante-o-frio-intenso\/","title":{"rendered":"Como manter o conforto t\u00e9rmico em ambientes abertos durante o frio intenso"},"content":{"rendered":"\n<p>O avan\u00e7o das frentes frias nas principais capitais brasileiras tem mudado a paisagem urbana,&nbsp; e tamb\u00e9m o cen\u00e1rio do com\u00e9rcio. Longe de ser um obst\u00e1culo, as temperaturas mais baixas se mostram um atrativo extra para o setor de servi\u00e7os, especialmente bares, restaurantes e espa\u00e7os com atendimento ao ar livre. Dados divulgados pelo FGV IBRE apontam uma revers\u00e3o positiva no \u00cdndice de Confian\u00e7a Empresarial (ICE), que subiu 0,4 ponto em maio, atingindo 94,8 pontos e interrompendo uma sequ\u00eancia de retra\u00e7\u00f5es.<\/p>\n\n\n\n<p>A recupera\u00e7\u00e3o mais significativa foi justamente no setor de servi\u00e7os, com alta de 1,5 ponto, alcan\u00e7ando 91,9. Esse movimento \u00e9 refor\u00e7ado pela pesquisa de maio da Abrasel, que revelou que 40% dos empreendedores do ramo registraram lucro, um crescimento de dois pontos percentuais em rela\u00e7\u00e3o ao m\u00eas anterior.&nbsp;<\/p>\n\n\n\n<p>Para al\u00e9m dos n\u00fameros, o comportamento do consumidor revela uma tend\u00eancia: as baixas temperaturas n\u00e3o desestimulam o lazer, pelo contr\u00e1rio. Ambientes bem preparados para receber o p\u00fablico no frio acabam se tornando um convite para aproveitar bons momentos fora de casa. \u201cO clima mais ameno traz uma atmosfera prop\u00edcia para encontros, gastronomia e experi\u00eancias ao ar livre. Mas \u00e9 preciso que os estabelecimentos estejam prontos para garantir o conforto do cliente\u201d, afirma Rafael Barbosa, CEO da Smart Air Climatizadores.<\/p>\n\n\n\n<p>Em um pa\u00eds tropical como o Brasil, a infraestrutura urbana raramente est\u00e1 preparada para enfrentar o frio intenso. Ambientes abertos, pouca insola\u00e7\u00e3o e aus\u00eancia de isolamento t\u00e9rmico tornam essencial o investimento em solu\u00e7\u00f5es apropriadas para garantir conforto.<\/p>\n\n\n\n<p>Os aquecedores a g\u00e1s da Smart Air foram desenvolvidos para atender tanto resid\u00eancias com \u00e1reas externas quanto estabelecimentos comerciais, oferecendo uma solu\u00e7\u00e3o elegante e eficiente para os dias mais frios. &#8220;S\u00e3o equipamentos vers\u00e1teis, que fazem a diferen\u00e7a ao aliar design moderno e funcionalidade&#8221;, comenta Rafael. Ele destaca os dois modelos dispon\u00edveis: o modelo pir\u00e2mide, que se distingue pela sua impon\u00eancia e \u00e9 ideal para quem busca um toque de modernidade, e o modelo chap\u00e9u, mais compacto e discreto, pensado para ambientes que exigem praticidade sem abrir m\u00e3o de design.<\/p>\n\n\n\n<p>Empreendedores atentos t\u00eam transformado a esta\u00e7\u00e3o em uma oportunidade de refor\u00e7ar o posicionamento da marca, atrair novos p\u00fablicos e manter a opera\u00e7\u00e3o aquecida mesmo nos dias mais gelados. Equipamentos modernos, silenciosos e com design integrado ao ambiente n\u00e3o apenas atendem \u00e0 necessidade funcional, como agregam valor \u00e0 experi\u00eancia do cliente.<\/p>\n\n\n\n<p><strong>Sobre a Smart Air<\/strong><\/p>\n\n\n\n<p>Localizada em Barra Velha &#8211; SC, a Smart Air Climatizadores foi fundada em 2013 e desenvolveu uma ampla linha de climatizadores evaporativos que renovam o ar e promovem conforto t\u00e9rmico sem agredir o meio ambiente. Com aparelhos que atendem desde climatiza\u00e7\u00e3o residencial at\u00e9 ind\u00fastrias, a Smart Air se destaca por sua capacidade de oferecer solu\u00e7\u00f5es eficientes e sustent\u00e1veis que abrange todas as necessidades do mercado.<\/p>\n","protected":false},"excerpt":{"rendered":"<p>Cen\u00e1rio positivo do com\u00e9rcio tende a aumentar no frio: estabelecimentos preparados para a esta\u00e7\u00e3o saem na frente<\/p>\n","protected":false},"author":23,"featured_media":3300,"comment_status":"open","ping_status":"open","sticky":false,"template":"","format":"standard","meta":{"footnotes":""},"categories":[11],"tags":[400,345,401],"class_list":["post-3299","post","type-post","status-publish","format-standard","has-post-thumbnail","hentry","category-brasil","tag-conforto-termico","tag-inverno","tag-temperatura"],"_links":{"self":[{"href":"https:\/\/cidadenoar.com\/global\/wp-json\/wp\/v2\/posts\/3299","targetHints":{"allow":["GET"]}}],"collection":[{"href":"https:\/\/cidadenoar.com\/global\/wp-json\/wp\/v2\/posts"}],"about":[{"href":"https:\/\/cidadenoar.com\/global\/wp-json\/wp\/v2\/types\/post"}],"author":[{"embeddable":true,"href":"https:\/\/cidadenoar.com\/global\/wp-json\/wp\/v2\/users\/23"}],"replies":[{"embeddable":true,"href":"https:\/\/cidadenoar.com\/global\/wp-json\/wp\/v2\/comments?post=3299"}],"version-history":[{"count":0,"href":"https:\/\/cidadenoar.com\/global\/wp-json\/wp\/v2\/posts\/3299\/revisions"}],"wp:featuredmedia":[{"embeddable":true,"href":"https:\/\/cidadenoar.com\/global\/wp-json\/wp\/v2\/media\/3300"}],"wp:attachment":[{"href":"https:\/\/cidadenoar.com\/global\/wp-json\/wp\/v2\/media?parent=3299"}],"wp:term":[{"taxonomy":"category","embeddable":true,"href":"https:\/\/cidadenoar.com\/global\/wp-json\/wp\/v2\/categories?post=3299"},{"taxonomy":"post_tag","embeddable":true,"href":"https:\/\/cidadenoar.com\/global\/wp-json\/wp\/v2\/tags?post=3299"}],"curies":[{"name":"wp","href":"https:\/\/api.w.org\/{rel}","templated":true}]}}