{"id":3303,"date":"2025-06-26T12:59:29","date_gmt":"2025-06-26T15:59:29","guid":{"rendered":"https:\/\/cidadenoar.com\/?p=3303"},"modified":"2025-07-26T18:11:24","modified_gmt":"2025-07-26T21:11:24","slug":"empresario-de-santa-catarina-se-sensibiliza-com-o-rei-do-cafe-e-faz-doacao-no-domingo-legal","status":"publish","type":"post","link":"https:\/\/cidadenoar.com\/global\/economia-negocios\/empresario-de-santa-catarina-se-sensibiliza-com-o-rei-do-cafe-e-faz-doacao-no-domingo-legal\/","title":{"rendered":"Empres\u00e1rio de Santa Catarina se sensibiliza com o \u201cRei do Caf\u00e9\u201d e faz doa\u00e7\u00e3o no Domingo Legal\u00a0"},"content":{"rendered":"\n<p>Neste domingo, 22, o palco do programa Domingo Legal, no SBT, foi cen\u00e1rio de uma conex\u00e3o poderosa entre duas hist\u00f3rias de supera\u00e7\u00e3o e empreendedorismo que emocionaram o Brasil. Reginaldo Boeira, fundador da rede KNN Idiomas &#8211; que tem sede em Balne\u00e1rio Cambori\u00fa, participou do quadro \u201cDia de Sorte\u201d e fez uma doa\u00e7\u00e3o especial ao jovem Christian Quirgo Marinho, de 25 anos, conhecido nas redes sociais como o \u201cRei do Caf\u00e9\u201d.&nbsp;<\/p>\n\n\n\n<p>Christian viralizou ao mostrar sua rotina vendendo caf\u00e9 no farol, na movimentada rodovia Washington Lu\u00eds, em Duque de Caxias, no Rio de Janeiro. Com carisma, humildade e determina\u00e7\u00e3o, ele n\u00e3o apenas sustentou a fam\u00edlia, como deu um passo al\u00e9m: hoje \u00e9 dono de uma pequena sorveteria e planeja expandir seu neg\u00f3cio de caf\u00e9s para outros pontos do estado. Sua hist\u00f3ria de luta chamou aten\u00e7\u00e3o nas redes e foi parar nas m\u00e3os da produ\u00e7\u00e3o do Domingo Legal e, mais do que isso, atraiu a aten\u00e7\u00e3o do empres\u00e1rio Reginaldo Boeira.&nbsp;<\/p>\n\n\n\n<p>Ao conhecer a trajet\u00f3ria do jovem empreendedor, Reginaldo viu sua hist\u00f3ria refletida. Natural do interior de Minas Gerais, o empres\u00e1rio tamb\u00e9m come\u00e7ou cedo: trabalhou em planta\u00e7\u00f5es de caf\u00e9 entre os 7 e 11 anos de idade. Antes de fundar uma das maiores redes de ensino de idiomas do pa\u00eds, que hoje fatura mais de R$ 1 bilh\u00e3o, Reginaldo Boeira formou-se em engenharia agron\u00f4mica e enfrentou muitos obst\u00e1culos para transformar sua realidade.&nbsp;<\/p>\n\n\n\n<p>\u201cMe emocionei profundamente com a hist\u00f3ria do Christian. De certa forma acabo me enxergando nele. Tamb\u00e9m tive muito contato com o caf\u00e9, desde o plantio at\u00e9 a colheita, e busquei minhas vit\u00f3rias desde crian\u00e7a. Hoje tenho a chance de abrir portas para quem tamb\u00e9m sonha grande. E \u00e9 isso que vim fazer aqui\u201d, declarou Reginaldo.&nbsp;<\/p>\n\n\n\n<p>Ao relembrar o in\u00edcio da pr\u00f3pria trajet\u00f3ria e ver em Christian a mesma chama empreendedora, Reginaldo destacou o quanto se sentiu tocado pelo prop\u00f3sito de Christian. \u201cN\u00e3o \u00e9 s\u00f3 a coragem de vender caf\u00e9 no farol. \u00c9 a vis\u00e3o de neg\u00f3cio, o brilho no olho de quem n\u00e3o espera, e faz acontecer. Isso me lembra muito o que vivi. O caf\u00e9, para mim, representa o come\u00e7o de tudo. E ver esse mesmo caf\u00e9 sendo o ponto de partida do Christian me motivou a estimular sua jornada\u201d, completou o empres\u00e1rio.&nbsp;<\/p>\n\n\n\n<p>O encontro dos dois empreendedores mostra como trajet\u00f3rias distintas podem se cruzar por um elo comum: a for\u00e7a do trabalho e o desejo de transformar vidas, a pr\u00f3pria e a dos que est\u00e3o \u00e0 sua volta. E, no palco do Domingo Legal, o Brasil p\u00f4de assistir ao que acontece quando empatia, generosidade e esperan\u00e7a se encontram no programa apresentado por Celso Portiolli.&nbsp;<\/p>\n","protected":false},"excerpt":{"rendered":"<p>CEO da KNN Idiomas e Christian Quirgo criam conex\u00e3o inspiradora atrav\u00e9s do caf\u00e9 e da supera\u00e7\u00e3o <\/p>\n","protected":false},"author":23,"featured_media":3304,"comment_status":"open","ping_status":"open","sticky":false,"template":"","format":"standard","meta":{"footnotes":""},"categories":[289],"tags":[403,31,286],"class_list":["post-3303","post","type-post","status-publish","format-standard","has-post-thumbnail","hentry","category-economia-negocios","tag-celso-portiolli","tag-educacao","tag-knn"],"_links":{"self":[{"href":"https:\/\/cidadenoar.com\/global\/wp-json\/wp\/v2\/posts\/3303","targetHints":{"allow":["GET"]}}],"collection":[{"href":"https:\/\/cidadenoar.com\/global\/wp-json\/wp\/v2\/posts"}],"about":[{"href":"https:\/\/cidadenoar.com\/global\/wp-json\/wp\/v2\/types\/post"}],"author":[{"embeddable":true,"href":"https:\/\/cidadenoar.com\/global\/wp-json\/wp\/v2\/users\/23"}],"replies":[{"embeddable":true,"href":"https:\/\/cidadenoar.com\/global\/wp-json\/wp\/v2\/comments?post=3303"}],"version-history":[{"count":0,"href":"https:\/\/cidadenoar.com\/global\/wp-json\/wp\/v2\/posts\/3303\/revisions"}],"wp:featuredmedia":[{"embeddable":true,"href":"https:\/\/cidadenoar.com\/global\/wp-json\/wp\/v2\/media\/3304"}],"wp:attachment":[{"href":"https:\/\/cidadenoar.com\/global\/wp-json\/wp\/v2\/media?parent=3303"}],"wp:term":[{"taxonomy":"category","embeddable":true,"href":"https:\/\/cidadenoar.com\/global\/wp-json\/wp\/v2\/categories?post=3303"},{"taxonomy":"post_tag","embeddable":true,"href":"https:\/\/cidadenoar.com\/global\/wp-json\/wp\/v2\/tags?post=3303"}],"curies":[{"name":"wp","href":"https:\/\/api.w.org\/{rel}","templated":true}]}}