{"id":3325,"date":"2025-06-27T21:25:25","date_gmt":"2025-06-28T00:25:25","guid":{"rendered":"https:\/\/cidadenoar.com\/?p=3325"},"modified":"2025-07-26T17:57:12","modified_gmt":"2025-07-26T20:57:12","slug":"balneario-camboriu-e-regiao-costa-verde-mar-serao-divulgadas-na-argentina-e-chile","status":"publish","type":"post","link":"https:\/\/cidadenoar.com\/global\/brasil\/balneario-camboriu-e-regiao-costa-verde-mar-serao-divulgadas-na-argentina-e-chile\/","title":{"rendered":"Balne\u00e1rio Cambori\u00fa e Regi\u00e3o Costa Verde &amp; Mar ser\u00e3o divulgadas na Argentina e Chile"},"content":{"rendered":"\n<p>A pr\u00f3xima etapa do projeto Visite Balne\u00e1rio Cambori\u00fa e Regi\u00e3o Costa Verde &amp; Mar est\u00e1 sendo realizada a partir desta segunda-feira (23) no Chile e Argentina, com a\u00e7\u00f5es estrat\u00e9gicas em quatro cidades: Santiago (23\/06), Mendoza (26\/06), C\u00f3rdoba (01\/07) e Buenos Aires (03\/07). Em cada local, agentes e operadores de viagens chilenos e argentinos participar\u00e3o de rodadas de neg\u00f3cios e capacita\u00e7\u00f5es sobre os destinos do Litoral Norte de Santa Catarina.<\/p>\n\n\n\n<p>Durante os encontros, ser\u00e1 apresentado o filme \u201cF\u00e9rias Sem Fim\u201d, uma produ\u00e7\u00e3o especial desenvolvida para transportar os profissionais do turismo \u00e0 atmosfera vibrante de Balne\u00e1rio Cambori\u00fa e da Regi\u00e3o Costa Verde &amp; Mar. A proposta \u00e9 promover uma verdadeira imers\u00e3o nas experi\u00eancias, atrativos e diferenciais que encantam turistas e que fazem da regi\u00e3o um dos principais destinos brasileiros entre os argentinos e chilenos.<\/p>\n\n\n\n<p>Andrezza Negrini, presidente do Balne\u00e1rio Cambori\u00fa Convention &amp; Visitors Bureau, entidade respons\u00e1vel pelo projeto, pontua que o mercado argentino \u00e9 hist\u00f3rico e fundamental para o turismo regional. \u201cOs argentinos e chilenos fazem parte da nossa hist\u00f3ria. Eles v\u00eam para Balne\u00e1rio Cambori\u00fa desde os anos 80 e 90, e continuamos sendo um dos destinos preferidos deles no Brasil. A retomada desse p\u00fablico na \u00faltima temporada de ver\u00e3o foi essencial para o sucesso do per\u00edodo, e refor\u00e7ar essa conex\u00e3o, com a\u00e7\u00f5es diretas junto aos agentes de viagens, \u00e9 o caminho para mantermos o litoral catarinense como refer\u00eancia no turismo internacional\u201d, diz.<\/p>\n\n\n\n<p><strong>Saiba mais sobre o projeto Visite Balne\u00e1rio Cambori\u00fa e Regi\u00e3o Costa Verde &amp; Mar<\/strong><\/p>\n\n\n\n<p>Neste ano o projeto Visite Balne\u00e1rio Cambori\u00fa e Regi\u00e3o passar\u00e1 por 22 cidades, tanto no Brasil quanto no exterior, onde ser\u00e3o realizados eventos de capacita\u00e7\u00e3o junto das principais operadoras e agentes de viagem, al\u00e9m de divulga\u00e7\u00e3o diretamente com influencers e imprensa especializada.<\/p>\n\n\n\n<p>A edi\u00e7\u00e3o de 2025 do projeto Visite BC e Regi\u00e3o Costa Verde &amp; Mar \u00e9 uma realiza\u00e7\u00e3o do Balne\u00e1rio Cambori\u00fa Convention &amp; Visitors Bureau com destaque para os parceiros Secretaria de Turismo e Desenvolvimento Econ\u00f4mico de Balne\u00e1rio Cambori\u00fa, Cons\u00f3rcio Costa Verde &amp; Mar, Complexo Ambiental Cyro Gevaerd, Parque Unipraias, Oceanic Aquarium, Classic Car Show, Aventura Pirata, Aventura Jur\u00e1ssica, Space Adventure, FG Big Wheel, Alles Park Pomerode, Cristo Luz, Barco Pirata BC e Multiparque.<\/p>\n\n\n\n<p><strong>Para mais informa\u00e7\u00f5es sobre o projeto, visite&nbsp;<a href=\"http:\/\/www.visitebceregiao.com.br\/\" target=\"_blank\" rel=\"noreferrer noopener\">www.visitebceregiao.com.br<\/a>.<\/strong><\/p>\n","protected":false},"excerpt":{"rendered":"<p>A\u00e7\u00e3o internacional promove cidade e regi\u00e3o para agentes de turismo fora do Brasil<\/p>\n","protected":false},"author":23,"featured_media":3326,"comment_status":"open","ping_status":"open","sticky":false,"template":"","format":"standard","meta":{"footnotes":""},"categories":[11],"tags":[407,36,408],"class_list":["post-3325","post","type-post","status-publish","format-standard","has-post-thumbnail","hentry","category-brasil","tag-balneario","tag-economia","tag-turismo"],"_links":{"self":[{"href":"https:\/\/cidadenoar.com\/global\/wp-json\/wp\/v2\/posts\/3325","targetHints":{"allow":["GET"]}}],"collection":[{"href":"https:\/\/cidadenoar.com\/global\/wp-json\/wp\/v2\/posts"}],"about":[{"href":"https:\/\/cidadenoar.com\/global\/wp-json\/wp\/v2\/types\/post"}],"author":[{"embeddable":true,"href":"https:\/\/cidadenoar.com\/global\/wp-json\/wp\/v2\/users\/23"}],"replies":[{"embeddable":true,"href":"https:\/\/cidadenoar.com\/global\/wp-json\/wp\/v2\/comments?post=3325"}],"version-history":[{"count":0,"href":"https:\/\/cidadenoar.com\/global\/wp-json\/wp\/v2\/posts\/3325\/revisions"}],"wp:featuredmedia":[{"embeddable":true,"href":"https:\/\/cidadenoar.com\/global\/wp-json\/wp\/v2\/media\/3326"}],"wp:attachment":[{"href":"https:\/\/cidadenoar.com\/global\/wp-json\/wp\/v2\/media?parent=3325"}],"wp:term":[{"taxonomy":"category","embeddable":true,"href":"https:\/\/cidadenoar.com\/global\/wp-json\/wp\/v2\/categories?post=3325"},{"taxonomy":"post_tag","embeddable":true,"href":"https:\/\/cidadenoar.com\/global\/wp-json\/wp\/v2\/tags?post=3325"}],"curies":[{"name":"wp","href":"https:\/\/api.w.org\/{rel}","templated":true}]}}