{"id":3383,"date":"2025-07-04T17:41:12","date_gmt":"2025-07-04T20:41:12","guid":{"rendered":"https:\/\/cidadenoar.com\/?p=3383"},"modified":"2025-07-26T17:41:20","modified_gmt":"2025-07-26T20:41:20","slug":"transformacoes-na-comunicacao-aci-promove-debates-em-chapeco-e-florianopolis","status":"publish","type":"post","link":"https:\/\/cidadenoar.com\/global\/tecnologia-educacao\/transformacoes-na-comunicacao-aci-promove-debates-em-chapeco-e-florianopolis\/","title":{"rendered":"Transforma\u00e7\u00f5es na comunica\u00e7\u00e3o: ACI promove debates em Chapec\u00f3 e Florian\u00f3polis"},"content":{"rendered":"\n<p>A Associa\u00e7\u00e3o Catarinense de Imprensa (ACI) promove nos dias 7 e 8 de julho, em Chapec\u00f3 e em Florian\u00f3polis, debates para avaliar os desafios atuais da comunica\u00e7\u00e3o. Os encontros v\u00e3o reunir empres\u00e1rios, &nbsp;jornalistas, profissionais de marketing e interessados em temas como &nbsp;constru\u00e7\u00e3o de reputa\u00e7\u00e3o, crises de imagem, relacionamento, avan\u00e7os da intelig\u00eancia artificial, entre outros. O jornalista Patrick Cruz vai falar de suas experi\u00eancias em reda\u00e7\u00f5es de alguns dos principais ve\u00edculos de comunica\u00e7\u00e3o do Pa\u00eds.<\/p>\n\n\n\n<p>Nascido em Lages e formado na Universidade Federal de Santa Catarina (Ufsc) em 1999, Patrick Cruz atua em S\u00e3o Paulo como editor de Agroneg\u00f3cios do Valor Econ\u00f4mico e editor-chefe da revista Globo Rural. Em duas d\u00e9cadas e meia de carreira, foi chefe da sucursal da revista Exame em Bras\u00edlia, redator-chefe da revista GQ, editor de economia do site da revista Veja, rep\u00f3rter especial e editor de economia do portal iG e rep\u00f3rter dos jornais Gazeta Mercantil e Valor Econ\u00f4mico, do qual foi tamb\u00e9m correspondente em Salvador.<\/p>\n\n\n\n<p>\u201cA comunica\u00e7\u00e3o est\u00e1 em profunda transforma\u00e7\u00e3o e exige que todos estejamos preparados para atuar em um setor marcado pela populariza\u00e7\u00e3o de redes sociais, a mudan\u00e7a nos h\u00e1bitos de consumo de informa\u00e7\u00e3o e os avan\u00e7os da intelig\u00eancia artificial, desafios h\u00e1 poucas d\u00e9cadas inimagin\u00e1veis &#8211; e hoje uma realidade. Trocar experi\u00eancias e conhecimentos \u00e9 essencial\u201d, diz o vice-presidente da ACI, Marcos Bedin.<\/p>\n\n\n\n<p>Os eventos t\u00eam apoio da Federa\u00e7\u00e3o das Ind\u00fastrias do Estado de Santa Catarina (Fiesc), parceira da ACI tamb\u00e9m em debates semelhantes realizados em 2024. \u201cEstivemos em Joinville e Crici\u00fama e os resultados foram muito positivos. Jornalistas e profissionais de marketing falaram de seus desafios e trocaram experi\u00eancias e boas pr\u00e1ticas que ajudam a fortalecer o mercado\u201d, diz a presidente da ACI, D\u00e9borah Almada. &nbsp;<\/p>\n\n\n\n<p>SERVI\u00c7O:<\/p>\n\n\n\n<p><strong>Chapec\u00f3 &#8211; Para onde caminha a comunica\u00e7\u00e3o?<\/strong><br>7 de julho, \u00e0s 9h<br>Senai Chapec\u00f3<br>Inscri\u00e7\u00f5es &#8211;&nbsp;<a href=\"https:\/\/www.sympla.com.br\/evento\/aci-fiesc-para-onde-caminha-a-comunicacao---chapeco\/3000215\" target=\"_blank\" rel=\"noreferrer noopener\">https:\/\/www.sympla.com.br\/evento\/aci-fiesc-para-onde-caminha-a-comunicacao&#8212;chapeco\/3000215<\/a><\/p>\n\n\n\n<figure class=\"wp-block-image size-large\"><img decoding=\"async\" src=\"https:\/\/jornalaw.com.br\/wp-content\/uploads\/2025\/07\/Dia-7-Chapeco-510x680.jpeg\" alt=\"\" class=\"wp-image-45274\" title=\"\"><\/figure>\n\n\n\n<p><strong>Florian\u00f3polis &#8211; Para onde caminha a comunica\u00e7\u00e3o?<\/strong><br>8 de julho, \u00e0s 19h<br>Sede da Associa\u00e7\u00e3o Catarinense de Imprensa<br>Inscri\u00e7\u00f5es &#8211;&nbsp;<a href=\"https:\/\/www.sympla.com.br\/evento\/aci-fiesc-para-onde-caminha-a-comunicacao---floripa\/3000235\" target=\"_blank\" rel=\"noreferrer noopener\">https:\/\/www.sympla.com.br\/evento\/aci-fiesc-para-onde-caminha-a-comunicacao&#8212;floripa\/3000235<\/a><\/p>\n\n\n\n<figure class=\"wp-block-image size-large\"><img decoding=\"async\" src=\"https:\/\/jornalaw.com.br\/wp-content\/uploads\/2025\/07\/Dia-8-Florianopolis-510x680.jpeg\" alt=\"\" class=\"wp-image-45273\" title=\"\"><\/figure>\n","protected":false},"excerpt":{"rendered":"<p>Com a participa\u00e7\u00e3o do jornalista Patrick Cruz, do Valor Econ\u00f4mico e Revista Globo Rural, debates ocorrer\u00e3o nos dias 7 e 8 de julho, com apoio da FIESC<\/p>\n","protected":false},"author":23,"featured_media":3387,"comment_status":"open","ping_status":"open","sticky":false,"template":"","format":"standard","meta":{"footnotes":""},"categories":[21],"tags":[419,246,420],"class_list":["post-3383","post","type-post","status-publish","format-standard","has-post-thumbnail","hentry","category-tecnologia-educacao","tag-chapeco","tag-florianopolis-2","tag-jornalista"],"_links":{"self":[{"href":"https:\/\/cidadenoar.com\/global\/wp-json\/wp\/v2\/posts\/3383","targetHints":{"allow":["GET"]}}],"collection":[{"href":"https:\/\/cidadenoar.com\/global\/wp-json\/wp\/v2\/posts"}],"about":[{"href":"https:\/\/cidadenoar.com\/global\/wp-json\/wp\/v2\/types\/post"}],"author":[{"embeddable":true,"href":"https:\/\/cidadenoar.com\/global\/wp-json\/wp\/v2\/users\/23"}],"replies":[{"embeddable":true,"href":"https:\/\/cidadenoar.com\/global\/wp-json\/wp\/v2\/comments?post=3383"}],"version-history":[{"count":0,"href":"https:\/\/cidadenoar.com\/global\/wp-json\/wp\/v2\/posts\/3383\/revisions"}],"wp:featuredmedia":[{"embeddable":true,"href":"https:\/\/cidadenoar.com\/global\/wp-json\/wp\/v2\/media\/3387"}],"wp:attachment":[{"href":"https:\/\/cidadenoar.com\/global\/wp-json\/wp\/v2\/media?parent=3383"}],"wp:term":[{"taxonomy":"category","embeddable":true,"href":"https:\/\/cidadenoar.com\/global\/wp-json\/wp\/v2\/categories?post=3383"},{"taxonomy":"post_tag","embeddable":true,"href":"https:\/\/cidadenoar.com\/global\/wp-json\/wp\/v2\/tags?post=3383"}],"curies":[{"name":"wp","href":"https:\/\/api.w.org\/{rel}","templated":true}]}}