{"id":3489,"date":"2025-07-07T20:07:25","date_gmt":"2025-07-07T23:07:25","guid":{"rendered":"https:\/\/cidadenoar.com\/?p=3489"},"modified":"2025-07-26T18:12:37","modified_gmt":"2025-07-26T21:12:37","slug":"evento-skincodes-apresenta-inovacao-em-tratamentos-dermatologicos-em-florianopolis","status":"publish","type":"post","link":"https:\/\/cidadenoar.com\/global\/geral\/evento-skincodes-apresenta-inovacao-em-tratamentos-dermatologicos-em-florianopolis\/","title":{"rendered":"Evento \u201cSkincodes\u201d apresenta inova\u00e7\u00e3o em tratamentos dermatol\u00f3gicos em Florian\u00f3polis"},"content":{"rendered":"\n<p>Uma nova tecnologia para o est\u00edmulo de col\u00e1geno foi apresentada, em primeira m\u00e3o, a um seleto grupo de pacientes no evento \u201cSkincodes: os segredos da beleza\u201d, realizado na \u00faltima quinta-feira (03\/07), no hotel Majestic, na capital catarinense. O encontro, promovido pela Cadore Cl\u00ednica Dermatol\u00f3gica em parceria com a marca Min\u00e9raux Beauty, reuniu profissionais da \u00e1rea da dermatologia e convidados para um happy hour exclusivo com foco em inova\u00e7\u00e3o e bem-estar. A m\u00e9dica dermatologista&nbsp;<a href=\"http:\/\/instagram.com\/dra.deboracadore\" target=\"_blank\" rel=\"noreferrer noopener\">D\u00e9bora Cadore<\/a>&nbsp;foi a anfitri\u00e3 do encontro.<\/p>\n\n\n\n<p>O destaque da noite foi o Evolla, uma plataforma de radiofrequ\u00eancia de \u00faltima gera\u00e7\u00e3o rec\u00e9m-lan\u00e7ada no Brasil, que promete revolucionar os tratamentos para flacidez, cicatrizes de acne e rejuvenescimento facial e corporal. A tecnologia, apesar de inspirada em solu\u00e7\u00f5es desenvolvidas na Coreia do Sul, \u00e9 fabricada no Brasil, em Minas Gerais, pela Laser Medical Group (LMG), e chegou ao mercado h\u00e1 apenas dois meses.<\/p>\n\n\n\n<p>A m\u00e9dica dermatologista Dra. B\u00e1rbara Lovato, integrante do corpo cl\u00ednico da Cadore, detalhou as funcionalidades da novidade. \u201cO Evolla permite tratar diferentes graus de flacidez com ou sem uso de microagulhamento, dependendo da necessidade e dos objetivos de cada paciente. \u00c9 uma radiofrequ\u00eancia monopolar que entrega energia \u00e0 pele para estimular o col\u00e1geno de forma segura e eficiente\u201d, explicou.<\/p>\n\n\n\n<p>Segundo a dermatologista, o equipamento conta com ponteiras espec\u00edficas para regi\u00f5es delicadas do rosto, como p\u00e1lpebras e ao redor da boca, e tamb\u00e9m vers\u00f5es para \u00e1reas maiores do corpo, como abd\u00f4men e pesco\u00e7o. &#8220;O procedimento \u00e9 minimamente invasivo, n\u00e3o deixa marcas vis\u00edveis e pode ser realizado inclusive no ver\u00e3o, pois n\u00e3o causa vermelhid\u00e3o nem impede a exposi\u00e7\u00e3o social imediata\u201d, complementou.<\/p>\n\n\n\n<p>Al\u00e9m de B\u00e1rbara e da Dra D\u00e9bora Cadore, fundadora e diretora t\u00e9cnica da cl\u00ednica, participaram do&nbsp;<em>talk<\/em>&nbsp;os dermatologistas Dr. Robinson Kaczmarck e Dra. Ana Luiza Schuldt, tamb\u00e9m da equipe Cadore.&nbsp;<\/p>\n\n\n\n<p>O evento teve ainda a participa\u00e7\u00e3o da&nbsp;<strong>Min\u00e9raux Beauty<\/strong>, marca catarinense que se tornou refer\u00eancia no segmento de dermocosm\u00e9ticos \u00e0 base de \u00e1gua termal 100% brasileira. A CEO da marca, Ana Paula Winckler, contou que a fonte de \u00e1gua termal utilizada nos produtos est\u00e1 localizada em \u00c1guas Mornas, regi\u00e3o da Grande Florian\u00f3polis.<\/p>\n\n\n\n<p>\u201cLan\u00e7amos a marca em 2023, ap\u00f3s tr\u00eas anos de pesquisa e desenvolvimento. Nosso compromisso \u00e9 com uma beleza natural, segura e eficaz, com produtos multibenef\u00edcios que n\u00e3o agridem a pele\u201d, destacou Ana Paula. Entre os destaques do portf\u00f3lio est\u00e3o o Jeju C Radiance S\u00e9rum, enriquecido com ativos asi\u00e1ticos como o Raykami \u2014 planta japonesa que protege contra a luz azul das telas \u2014 e o spray de \u00e1gua termal com a\u00e7\u00e3o calmante. Para os pr\u00f3ximos dias, a marca promete o lan\u00e7amento do Retinol-like Bright S\u00e9rum + Niacinamida, voltado ao controle de manchas e sinais da idade.<\/p>\n\n\n\n<figure class=\"wp-block-gallery has-nested-images columns-default is-cropped wp-block-gallery-1 is-layout-flex wp-block-gallery-is-layout-flex\">\n<figure class=\"wp-block-image size-large\"><img fetchpriority=\"high\" decoding=\"async\" width=\"719\" height=\"873\" data-id=\"3491\" src=\"https:\/\/cidadenoar.com\/wp-content\/uploads\/sites\/22\/2025\/07\/Mary-Cousuelo-Santos-Elizandra-Molin-Debora-Cadore-Maria-Aparecida-Motta-Pires-e-Bruna-Pires.jpeg\" alt=\"\" class=\"wp-image-3491\" title=\"\" srcset=\"https:\/\/cidadenoar.com\/global\/wp-content\/uploads\/sites\/22\/2025\/07\/Mary-Cousuelo-Santos-Elizandra-Molin-Debora-Cadore-Maria-Aparecida-Motta-Pires-e-Bruna-Pires.jpeg 719w, https:\/\/cidadenoar.com\/global\/wp-content\/uploads\/sites\/22\/2025\/07\/Mary-Cousuelo-Santos-Elizandra-Molin-Debora-Cadore-Maria-Aparecida-Motta-Pires-e-Bruna-Pires-247x300.jpeg 247w\" sizes=\"(max-width: 719px) 100vw, 719px\" \/><figcaption class=\"wp-element-caption\"><em>Mary Cousuelo Santos, Elizandra Molin, D\u00e9bora Cadore, Maria Aparecida Motta Pires e Bruna Pires (Foto Ricardo Verka)<\/em><\/figcaption><\/figure>\n\n\n\n<figure class=\"wp-block-image size-large\"><img decoding=\"async\" width=\"768\" height=\"1024\" data-id=\"3492\" src=\"https:\/\/cidadenoar.com\/wp-content\/uploads\/sites\/22\/2025\/07\/Debora-Cadore-e-Gizelle-Becker-Furlan-768x1024.jpeg\" alt=\"\" class=\"wp-image-3492\" title=\"\" srcset=\"https:\/\/cidadenoar.com\/global\/wp-content\/uploads\/sites\/22\/2025\/07\/Debora-Cadore-e-Gizelle-Becker-Furlan-768x1024.jpeg 768w, https:\/\/cidadenoar.com\/global\/wp-content\/uploads\/sites\/22\/2025\/07\/Debora-Cadore-e-Gizelle-Becker-Furlan-225x300.jpeg 225w, https:\/\/cidadenoar.com\/global\/wp-content\/uploads\/sites\/22\/2025\/07\/Debora-Cadore-e-Gizelle-Becker-Furlan.jpeg 960w\" sizes=\"(max-width: 768px) 100vw, 768px\" \/><figcaption class=\"wp-element-caption\"><em>D\u00e9bora Cadore e Gizelle Becker Furlan (Foto Ricardo Verka)<\/em><\/figcaption><\/figure>\n\n\n\n<figure class=\"wp-block-image size-large\"><img decoding=\"async\" width=\"576\" height=\"1024\" data-id=\"3494\" src=\"https:\/\/cidadenoar.com\/wp-content\/uploads\/sites\/22\/2025\/07\/A-empresaria-Ana-Paula-Romano-Calaes-prestigiando-a-medica-dermatologista-Debora-Cadore-no-evento-Skincodes-os-segredos-da-beleza-no-hotel-Majestic-Foto-Divulgacao-576x1024.jpeg\" alt=\"\" class=\"wp-image-3494\" title=\"\" srcset=\"https:\/\/cidadenoar.com\/global\/wp-content\/uploads\/sites\/22\/2025\/07\/A-empresaria-Ana-Paula-Romano-Calaes-prestigiando-a-medica-dermatologista-Debora-Cadore-no-evento-Skincodes-os-segredos-da-beleza-no-hotel-Majestic-Foto-Divulgacao-576x1024.jpeg 576w, https:\/\/cidadenoar.com\/global\/wp-content\/uploads\/sites\/22\/2025\/07\/A-empresaria-Ana-Paula-Romano-Calaes-prestigiando-a-medica-dermatologista-Debora-Cadore-no-evento-Skincodes-os-segredos-da-beleza-no-hotel-Majestic-Foto-Divulgacao-169x300.jpeg 169w, https:\/\/cidadenoar.com\/global\/wp-content\/uploads\/sites\/22\/2025\/07\/A-empresaria-Ana-Paula-Romano-Calaes-prestigiando-a-medica-dermatologista-Debora-Cadore-no-evento-Skincodes-os-segredos-da-beleza-no-hotel-Majestic-Foto-Divulgacao-768x1365.jpeg 768w, https:\/\/cidadenoar.com\/global\/wp-content\/uploads\/sites\/22\/2025\/07\/A-empresaria-Ana-Paula-Romano-Calaes-prestigiando-a-medica-dermatologista-Debora-Cadore-no-evento-Skincodes-os-segredos-da-beleza-no-hotel-Majestic-Foto-Divulgacao-864x1536.jpeg 864w, https:\/\/cidadenoar.com\/global\/wp-content\/uploads\/sites\/22\/2025\/07\/A-empresaria-Ana-Paula-Romano-Calaes-prestigiando-a-medica-dermatologista-Debora-Cadore-no-evento-Skincodes-os-segredos-da-beleza-no-hotel-Majestic-Foto-Divulgacao-1152x2048.jpeg 1152w, https:\/\/cidadenoar.com\/global\/wp-content\/uploads\/sites\/22\/2025\/07\/A-empresaria-Ana-Paula-Romano-Calaes-prestigiando-a-medica-dermatologista-Debora-Cadore-no-evento-Skincodes-os-segredos-da-beleza-no-hotel-Majestic-Foto-Divulgacao.jpeg 1170w\" sizes=\"(max-width: 576px) 100vw, 576px\" \/><figcaption class=\"wp-element-caption\"><em>A empres\u00e1ria Ana Paula Romano Calaes prestigiando a m\u00e9dica dermatologista D\u00e9bora Cadore no evento Skincodes &#8211; os segredos da beleza, no hotel Majestic (Foto Ricardo Verka)<\/em><\/figcaption><\/figure>\n\n\n\n<figure class=\"wp-block-image size-large\"><img loading=\"lazy\" decoding=\"async\" width=\"768\" height=\"1024\" data-id=\"3493\" src=\"https:\/\/cidadenoar.com\/wp-content\/uploads\/sites\/22\/2025\/07\/Poliana-Boniatti-Ghanem-a-direita-prestigiando-a-medica-dermatologista-Debora-Cadore-em-evento-intimista-realizado-no-hotel-Majestic-Foto-Ricardo-Verka-768x1024.jpeg\" alt=\"\" class=\"wp-image-3493\" title=\"\" srcset=\"https:\/\/cidadenoar.com\/global\/wp-content\/uploads\/sites\/22\/2025\/07\/Poliana-Boniatti-Ghanem-a-direita-prestigiando-a-medica-dermatologista-Debora-Cadore-em-evento-intimista-realizado-no-hotel-Majestic-Foto-Ricardo-Verka-768x1024.jpeg 768w, https:\/\/cidadenoar.com\/global\/wp-content\/uploads\/sites\/22\/2025\/07\/Poliana-Boniatti-Ghanem-a-direita-prestigiando-a-medica-dermatologista-Debora-Cadore-em-evento-intimista-realizado-no-hotel-Majestic-Foto-Ricardo-Verka-225x300.jpeg 225w, https:\/\/cidadenoar.com\/global\/wp-content\/uploads\/sites\/22\/2025\/07\/Poliana-Boniatti-Ghanem-a-direita-prestigiando-a-medica-dermatologista-Debora-Cadore-em-evento-intimista-realizado-no-hotel-Majestic-Foto-Ricardo-Verka.jpeg 968w\" sizes=\"(max-width: 768px) 100vw, 768px\" \/><figcaption class=\"wp-element-caption\"><em>Poliana Boniatti Ghanem (\u00e0 direita) prestigiando a m\u00e9dica dermatologista D\u00e9bora Cadore em evento intimista realizado no hotel Majestic (Foto Ricardo Verka)<\/em><\/figcaption><\/figure>\n<\/figure>\n","protected":false},"excerpt":{"rendered":"<p>Evento exclusivo no hotel Majestic apresentou o Evolla, nova tecnologia de radiofrequ\u00eancia para rejuvenescimento, promovido pela Cadore Cl\u00ednica Dermatol\u00f3gica e a marca catarinense Min\u00e9raux Beauty<\/p>\n","protected":false},"author":23,"featured_media":3490,"comment_status":"open","ping_status":"open","sticky":false,"template":"","format":"standard","meta":{"footnotes":""},"categories":[1],"tags":[430,431,429],"class_list":["post-3489","post","type-post","status-publish","format-standard","has-post-thumbnail","hentry","category-geral","tag-colageno","tag-dermatologia","tag-evolla"],"_links":{"self":[{"href":"https:\/\/cidadenoar.com\/global\/wp-json\/wp\/v2\/posts\/3489","targetHints":{"allow":["GET"]}}],"collection":[{"href":"https:\/\/cidadenoar.com\/global\/wp-json\/wp\/v2\/posts"}],"about":[{"href":"https:\/\/cidadenoar.com\/global\/wp-json\/wp\/v2\/types\/post"}],"author":[{"embeddable":true,"href":"https:\/\/cidadenoar.com\/global\/wp-json\/wp\/v2\/users\/23"}],"replies":[{"embeddable":true,"href":"https:\/\/cidadenoar.com\/global\/wp-json\/wp\/v2\/comments?post=3489"}],"version-history":[{"count":0,"href":"https:\/\/cidadenoar.com\/global\/wp-json\/wp\/v2\/posts\/3489\/revisions"}],"wp:featuredmedia":[{"embeddable":true,"href":"https:\/\/cidadenoar.com\/global\/wp-json\/wp\/v2\/media\/3490"}],"wp:attachment":[{"href":"https:\/\/cidadenoar.com\/global\/wp-json\/wp\/v2\/media?parent=3489"}],"wp:term":[{"taxonomy":"category","embeddable":true,"href":"https:\/\/cidadenoar.com\/global\/wp-json\/wp\/v2\/categories?post=3489"},{"taxonomy":"post_tag","embeddable":true,"href":"https:\/\/cidadenoar.com\/global\/wp-json\/wp\/v2\/tags?post=3489"}],"curies":[{"name":"wp","href":"https:\/\/api.w.org\/{rel}","templated":true}]}}