{"id":3582,"date":"2025-07-10T15:23:56","date_gmt":"2025-07-10T18:23:56","guid":{"rendered":"https:\/\/cidadenoar.com\/?p=3582"},"modified":"2025-07-26T17:41:17","modified_gmt":"2025-07-26T20:41:17","slug":"o-dia-que-o-veio-da-havan-me-ligou-e-eu-quase-nao-atendi","status":"publish","type":"post","link":"https:\/\/cidadenoar.com\/global\/tecnologia-educacao\/o-dia-que-o-veio-da-havan-me-ligou-e-eu-quase-nao-atendi\/","title":{"rendered":"O dia que o v\u00e9io da Havan me ligou (e eu quase n\u00e3o atendi)"},"content":{"rendered":"\n<p>Era um dia ensolarado em <a href=\"https:\/\/bc.cidadenoar.com.br\" target=\"_blank\" rel=\"noreferrer noopener\">Balne\u00e1rio Cambori\u00fa<\/a>. O sol batia forte nas janelas do escrit\u00f3rio do Pac\u00edfico Empresarial, na Avenida do Estado, a poucos metros do mar. Eu estava l\u00e1 como pessoa jur\u00eddica, vestindo meu \u201cuniforme\u201d de analista de neg\u00f3cios para um projeto de aplicativos Android e iOS para um cliente importante. N\u00e3o era o trabalho dos meus sonhos, mas pagava as contas: escola da minha filha, comida \u00e0 mesa, aluguel do apartamento e, claro, me permitia seguir empurrando o sonho do <strong>CIDADENOAR.COM<\/strong>, o portal de not\u00edcias que eu desejava ver expandido por todo o Brasil.<\/p>\n\n\n\n<h3 class=\"wp-block-heading\">A rotina que mant\u00e9m o sonho vivo<\/h3>\n\n\n\n<p>Naquela manh\u00e3, alternava entre reuni\u00f5es de alinhamento, planejamento e testes no celular. Enquanto isso, o CIDADE NO AR j\u00e1 bombava na minha cabe\u00e7a \u2014 era nele que eu queria investir toda a minha energia a longo prazo. Receber pautas em primeira m\u00e3o, criar conte\u00fado de valor para as comunidades locais, gerar influ\u00eancia positiva\u2026 tudo isso era meu prop\u00f3sito. Mas, por ora, meu \u201cdia a dia de sobreviv\u00eancia\u201d era garantir entregas pontuais para o cliente, manter a rela\u00e7\u00e3o de confian\u00e7a e, de quebra, aprender novas t\u00e9cnicas e fazer contatos profissionais.<\/p>\n\n\n\n<h3 class=\"wp-block-heading\">O convite inesperado<\/h3>\n\n\n\n<p>Foi durante um intervalo que eu conferi o e\u2011mail: um comunicado da assessoria do <a href=\"https:\/\/cidadenoar.com\/2025\/04\/09\/havan-e-luciano-hang-conquistam-vitoria-inedita-na-justica-contra-golpes-online\/\" data-type=\"post\" data-id=\"2326\">Luciano Hang<\/a> \u2014 o \u201cv\u00e9io da Havan\u201d. Eles convidavam ve\u00edculos de comunica\u00e7\u00e3o para uma conversa direta com ele, a ser agendada para as 15h daquele mesmo dia. Meu cora\u00e7\u00e3o acelerou: era uma <a href=\"https:\/\/autonomiadigital.eu\" target=\"_blank\" rel=\"noreferrer noopener\">oportunidade<\/a> rara de entrevistar um dos empres\u00e1rios mais influentes do pa\u00eds, que dias antes havia declarado apoio p\u00fablico ao Bolsonaro na campanha de 2018.<\/p>\n\n\n\n<p>Mas, imerso no fluxo de trabalho, s\u00f3 vi a mensagem \u00e0s <strong>15h30<\/strong>. Um frio na espinha: eu havia perdido o hor\u00e1rio combinado com um bilion\u00e1rio. A fala <strong>\u201cn\u00e3o deixe escapar essa chance\u201d<\/strong> ecoou na minha mente, e um misto de decep\u00e7\u00e3o e adrenalina tomou conta. Por um instante considerei deixar pra l\u00e1, mas quem me conhece sabe: quando vejo uma brecha para avan\u00e7ar no <a href=\"https:\/\/cidadenoar.com\">CIDADENOAR.COM<\/a>, corro atr\u00e1s.<\/p>\n\n\n\n<h3 class=\"wp-block-heading\">A corrida pelo sil\u00eancio<\/h3>\n\n\n\n<p>Fechei o notebook com um estalo final, levantei da mesa num impulso e atravessei o escrit\u00f3rio em passos largos. Cada clique dos meus sapatos no piso ecoava pelos corredores, ent\u00e3o segui para o elevador sem olhar para tr\u00e1s \u2014 precisava encontrar um ref\u00fagio de sil\u00eancio. Ao abrir as portas, respirei fundo e desci ao n\u00edvel do estacionamento, que, felizmente, era coberto. Caminhei at\u00e9 o carro estacionado pr\u00f3ximo \u00e0 entrada principal, abri a porta e me acomodei no banco do motorista.<\/p>\n\n\n\n<p>L\u00e1 dentro, reinava um sil\u00eancio quase absoluto, interrompido apenas por leves rugidos de motor e o estalar distante de buzinas. O ar fresco que entrava pelas frestas das janelas ajudava a diminuir a tens\u00e3o, e o espa\u00e7o fechado do ve\u00edculo virou meu &#8220;escrit\u00f3rio&#8221; improvisado para aquela liga\u00e7\u00e3o decisiva.<\/p>\n\n\n\n<h3 class=\"wp-block-heading\">Tentativas e quase fracasso<\/h3>\n\n\n\n<p>Toque\u2026 toque\u2026 nada. \u201cVai cair numa caixa postal, deve ser um assessor\u201d, pensei. Resisti \u00e0 vontade de me lamentar e apertei para tentar de novo. Disquei <strong>pela segunda vez<\/strong>. Novamente n\u00e3o foi atendido o telefone, j\u00e1 retornando para a sala, vejo uma chamada perdida, e ao me organizar pra retornar, nova liga\u00e7\u00e3o. Atendi e num reflexo, aproximei o telefone do ouvido e disse, antes mesmo de ouvir qualquer coisa:<\/p>\n\n\n\n<blockquote class=\"wp-block-quote is-layout-flow wp-block-quote-is-layout-flow\">\n<p>   <em><strong>Eu:<\/strong> \u201cAl\u00f4?\u201d<\/em><\/p>\n<\/blockquote>\n\n\n\n<p>Do outro lado, ouvi uma voz pausada:<\/p>\n\n\n\n<blockquote class=\"wp-block-quote is-layout-flow wp-block-quote-is-layout-flow\">\n<p>   <em><strong>Luciano Hang:<\/strong> \u201cDesculpe n\u00e3o ter atendido antes, eu estava levando o Roberto Justus ao heliponto.\u201d<\/em><\/p>\n<\/blockquote>\n\n\n\n<p>Por minha surpresa, eu n\u00e3o conversava com um assessor: era o pr\u00f3prio Luciano Hang. Um misto de espanto e gratid\u00e3o brotou no meu peito.<\/p>\n\n\n\n<h3 class=\"wp-block-heading\">O encontro pelo telefone<\/h3>\n\n\n\n<p>A firmeza da voz dele e a simplicidade no tom mostravam uma humildade que poucos esperam de um bilion\u00e1rio. Ele se apresentou, pedindo desculpas de forma sincera. Eu, tentando controlar a ansiedade, agradeci pela oportunidade e prometi ser breve \u2014 mas, para minha surpresa, a conversa estendeu\u2011se por mais de <strong>quinze minutos<\/strong>. Era como se dois parceiros de miss\u00e3o compartilhassem um prop\u00f3sito maior: um Brasil mais s\u00e9rio, honesto e baseado em valores familiares e crist\u00e3os.<\/p>\n\n\n\n<p>Perguntei diretamente:<\/p>\n\n\n\n<blockquote class=\"wp-block-quote is-layout-flow wp-block-quote-is-layout-flow\">\n<p>   <em><strong>Eu:<\/strong> \u201cPor que voc\u00ea decidiu apoiar publicamente o Bolsonaro em 2018?\u201d<\/em><\/p>\n<\/blockquote>\n\n\n\n<p>E ele respondeu, sem rodeios:<\/p>\n\n\n\n<blockquote class=\"wp-block-quote is-layout-flow wp-block-quote-is-layout-flow\">\n<p>   <em><strong>Hang:<\/strong> \u201cPelos valores. Fam\u00edlia, honestidade, seriedade. O Brasil que queremos s\u00f3 depende de n\u00f3s. Cada cidad\u00e3o precisa se levantar e agir, n\u00e3o ficar esperando o outro tomar iniciativa.\u201d<\/em><\/p>\n<\/blockquote>\n\n\n\n<p>A frase ecoou alto dentro de mim. N\u00e3o era apenas uma opini\u00e3o pol\u00edtica: era um chamado ao protagonismo cidad\u00e3. E o CIDADENOAR.COM, como portal, precisava amplificar esse tipo de mensagem \u2014 mostrar que, mais do que consumir not\u00edcia, cada leitor pode ser agente de transforma\u00e7\u00e3o.<\/p>\n\n\n\n<h3 class=\"wp-block-heading\">O retorno \u00e0 sala e as zoa\u00e7\u00f5es<\/h3>\n\n\n\n<p>De volta \u00e0 sala de trabalho, meus colegas notaram meu semblante empolgado e logo come\u00e7aram a perguntar:<\/p>\n\n\n\n<blockquote class=\"wp-block-quote is-layout-flow wp-block-quote-is-layout-flow\">\n<p>   <em><strong>Colega 1:<\/strong> \u201c<a href=\"https:\/\/jefersonsobczack.com.br\" target=\"_blank\" rel=\"noreferrer noopener\">Jeferson<\/a>, o que aconteceu? T\u00e1 diferente!\u201d<\/em><\/p>\n\n\n\n<p>   <em><strong>Colega 2:<\/strong> \u201cDeixe eu adivinhar\u2026 o papa te ligou?\u201d<\/em><\/p>\n<\/blockquote>\n\n\n\n<p>Com um sorriso satisfeito, respondi:<\/p>\n\n\n\n<blockquote class=\"wp-block-quote is-layout-flow wp-block-quote-is-layout-flow\">\n<p><em><strong>Eu:<\/strong> \u201cN\u00e3o\u2026 quem me ligou foi o Luciano Hang, o v\u00e9io da Havan.\u201d<\/em><\/p>\n<\/blockquote>\n\n\n\n<p>Houve risadas desconfiadas, at\u00e9 perceberem que eu estava falando s\u00e9rio. Um sil\u00eancio tomou conta e, ent\u00e3o, todos entenderam que coisas incr\u00edveis acontecem para quem busca e confia. \u201cDeus \u00e9 por n\u00f3s. Confie sempre Nele, mas aja! Sempre.\u201d Foi o que eu disse antes de mergulharmos de volta \u00e0s demandas do dia.<\/p>\n\n\n\n<h3 class=\"wp-block-heading\">Do sil\u00eancio ao reconhecimento<\/h3>\n\n\n\n<p>Quando desliguei, deu aquele clique interno de realiza\u00e7\u00e3o. Senti\u2011me satisfeito, tranquilo e com uma certeza renovada: <strong>qualquer pessoa<\/strong>, por mais \u201cpequena\u201d que pare\u00e7a, pode manter uma conversa de igual para igual com algu\u00e9m \u201cgrande\u201d. O poder est\u00e1 em preparar a pauta certa, mostrar alinhamento de valores e acreditar no pr\u00f3prio trabalho.<\/p>\n\n\n\n<p>Nos dias seguintes, recebi um convite para gravar uma entrevista presencial, com c\u00e2meras, narrando detalhes do encontro. O v\u00eddeo, dispon\u00edvel quase na \u00edntegra no <a href=\"http:\/\/www.youtube.com\/watch?v=KqZhUkGwIfs\" target=\"_blank\" rel=\"noreferrer noopener\">canal do YouTube do CIDADENOAR<\/a>, rendeu milhares de visualiza\u00e7\u00f5es e novos leitores. Pouco depois, j\u00e1 em S\u00e3o Paulo, estava eu nos bastidores do SBT, participando do debate dos presidenci\u00e1veis \u2014 e l\u00e1 estava eu, novamente trocando breves palavras com o v\u00e9io da Havan nos bastidores, refor\u00e7ando a import\u00e2ncia de estar presente onde as ideias circulam.<\/p>\n\n\n\n<h3 class=\"wp-block-heading\">O papel do gestor e do portal<\/h3>\n\n\n\n<p>Como gestor do CIDADENOAR, meu maior desafio \u00e9 <strong>conectar relatos inspiradores<\/strong> a pessoas que, muitas vezes, nunca imaginam ter acesso direto a quem molda cen\u00e1rios nacionais. Se Hang elogiou o nome \u201cCIDADE NO AR\u201d por ser \u201csimples e ao mesmo tempo amplo\u201d, \u00e9 porque nosso portal tem a miss\u00e3o de espalhar hist\u00f3rias que mostrem o potencial de cada indiv\u00edduo e comunidade. Hist\u00f3rias que, no fundo, dizem:<\/p>\n\n\n\n<blockquote class=\"wp-block-quote is-layout-flow wp-block-quote-is-layout-flow\">\n<p>\u201cVoc\u00ea tamb\u00e9m pode fazer a diferen\u00e7a.\u201d<\/p>\n<\/blockquote>\n\n\n\n<p>Essa liga\u00e7\u00e3o no estacionamento mostrou que a diferen\u00e7a entre perder e ganhar pode estar em alguns segundos de coragem \u2014 sair da zona de conforto, buscar o sil\u00eancio num carro, n\u00e3o se intimidar pela vaidade alheia e manter o foco no prop\u00f3sito de informar.<\/p>\n\n\n\n<h3 class=\"wp-block-heading\">Li\u00e7\u00f5es e reflex\u00f5es<\/h3>\n\n\n\n<ol start=\"1\" class=\"wp-block-list\">\n<li><strong>Planejamento se mistura \u00e0 coragem<\/strong>: ter um bom direcionamento (o e\u2011mail com o hor\u00e1rio certo) n\u00e3o basta sem a coragem de ligar fora do hor\u00e1rio combinado e insistir.<\/li>\n\n\n\n<li><strong>Humildade abre portas<\/strong>: a atitude simples de pedir desculpas e explicar o motivo do atraso humanizou o Hang diante de mim \u2014 e deve humanizar o CIDADENOAR diante dos leitores.<\/li>\n\n\n\n<li><strong>Valor do indiv\u00edduo<\/strong>: n\u00e3o importa o tamanho do seu neg\u00f3cio ou cargo, se voc\u00ea comunica com clareza e mostra credibilidade, pode atrair a aten\u00e7\u00e3o de qualquer pessoa.<\/li>\n<\/ol>\n\n\n\n<p>Mais do que contar essa hist\u00f3ria, quero que ela alimente o desejo de cada leitor de <strong>buscar seu espa\u00e7o<\/strong>. O cen\u00e1rio pol\u00edtico, econ\u00f4mico ou social s\u00f3 muda quando indiv\u00edduos agem com prop\u00f3sito \u2014 e \u00e9 isso que buscamos no CIDADENOAR: catalisar essa energia positiva.<\/p>\n\n\n\n<h3 class=\"wp-block-heading\">Um convite ao leitor<\/h3>\n\n\n\n<p>E voc\u00ea, que chegou at\u00e9 aqui, pare um instante e responda com sinceridade:<\/p>\n\n\n\n<blockquote class=\"wp-block-quote is-layout-flow wp-block-quote-is-layout-flow\">\n<p><strong>Qual \u00e9 o seu sonho de verdade?<\/strong><\/p>\n<\/blockquote>\n\n\n\n<p>N\u00e3o me refiro a \u201cpagar boletos\u201d ou \u201cmanter o saldo positivo no banco\u201d, mas ao seu prop\u00f3sito de exist\u00eancia. O que faz seus olhos brilharem quando voc\u00ea pensa em amanh\u00e3? Voc\u00ea est\u00e1 movendo suas pe\u00e7as para alcan\u00e7ar essa meta, ou deixa o peso das contas te paralisar?<\/p>\n\n\n\n<p>Se a resposta for \u201cainda n\u00e3o sei\u201d ou \u201cn\u00e3o tenho tempo\u201d, talvez seja hora de reassumir o volante da sua hist\u00f3ria. Corra riscos calculados, ajuste o f\u00f4lego e busque o seu \u201cn\u00famero na tela\u201d \u2014 quem sabe, voc\u00ea n\u00e3o atende algo muito maior que n\u00e3o imaginava.<\/p>\n\n\n\n<hr class=\"wp-block-separator has-alpha-channel-opacity\"\/>\n\n\n\n<p>Este artigo faz parte da minha jornada como gestor do <strong>CIDADE NO AR<\/strong> e como pessoa que acredita que toda hist\u00f3ria inspiradora merece ser compartilhada. Se gostou, acompanhe nossos canais, deixe seu coment\u00e1rio e compartilhe com quem precisa de um empurr\u00e3ozinho para ligar naquele \u201cn\u00famero desconhecido\u201d que pode mudar sua trajet\u00f3ria.<\/p>\n\n\n\n<p>Se voc\u00ea curtiu essa hist\u00f3ria, <strong>entre para o nosso <a href=\"https:\/\/whatsapp.com\/channel\/0029Vb6EFOj4Crfcifx7g51L\" target=\"_blank\" rel=\"noreferrer noopener\">Canal no WhatsApp<\/a><\/strong>. Voc\u00ea receber\u00e1 conte\u00fados em primeira m\u00e3o, ofertas exclusivas para membros, sorteios de mat\u00e9rias\/publica\u00e7\u00f5es e convites para lives! <\/p>\n\n\n\n<p><a href=\"https:\/\/wa.me\/5547984354452\" target=\"_blank\" rel=\"noreferrer noopener\">Fale comigo no WhatsApp e me conte a sua hist\u00f3ria!<\/a><\/p>\n\n\n\n<p><\/p>\n","protected":false},"excerpt":{"rendered":"<p>Em um dia ensolarado em Balne\u00e1rio Cambori\u00fa, Jeferson, gestor do CIDADENOAR, recebe um convite inusitado: entrevistar o pr\u00f3prio Luciano Hang, o \u201cv\u00e9io da Havan\u201d. Ap\u00f3s quase perder o hor\u00e1rio, ele corre para o estacionamento, faz duas liga\u00e7\u00f5es e, por fim, \u00e9 atendido pelo bilion\u00e1rio em pessoa. Em uma conversa de mais de 15 minutos, discutem valores, prop\u00f3sito e o \u201cBrasil que queremos\u201d. Este encontro improv\u00e1vel mostra como coragem, humildade e f\u00e9 podem transformar oportunidades e refor\u00e7ar o poder de cada indiv\u00edduo. Confira a hist\u00f3ria completa e inspire\u2011se a buscar o seu chamado.<\/p>\n","protected":false},"author":1,"featured_media":3617,"comment_status":"open","ping_status":"open","sticky":false,"template":"","format":"standard","meta":{"footnotes":""},"categories":[21],"tags":[22,52],"class_list":["post-3582","post","type-post","status-publish","format-standard","has-post-thumbnail","hentry","category-tecnologia-educacao","tag-brasil","tag-empreendedorismo"],"_links":{"self":[{"href":"https:\/\/cidadenoar.com\/global\/wp-json\/wp\/v2\/posts\/3582","targetHints":{"allow":["GET"]}}],"collection":[{"href":"https:\/\/cidadenoar.com\/global\/wp-json\/wp\/v2\/posts"}],"about":[{"href":"https:\/\/cidadenoar.com\/global\/wp-json\/wp\/v2\/types\/post"}],"author":[{"embeddable":true,"href":"https:\/\/cidadenoar.com\/global\/wp-json\/wp\/v2\/users\/1"}],"replies":[{"embeddable":true,"href":"https:\/\/cidadenoar.com\/global\/wp-json\/wp\/v2\/comments?post=3582"}],"version-history":[{"count":0,"href":"https:\/\/cidadenoar.com\/global\/wp-json\/wp\/v2\/posts\/3582\/revisions"}],"wp:featuredmedia":[{"embeddable":true,"href":"https:\/\/cidadenoar.com\/global\/wp-json\/wp\/v2\/media\/3617"}],"wp:attachment":[{"href":"https:\/\/cidadenoar.com\/global\/wp-json\/wp\/v2\/media?parent=3582"}],"wp:term":[{"taxonomy":"category","embeddable":true,"href":"https:\/\/cidadenoar.com\/global\/wp-json\/wp\/v2\/categories?post=3582"},{"taxonomy":"post_tag","embeddable":true,"href":"https:\/\/cidadenoar.com\/global\/wp-json\/wp\/v2\/tags?post=3582"}],"curies":[{"name":"wp","href":"https:\/\/api.w.org\/{rel}","templated":true}]}}