{"id":3610,"date":"2025-07-09T20:57:58","date_gmt":"2025-07-09T23:57:58","guid":{"rendered":"https:\/\/cidadenoar.com\/?p=3610"},"modified":"2025-07-26T18:12:35","modified_gmt":"2025-07-26T21:12:35","slug":"fernando-scherer-revela-os-segredos-da-alta-performance","status":"publish","type":"post","link":"https:\/\/cidadenoar.com\/global\/geral\/fernando-scherer-revela-os-segredos-da-alta-performance\/","title":{"rendered":"Fernando Scherer revela os segredos da alta performance"},"content":{"rendered":"\n<p>O Movimento Conecta+ anuncia mais uma iniciativa dentro de seus eixos de atua\u00e7\u00e3o: o Conecta+ Oxig\u00eanio \u2013 uma jornada com Fernando Scherer. A proposta \u00e9 proporcionar uma experi\u00eancia imersiva de 12 horas com o ex-nadador ol\u00edmpico Fernando Scherer, conhecido como \u201cXuxa\u201d, convidando o p\u00fablico a descobrir o segredo para viver com mais presen\u00e7a, consci\u00eancia e alta performance em qualquer fase da vida.<\/p>\n\n\n\n<p>\u201c<em>A imers\u00e3o Conecta+ Oxig\u00eanio foi desenhada para provocar uma virada de chave. Durante todo o dia, os participantes ser\u00e3o conduzidos por reflex\u00f5es, pr\u00e1ticas e ferramentas que abordam autoconhecimento, mentalidade de crescimento, gest\u00e3o emocional e desenvolvimento da lideran\u00e7a<\/em>\u201d, contou Marina Souza, CEO e fundadora do Movimento Conecta+. Tamb\u00e9m ser\u00e1 um espa\u00e7o privilegiado para conex\u00f5es reais, onde o p\u00fablico em geral poder\u00e1 trocar experi\u00eancias, gerar valor e expandir suas redes de relacionamento com prop\u00f3sito. Cada participante receber\u00e1 um presente exclusivo, um certificado oficial de participa\u00e7\u00e3o e, mais do que isso, a oportunidade de transformar sua maneira de pensar e agir diante dos desafios da vida pessoal e profissional.<\/p>\n\n\n\n<p>\u201c<em>O segredo para viver plenamente n\u00e3o est\u00e1 em conquistar medalhas, mas em entender nossa verdadeira ess\u00eancia. No Oxig\u00eanio vou compartilhar as ferramentas que me levaram ao topo do p\u00f3dio e a alta performance. Quero ajudar os participantes a desbloquearem sua mentalidade de campe\u00e3o, redefinir os objetivos e transformar sua vida<\/em>\u201d, explica Fernando Scherer sobre a imers\u00e3o, que acontece no dia 2 de agosto, na Pedra Branca, em Palho\u00e7a.<\/p>\n\n\n\n<p>O evento \u00e9 uma realiza\u00e7\u00e3o do Movimento Conecta+, que tem como miss\u00e3o impulsionar pessoas e comunidades por meio de experi\u00eancias transformadoras. As inscri\u00e7\u00f5es j\u00e1 est\u00e3o abertas, e os interessados podem garantir sua vaga nesta jornada \u00fanica que une performance, inspira\u00e7\u00e3o e reconex\u00e3o com o que realmente importa.<\/p>\n\n\n\n<p><strong>Sobre Fernando Scherer<\/strong><\/p>\n\n\n\n<p>O anfitri\u00e3o da jornada \u00e9 bicampe\u00e3o ol\u00edmpico, ex-recordista mundial, sete vezes campe\u00e3o pan-americano e cinco vezes campe\u00e3o mundial. Mais do que suas conquistas esportivas, Xuxa \u00e9 reconhecido hoje como um estudioso do comportamento humano, da filosofia e do autoconhecimento. Sua trajet\u00f3ria de supera\u00e7\u00e3o, disciplina e foco o levou aos maiores p\u00f3dios do mundo, e agora ele compartilha os aprendizados que transcendem a t\u00e9cnica esportiva e mergulham na ess\u00eancia do ser humano: presen\u00e7a, verdade e consci\u00eancia.<\/p>\n\n\n\n<p><strong>Conecta+<\/strong><\/p>\n\n\n\n<p>O Conecta+ \u00e9 o primeiro festival brasileiro de educa\u00e7\u00e3o e empreendedorismo aprovado pelo Minist\u00e9rio da Cultura, tamb\u00e9m incentivado pelo Programa de Incentivo \u00e0 Cultura de Santa Catarina (PIC-SC). Em 2025, ser\u00e1 realizado nos dias 12 e 13 de setembro, no Teatro Hermelinda Izabel Merize, no Centro Arena Multiuso de S\u00e3o Jos\u00e9, com o tema \u201cTecnologia, Inova\u00e7\u00e3o e Economia Criativa\u201d.<\/p>\n\n\n\n<p>O Movimento conta com uma ampla rede de apoio: Havan, Compensados Fernandes, Oxxy, Aemflo\/CDL S\u00e3o Jos\u00e9, Shopping Itagua\u00e7u, JMCar, K-Platz, Academia Pratique, Confec\u00e7\u00f5es Express, Prefeitura de S\u00e3o Jos\u00e9, Supermercados Imperatriz, Sebrae\/SC, Santa Prote\u00e7\u00e3o Veicular, MSX Organiza\u00e7\u00f5es e Majestic Est\u00e9tica e Sa\u00fade.<\/p>\n\n\n\n<p><strong>Conecta+ Oxig\u00eanio \u2013 uma jornada com Fernando Scherer<\/strong><\/p>\n\n\n\n<p><strong>Data:<\/strong>&nbsp;2 de agosto de 2025 (s\u00e1bado)<\/p>\n\n\n\n<p><strong>Hor\u00e1rio:<\/strong>&nbsp;a partir das 8h<\/p>\n\n\n\n<p><strong>Local:<\/strong>&nbsp;Hurbana Pedra Branca \u2013 Palho\u00e7a (Rua Jair Hamms, 38 \u2013 Ed. Atrium)<\/p>\n\n\n\n<p><strong>Investimento:<\/strong>&nbsp;12x de R$ 103,11 sem juros ou R$ 997,00 \u00e0 vista<\/p>\n\n\n\n<p><strong>Informa\u00e7\u00f5es:<\/strong>&nbsp;<a href=\"http:\/\/www.conectamais.org\/\" target=\"_blank\" rel=\"noreferrer noopener\">www.conectamais.org<\/a><\/p>\n","protected":false},"excerpt":{"rendered":"<p>Em imers\u00e3o de 12 horas, ex-nadador ol\u00edmpico, tamb\u00e9m conselheiro do Movimento Conecta+, ir\u00e1 apresentar t\u00e9cnicas pr\u00e1ticas que ir\u00e3o impulsionar resultados pessoais e profissionais<\/p>\n","protected":false},"author":23,"featured_media":3611,"comment_status":"open","ping_status":"open","sticky":false,"template":"","format":"standard","meta":{"footnotes":""},"categories":[1],"tags":[438,399,437],"class_list":["post-3610","post","type-post","status-publish","format-standard","has-post-thumbnail","hentry","category-geral","tag-ceo","tag-conecta","tag-movimento"],"_links":{"self":[{"href":"https:\/\/cidadenoar.com\/global\/wp-json\/wp\/v2\/posts\/3610","targetHints":{"allow":["GET"]}}],"collection":[{"href":"https:\/\/cidadenoar.com\/global\/wp-json\/wp\/v2\/posts"}],"about":[{"href":"https:\/\/cidadenoar.com\/global\/wp-json\/wp\/v2\/types\/post"}],"author":[{"embeddable":true,"href":"https:\/\/cidadenoar.com\/global\/wp-json\/wp\/v2\/users\/23"}],"replies":[{"embeddable":true,"href":"https:\/\/cidadenoar.com\/global\/wp-json\/wp\/v2\/comments?post=3610"}],"version-history":[{"count":0,"href":"https:\/\/cidadenoar.com\/global\/wp-json\/wp\/v2\/posts\/3610\/revisions"}],"wp:featuredmedia":[{"embeddable":true,"href":"https:\/\/cidadenoar.com\/global\/wp-json\/wp\/v2\/media\/3611"}],"wp:attachment":[{"href":"https:\/\/cidadenoar.com\/global\/wp-json\/wp\/v2\/media?parent=3610"}],"wp:term":[{"taxonomy":"category","embeddable":true,"href":"https:\/\/cidadenoar.com\/global\/wp-json\/wp\/v2\/categories?post=3610"},{"taxonomy":"post_tag","embeddable":true,"href":"https:\/\/cidadenoar.com\/global\/wp-json\/wp\/v2\/tags?post=3610"}],"curies":[{"name":"wp","href":"https:\/\/api.w.org\/{rel}","templated":true}]}}