{"id":3654,"date":"2025-07-11T19:26:22","date_gmt":"2025-07-11T22:26:22","guid":{"rendered":"https:\/\/cidadenoar.com\/?p=3654"},"modified":"2025-07-26T17:55:44","modified_gmt":"2025-07-26T20:55:44","slug":"crcsc-e-sindaf-sc-promovem-seminario-sobre-os-impactos-da-reforma-tributaria-no-setor-publico","status":"publish","type":"post","link":"https:\/\/cidadenoar.com\/global\/economia-negocios\/crcsc-e-sindaf-sc-promovem-seminario-sobre-os-impactos-da-reforma-tributaria-no-setor-publico\/","title":{"rendered":"CRCSC e SINDAF-SC promovem semin\u00e1rio sobre os impactos da Reforma Tribut\u00e1ria no setor p\u00fablico"},"content":{"rendered":"\n<p>O Conselho Regional de Contabilidade de Santa Catarina (CRCSC), em parceria com o Sindicato dos Auditores Estaduais de Finan\u00e7as P\u00fablicas (SINDAF\/SC), realiza nos dias 21 e 22 de agosto, em Florian\u00f3polis, o 7\u00ba Semin\u00e1rio de Pr\u00e1ticas de Contabilidade Aplicadas ao Setor P\u00fablico. O evento ser\u00e1 presencial, no audit\u00f3rio do CRCSC, e j\u00e1 est\u00e1 com&nbsp;<a href=\"https:\/\/www1.cfc.org.br\/evento?EZX\" target=\"_blank\" rel=\"noreferrer noopener\"><u>inscri\u00e7\u00f5es abertas<\/u><\/a>&nbsp;para os interessados.<\/p>\n\n\n\n<p>Com o tema \u201cReforma Tribut\u00e1ria: voc\u00ea est\u00e1 preparado?\u201d, o semin\u00e1rio abordar\u00e1 as transforma\u00e7\u00f5es provocadas pela implementa\u00e7\u00e3o do Imposto sobre Bens e Servi\u00e7os (IBS), trazendo reflex\u00f5es pr\u00e1ticas e t\u00e9cnicas sobre o novo cen\u00e1rio fiscal brasileiro. A proposta \u00e9 promover a atualiza\u00e7\u00e3o e o aprofundamento de conhecimentos entre contadores p\u00fablicos, auditores, servidores, gestores e demais profissionais da \u00e1rea.<\/p>\n\n\n\n<p>Entre os destaques desta edi\u00e7\u00e3o, tr\u00eas auditores estaduais de finan\u00e7as p\u00fablicas de Santa Catarina marcam presen\u00e7a na programa\u00e7\u00e3o como palestrantes e moderadores. A participa\u00e7\u00e3o refor\u00e7a o papel t\u00e9cnico e estrat\u00e9gico da categoria frente \u00e0s mudan\u00e7as trazidas pela reforma.<\/p>\n\n\n\n<p>Um dos nomes confirmados \u00e9 Jefferson Grande, Auditor de Finan\u00e7as que atua na Ger\u00eancia de Contabilidade P\u00fablica (GECOP), da Diretoria de Contabilidade e de Informa\u00e7\u00f5es Fiscais (DCIF). Ele estar\u00e1 em dois momentos do evento: como moderador de um painel sobre os aspectos or\u00e7ament\u00e1rios e cont\u00e1beis do IBS, e tamb\u00e9m como palestrante na discuss\u00e3o sobre reten\u00e7\u00f5es tribut\u00e1rias e obriga\u00e7\u00f5es acess\u00f3rias ap\u00f3s a implementa\u00e7\u00e3o do novo imposto.<\/p>\n\n\n\n<p>Tamb\u00e9m participa do evento o Auditor de Finan\u00e7as Marcelo Inoc\u00eancio Pereira, que trar\u00e1 uma an\u00e1lise aprofundada sobre os desafios de adequa\u00e7\u00e3o dos Sistemas de Administra\u00e7\u00e3o Financeira, Or\u00e7ament\u00e1ria e de Contabilidade (SIAFIC) \u00e0 nova estrutura tribut\u00e1ria, avaliando impactos operacionais e as mudan\u00e7as necess\u00e1rias \u00e0 realidade dos entes p\u00fablicos.<\/p>\n\n\n\n<p>Fechando o time de Auditores de Finan\u00e7as na programa\u00e7\u00e3o, a Secret\u00e1ria da Fazenda de Florian\u00f3polis, Michele Roncalio, contribui com uma abordagem mais ampla sobre os aspectos gerais da Reforma Tribut\u00e1ria e seu impacto direto nos munic\u00edpios.<\/p>\n\n\n\n<p><strong>A programa\u00e7\u00e3o do semin\u00e1rio inclui ainda temas como:<\/strong><\/p>\n\n\n\n<ul class=\"wp-block-list\">\n<li>O funcionamento do Comit\u00ea Gestor do IBS;<\/li>\n\n\n\n<li>A distribui\u00e7\u00e3o da arrecada\u00e7\u00e3o entre estados e munic\u00edpios;<\/li>\n\n\n\n<li>Os impactos do novo imposto nas tesourarias p\u00fablicas;<\/li>\n\n\n\n<li>A rela\u00e7\u00e3o entre or\u00e7amento municipal e ren\u00fancia de receita.<\/li>\n<\/ul>\n\n\n\n<p>No primeiro dia do semin\u00e1rio, tamb\u00e9m est\u00e1 prevista a participa\u00e7\u00e3o de Sandro Medeiros Alves, presidente do SINDAF-SC, que falar\u00e1 sobre a import\u00e2ncia do engajamento da sociedade na pauta das finan\u00e7as p\u00fablicas. Em sua fala, ele ir\u00e1 destacar a campanha<strong>&nbsp;\u201cO que voc\u00ea tem a ver com finan\u00e7as p\u00fablicas? Tudo!\u201d,<\/strong>&nbsp;que busca conscientizar cidad\u00e3os e servidores sobre o papel fundamental da gest\u00e3o fiscal para o desenvolvimento e a justi\u00e7a social.<\/p>\n\n\n\n<p>O evento tamb\u00e9m ter\u00e1 espa\u00e7os para pain\u00e9is de debate e troca de experi\u00eancias entre especialistas de diferentes esferas da administra\u00e7\u00e3o p\u00fablica.<\/p>\n\n\n\n<p>As inscri\u00e7\u00f5es j\u00e1 est\u00e3o abertas e podem ser feitas pelo site oficial do Conselho Federal de Contabilidade, no&nbsp;<a href=\"https:\/\/www1.cfc.org.br\/evento?EZX\" target=\"_blank\" rel=\"noreferrer noopener\">link<\/a>.<\/p>\n\n\n\n<p><strong>Condi\u00e7\u00f5es especiais<\/strong><\/p>\n\n\n\n<p>O 1\u00ba lote de ingressos promocionais vai at\u00e9 31 de julho, com descontos exclusivos para estudantes, profissionais registrados no CRC e servidores da \u00e1rea p\u00fablica. Mais informa\u00e7\u00f5es tamb\u00e9m est\u00e3o dispon\u00edveis no perfil oficial do CRCSC no Instagram:<a href=\"https:\/\/www.instagram.com\/crcscoficial\/\" target=\"_blank\" rel=\"noreferrer noopener\">&nbsp;@crcscoficial<\/a><\/p>\n","protected":false},"excerpt":{"rendered":"<p>Evento em Florian\u00f3polis discutir\u00e1 os efeitos da implementa\u00e7\u00e3o do IBS e os desafios para o cen\u00e1rio fiscal e cont\u00e1bil no setor p\u00fablico<\/p>\n","protected":false},"author":23,"featured_media":3655,"comment_status":"open","ping_status":"open","sticky":false,"template":"","format":"standard","meta":{"footnotes":""},"categories":[289],"tags":[441,440,342],"class_list":["post-3654","post","type-post","status-publish","format-standard","has-post-thumbnail","hentry","category-economia-negocios","tag-contabilidade","tag-crc","tag-sindaf"],"_links":{"self":[{"href":"https:\/\/cidadenoar.com\/global\/wp-json\/wp\/v2\/posts\/3654","targetHints":{"allow":["GET"]}}],"collection":[{"href":"https:\/\/cidadenoar.com\/global\/wp-json\/wp\/v2\/posts"}],"about":[{"href":"https:\/\/cidadenoar.com\/global\/wp-json\/wp\/v2\/types\/post"}],"author":[{"embeddable":true,"href":"https:\/\/cidadenoar.com\/global\/wp-json\/wp\/v2\/users\/23"}],"replies":[{"embeddable":true,"href":"https:\/\/cidadenoar.com\/global\/wp-json\/wp\/v2\/comments?post=3654"}],"version-history":[{"count":0,"href":"https:\/\/cidadenoar.com\/global\/wp-json\/wp\/v2\/posts\/3654\/revisions"}],"wp:featuredmedia":[{"embeddable":true,"href":"https:\/\/cidadenoar.com\/global\/wp-json\/wp\/v2\/media\/3655"}],"wp:attachment":[{"href":"https:\/\/cidadenoar.com\/global\/wp-json\/wp\/v2\/media?parent=3654"}],"wp:term":[{"taxonomy":"category","embeddable":true,"href":"https:\/\/cidadenoar.com\/global\/wp-json\/wp\/v2\/categories?post=3654"},{"taxonomy":"post_tag","embeddable":true,"href":"https:\/\/cidadenoar.com\/global\/wp-json\/wp\/v2\/tags?post=3654"}],"curies":[{"name":"wp","href":"https:\/\/api.w.org\/{rel}","templated":true}]}}