{"id":3670,"date":"2025-07-11T21:45:56","date_gmt":"2025-07-12T00:45:56","guid":{"rendered":"https:\/\/cidadenoar.com\/?p=3670"},"modified":"2025-07-26T17:48:58","modified_gmt":"2025-07-26T20:48:58","slug":"grupo-pereira-dono-do-fort-atacadista-cria-assistente-virtual-com-ia-inspirada-no-chatgpt-2","status":"publish","type":"post","link":"https:\/\/cidadenoar.com\/global\/tecnologia-educacao\/grupo-pereira-dono-do-fort-atacadista-cria-assistente-virtual-com-ia-inspirada-no-chatgpt-2\/","title":{"rendered":"Grupo Pereira, dono do Fort Atacadista, cria assistente virtual com IA inspirada no ChatGPT"},"content":{"rendered":"\n<p>O Grupo Pereira deu um passo importante em sua jornada de transforma\u00e7\u00e3o digital com o desenvolvimento do ChatGP, sua pr\u00f3pria ferramenta de intelig\u00eancia artificial generativa. A solu\u00e7\u00e3o foi desenvolvida com base na tecnologia do ChatGPT e adaptada para uso interno para apoiar processos, acelerar fluxos de trabalho e garantir o acesso seguro a informa\u00e7\u00f5es institucionais.<br>\u00a0<br>\u201cA ferramenta foi inicialmente disponibilizada a colaboradores de quatro \u00e1reas \u2014 Tecnologia, Gente &amp; Gest\u00e3o, Comunica\u00e7\u00e3o e Marketing \u2014 com o objetivo de validar sua usabilidade e desempenho. O engajamento surpreendeu: em apenas um m\u00eas de uso piloto, foram registradas mais de 3 mil intera\u00e7\u00f5es\u201d, conta Douglas Uesato, Gerente de Digital e Inova\u00e7\u00e3o do Grupo Pereira.<br>\u00a0<br>A vers\u00e3o atual funciona com um agente gen\u00e9rico, semelhante a outras IA generativas do mercado, mas com o diferencial de operar em um ambiente controlado, que garante maior governan\u00e7a e seguran\u00e7a da informa\u00e7\u00e3o. As consultas v\u00e3o desde tarefas como revis\u00e3o de c\u00f3digo e programa\u00e7\u00e3o at\u00e9 atividades criativas, como estrutura\u00e7\u00e3o de campanhas. O ChatGP tamb\u00e9m oferece um sistema simples de feedback \u2014 com op\u00e7\u00f5es de \u201ccurtir\u201d e \u201cn\u00e3o curtir\u201d \u2014 que permite aprimorar a ferramenta com base nas intera\u00e7\u00f5es dos usu\u00e1rios.<br>\u00a0<br><strong>Pr\u00f3ximos passos: dados e decis\u00f5es inteligentes<\/strong><br>Est\u00e1 em desenvolvimento uma nova fase do projeto, com a cria\u00e7\u00e3o de um agente especializado capaz de interagir com os dados internos da empresa. A expectativa \u00e9 que essa evolu\u00e7\u00e3o permita extrair<em>\u00a0insights\u00a0<\/em>mais estrat\u00e9gicos, automatizar processos com maior intelig\u00eancia e apoiar a tomada de decis\u00e3o de forma mais assertiva.<br>\u00a0<br><strong>IA no dia a dia da opera\u00e7\u00e3o<\/strong><br>O uso de intelig\u00eancia artificial no Grupo Pereira n\u00e3o se restringe \u00e0 solu\u00e7\u00e3o generativa. A empresa j\u00e1 utiliza I.A. h\u00e1 anos, especialmente em \u00e1reas como abastecimento e comercial, por meio de modelos preditivos e algoritmos de otimiza\u00e7\u00e3o. J\u00e1 a I.A. generativa passou a ser incorporada em 2023 a diversas frentes, como assistentes internos para RH e Processos, curadoria de conte\u00fado para o time comercial e aplicada \u00e0 preven\u00e7\u00e3o de perdas.<br>\u00a0<br>A ado\u00e7\u00e3o da tecnologia vem sendo feita de forma gradual e estrat\u00e9gica, com pilotos em \u00e1reas-chave, para, em seguida, fazer a valida\u00e7\u00e3o de resultados e uma posterior expans\u00e3o. Os retornos \u2014 diretos e indiretos \u2014 j\u00e1 s\u00e3o percebidos em diversas frentes:\u00a0<strong>ganhos de produtividade, automa\u00e7\u00e3o de tarefas repetitivas, redu\u00e7\u00e3o de retrabalho e decis\u00f5es mais \u00e1geis baseadas em dados<\/strong>. \u00c1reas como RH, Marketing, Comercial, Preven\u00e7\u00e3o de Perdas e Tecnologia j\u00e1 colhem resultados relevantes com o uso da intelig\u00eancia artificial.<br>\u00a0<br><br><img decoding=\"async\" width=\"600\" src=\"https:\/\/ci3.googleusercontent.com\/meips\/ADKq_NZO2FwNC2L5hpC-_js7blhGfPMXKvf-I5BpdNSi6bZF9O8t_oM5YKKpqPqHEzc6YkOesXcta_wONH_G67QmG6cJAc4yd-CbouCKy4jXVRCL14tOoVtczpvD_HpdVIXMQh_AmPp1vKzPyPAmwZ6kBghIbYFA_yI4NBPHOIsymCkpack__58E-SC-6dZL4R-mCfr8Kpt2TiHjuhNewaleO8yjj2mFU60M4XUj7bEAUXqEWh0HRhEcfpCIFN0i_nZwRHiqRr3LVa1PS2n1uIcxYZHHTuY=s0-d-e1-ft#https:\/\/s2506.imxsnd23.com\/13ImO2UzNwMjM6InYu02bj5SYtlGblNXZhBHQpZXYkpTM5kjMzAjN4EDN6cmbw5CNiR2MzYjY1ATO4kTZ4kDOyETMwEWZhlzNwEDOzYzMxYkMlYzMxYkMlcTO3kzMGJTJ2IjNzYTO3MDOy8VL1ETLf9VLwITLfpzN\" alt=\"\" title=\"\"><br><em>ChatGP do Grupo Pereira teve 3 mil intera\u00e7\u00f5es no primeiro m\u00eas de uso &#8211; Foto: Divulga\u00e7\u00e3o<\/em><\/p>\n","protected":false},"excerpt":{"rendered":"<p>A solu\u00e7\u00e3o, batizada de ChatGP, \u00e9 parte de um movimento estrat\u00e9gico da empresa para impulsionar efici\u00eancia, seguran\u00e7a da informa\u00e7\u00e3o e inova\u00e7\u00e3o no varejo<\/p>\n","protected":false},"author":23,"featured_media":3671,"comment_status":"open","ping_status":"open","sticky":false,"template":"","format":"standard","meta":{"footnotes":""},"categories":[21],"tags":[211,439],"class_list":["post-3670","post","type-post","status-publish","format-standard","has-post-thumbnail","hentry","category-tecnologia-educacao","tag-grupo-pereira","tag-ia"],"_links":{"self":[{"href":"https:\/\/cidadenoar.com\/global\/wp-json\/wp\/v2\/posts\/3670","targetHints":{"allow":["GET"]}}],"collection":[{"href":"https:\/\/cidadenoar.com\/global\/wp-json\/wp\/v2\/posts"}],"about":[{"href":"https:\/\/cidadenoar.com\/global\/wp-json\/wp\/v2\/types\/post"}],"author":[{"embeddable":true,"href":"https:\/\/cidadenoar.com\/global\/wp-json\/wp\/v2\/users\/23"}],"replies":[{"embeddable":true,"href":"https:\/\/cidadenoar.com\/global\/wp-json\/wp\/v2\/comments?post=3670"}],"version-history":[{"count":0,"href":"https:\/\/cidadenoar.com\/global\/wp-json\/wp\/v2\/posts\/3670\/revisions"}],"wp:featuredmedia":[{"embeddable":true,"href":"https:\/\/cidadenoar.com\/global\/wp-json\/wp\/v2\/media\/3671"}],"wp:attachment":[{"href":"https:\/\/cidadenoar.com\/global\/wp-json\/wp\/v2\/media?parent=3670"}],"wp:term":[{"taxonomy":"category","embeddable":true,"href":"https:\/\/cidadenoar.com\/global\/wp-json\/wp\/v2\/categories?post=3670"},{"taxonomy":"post_tag","embeddable":true,"href":"https:\/\/cidadenoar.com\/global\/wp-json\/wp\/v2\/tags?post=3670"}],"curies":[{"name":"wp","href":"https:\/\/api.w.org\/{rel}","templated":true}]}}