{"id":3739,"date":"2025-07-14T13:44:27","date_gmt":"2025-07-14T16:44:27","guid":{"rendered":"https:\/\/cidadenoar.com\/?p=3739"},"modified":"2025-07-26T17:41:44","modified_gmt":"2025-07-26T20:41:44","slug":"fiesc-recebe-evento-com-foco-nas-tendencias-da-construcao-civil-e-mercado-imobiliario-do-sul-do-brasil","status":"publish","type":"post","link":"https:\/\/cidadenoar.com\/global\/economia-negocios\/fiesc-recebe-evento-com-foco-nas-tendencias-da-construcao-civil-e-mercado-imobiliario-do-sul-do-brasil\/","title":{"rendered":"FIESC recebe evento com foco nas tend\u00eancias da constru\u00e7\u00e3o civil e mercado imobili\u00e1rio do Sul do Brasil"},"content":{"rendered":"\n<p>A sede da Federa\u00e7\u00e3o das Ind\u00fastrias do Estado de Santa Catarina (FIESC), em Florian\u00f3polis, receber\u00e1, na pr\u00f3xima <strong>quinta-feira (17\/07)<\/strong>, o evento <em>CBIC Indicadores Regionais | Regi\u00e3o Sul<\/em>, promovido pela C\u00e2mara Brasileira da Ind\u00fastria da Constru\u00e7\u00e3o (CBIC). A programa\u00e7\u00e3o re\u00fane especialistas e lideran\u00e7as para debater o cen\u00e1rio econ\u00f4mico, tend\u00eancias de financiamento e os rumos do setor nos tr\u00eas estados da Regi\u00e3o Sul.<\/p>\n\n\n\n<p>Com dados estrat\u00e9gicos voltados para <strong>construtoras, incorporadoras e profissionais do setor<\/strong>, o encontro visa fortalecer o interc\u00e2mbio de informa\u00e7\u00f5es entre entidades e estimular decis\u00f5es mais assertivas frente aos desafios e oportunidades do mercado.<\/p>\n\n\n\n<p>Entre os destaques da programa\u00e7\u00e3o est\u00e1 a an\u00e1lise do panorama econ\u00f4mico nacional e regional feita por <strong>Ieda Vasconcelos<\/strong>, economista-chefe da CBIC. O presidente da entidade, <strong>Renato Correia<\/strong>, participar\u00e1 da abertura ao lado de <strong>Marcos Mauro Pena<\/strong>, vice-presidente da CBIC para a regi\u00e3o Sul, e <strong>Marcos Bellicanta<\/strong>, presidente da C\u00e2mara de Desenvolvimento da Ind\u00fastria da Constru\u00e7\u00e3o (CDIC) da FIESC.<\/p>\n\n\n\n<p>Tamb\u00e9m est\u00e1 confirmada a presen\u00e7a de <strong>Guilherme Werner<\/strong>, s\u00f3cio da consultoria <strong>BRAIN Intelig\u00eancia Estrat\u00e9gica<\/strong>, que trar\u00e1 dados atualizados sobre lan\u00e7amentos imobili\u00e1rios, gera\u00e7\u00e3o de empregos e desempenho do setor. J\u00e1 o painel sobre cr\u00e9dito imobili\u00e1rio contar\u00e1 com representante do <strong>Banco de Bras\u00edlia (BRB)<\/strong>, apresentando as oportunidades de financiamento dispon\u00edveis no cen\u00e1rio atual.<\/p>\n\n\n\n<p>A iniciativa faz parte do projeto nacional <strong>CBIC Indicadores Regionais<\/strong>, que j\u00e1 passou por outras regi\u00f5es do pa\u00eds, como Sudeste, Norte, Nordeste e Centro-Oeste, e tem como proposta envolver lideran\u00e7as locais em uma agenda estrat\u00e9gica de desenvolvimento para o setor da constru\u00e7\u00e3o.<\/p>\n\n\n\n<hr class=\"wp-block-separator has-alpha-channel-opacity\"\/>\n\n\n\n<h3 class=\"wp-block-heading\">Programa\u00e7\u00e3o \u2013 CBIC Indicadores Regionais | Regi\u00e3o Sul<\/h3>\n\n\n\n<p><strong>16h \u2013 Abertura oficial<\/strong><br>Renato Correia (CBIC)<br>Marcos Mauro Pena (CBIC \u2013 Regi\u00e3o Sul)<br>Marcos Bellicanta (CDIC\/FIESC)<\/p>\n\n\n\n<p><strong>16h20 \u2013 Painel 01:<\/strong> Panorama econ\u00f4mico brasileiro e perspectivas da constru\u00e7\u00e3o<br><em>Ieda Vasconcelos \u2013 Economista-chefe da CBIC<\/em><\/p>\n\n\n\n<p><strong>17h00 \u2013 Painel 02:<\/strong> Mercado imobili\u00e1rio: desempenho e perspectivas<br><em>Guilherme Werner \u2013 S\u00f3cio da Brain Intelig\u00eancia Estrat\u00e9gica<\/em><\/p>\n\n\n\n<p><strong>17h40 \u2013 Painel 03:<\/strong> Cr\u00e9dito imobili\u00e1rio e oportunidades de financiamento<br><em>Representante do Banco de Bras\u00edlia (BRB)<\/em><\/p>\n\n\n\n<p><strong>18h10 \u2013 Debate aberto com o p\u00fablico<\/strong><br><strong>18h45 \u2013 Encerramento<\/strong><\/p>\n\n\n\n<hr class=\"wp-block-separator has-alpha-channel-opacity\"\/>\n\n\n\n<h3 class=\"wp-block-heading\">Servi\u00e7o:<\/h3>\n\n\n\n<p><strong>CBIC Indicadores Regionais | Regi\u00e3o Sul<\/strong><br><strong>Data:<\/strong> 17 de julho (quinta-feira)<br><strong>Hor\u00e1rio:<\/strong> das 16h \u00e0s 19h<br><strong>Local:<\/strong> FIESC \u2013 Rodovia Admar Gonzaga, 2765 \u2013 Itacorubi, Florian\u00f3polis (SC)<\/p>\n","protected":false},"excerpt":{"rendered":"<p>Florian\u00f3polis ser\u00e1 palco, no dia 17 de julho, de encontro que trar\u00e1 dados in\u00e9ditos e an\u00e1lises sobre a ind\u00fastria da constru\u00e7\u00e3o e o setor imobili\u00e1rio nos estados de SC, PR e RS.<\/p>\n","protected":false},"author":1,"featured_media":3740,"comment_status":"open","ping_status":"open","sticky":false,"template":"","format":"standard","meta":{"footnotes":""},"categories":[289],"tags":[22,36,52],"class_list":["post-3739","post","type-post","status-publish","format-standard","has-post-thumbnail","hentry","category-economia-negocios","tag-brasil","tag-economia","tag-empreendedorismo"],"_links":{"self":[{"href":"https:\/\/cidadenoar.com\/global\/wp-json\/wp\/v2\/posts\/3739","targetHints":{"allow":["GET"]}}],"collection":[{"href":"https:\/\/cidadenoar.com\/global\/wp-json\/wp\/v2\/posts"}],"about":[{"href":"https:\/\/cidadenoar.com\/global\/wp-json\/wp\/v2\/types\/post"}],"author":[{"embeddable":true,"href":"https:\/\/cidadenoar.com\/global\/wp-json\/wp\/v2\/users\/1"}],"replies":[{"embeddable":true,"href":"https:\/\/cidadenoar.com\/global\/wp-json\/wp\/v2\/comments?post=3739"}],"version-history":[{"count":0,"href":"https:\/\/cidadenoar.com\/global\/wp-json\/wp\/v2\/posts\/3739\/revisions"}],"wp:featuredmedia":[{"embeddable":true,"href":"https:\/\/cidadenoar.com\/global\/wp-json\/wp\/v2\/media\/3740"}],"wp:attachment":[{"href":"https:\/\/cidadenoar.com\/global\/wp-json\/wp\/v2\/media?parent=3739"}],"wp:term":[{"taxonomy":"category","embeddable":true,"href":"https:\/\/cidadenoar.com\/global\/wp-json\/wp\/v2\/categories?post=3739"},{"taxonomy":"post_tag","embeddable":true,"href":"https:\/\/cidadenoar.com\/global\/wp-json\/wp\/v2\/tags?post=3739"}],"curies":[{"name":"wp","href":"https:\/\/api.w.org\/{rel}","templated":true}]}}