{"id":3765,"date":"2025-07-14T14:59:29","date_gmt":"2025-07-14T17:59:29","guid":{"rendered":"https:\/\/cidadenoar.com\/?p=3765"},"modified":"2025-07-26T17:55:27","modified_gmt":"2025-07-26T20:55:27","slug":"reuniao-de-delegados-microrregionais-reforca-uniao-e-fortalece-o-mercado-imobiliario-catarinense","status":"publish","type":"post","link":"https:\/\/cidadenoar.com\/global\/economia-negocios\/reuniao-de-delegados-microrregionais-reforca-uniao-e-fortalece-o-mercado-imobiliario-catarinense\/","title":{"rendered":"Reuni\u00e3o de Delegados Microrregionais refor\u00e7a uni\u00e3o e fortalece o mercado imobili\u00e1rio catarinense"},"content":{"rendered":"\n<p>Na manh\u00e3 da \u00faltima sexta-feira, 11 de julho, o CRECI-SC promoveu em <a href=\"http:\/\/itapema.cidadenoar.com.br\" target=\"_blank\" rel=\"noreferrer noopener\">Itapema <\/a>a Reuni\u00e3o de Delegados Microrregionais. O encontro teve como principal objetivo fortalecer os la\u00e7os institucionais e aprimorar a articula\u00e7\u00e3o entre as diferentes microrregi\u00f5es de Santa Catarina.<\/p>\n\n\n\n<p>As Reuni\u00f5es de Delegados Microrregionais s\u00e3o fundamentais para alinhar estrat\u00e9gias, compartilhar desafios e boas pr\u00e1ticas, e garantir que as demandas dos corretores de im\u00f3veis de todo o estado sejam ouvidas e consideradas na tomada de decis\u00f5es.<\/p>\n\n\n\n<p>Ao reunir lideran\u00e7as locais do setor, o Conselho reafirma seu compromisso com uma gest\u00e3o participativa, onde o di\u00e1logo e a colabora\u00e7\u00e3o s\u00e3o pilares para a constru\u00e7\u00e3o de um mercado imobili\u00e1rio cada vez mais seguro, \u00e9tico e transparente.<\/p>\n\n\n\n<p>O encontro contou com a presen\u00e7a do 1\u00ba Vice-Presidente do CRECI-SC, Gabriel Carrara, e do Assessor Institucional do Conselho, Alcides Andrade.<\/p>\n\n\n\n<p>Eventos como este demonstram a for\u00e7a do trabalho em conjunto: quando as regi\u00f5es atuam de forma integrada, todos ganham: profissionais, clientes e a sociedade catarinense como um todo. O CRECI-SC agradece a presen\u00e7a e a dedica\u00e7\u00e3o de todos os delegados que participaram da reuni\u00e3o, e refor\u00e7a a import\u00e2ncia desse espa\u00e7o para o fortalecimento da categoria.<\/p>\n","protected":false},"excerpt":{"rendered":"<p>Na manh\u00e3 da \u00faltima sexta-feira, 11 de julho, o CRECI-SC promoveu em Itapema a Reuni\u00e3o de Delegados Microrregionais. O encontro teve como principal objetivo fortalecer os la\u00e7os institucionais e aprimorar a articula\u00e7\u00e3o entre as diferentes microrregi\u00f5es de Santa Catarina. As Reuni\u00f5es de Delegados Microrregionais s\u00e3o fundamentais para alinhar estrat\u00e9gias, compartilhar desafios e boas pr\u00e1ticas, e&#8230;<\/p>\n","protected":false},"author":1,"featured_media":3766,"comment_status":"open","ping_status":"open","sticky":false,"template":"","format":"standard","meta":{"footnotes":""},"categories":[289],"tags":[36],"class_list":["post-3765","post","type-post","status-publish","format-standard","has-post-thumbnail","hentry","category-economia-negocios","tag-economia"],"_links":{"self":[{"href":"https:\/\/cidadenoar.com\/global\/wp-json\/wp\/v2\/posts\/3765","targetHints":{"allow":["GET"]}}],"collection":[{"href":"https:\/\/cidadenoar.com\/global\/wp-json\/wp\/v2\/posts"}],"about":[{"href":"https:\/\/cidadenoar.com\/global\/wp-json\/wp\/v2\/types\/post"}],"author":[{"embeddable":true,"href":"https:\/\/cidadenoar.com\/global\/wp-json\/wp\/v2\/users\/1"}],"replies":[{"embeddable":true,"href":"https:\/\/cidadenoar.com\/global\/wp-json\/wp\/v2\/comments?post=3765"}],"version-history":[{"count":0,"href":"https:\/\/cidadenoar.com\/global\/wp-json\/wp\/v2\/posts\/3765\/revisions"}],"wp:featuredmedia":[{"embeddable":true,"href":"https:\/\/cidadenoar.com\/global\/wp-json\/wp\/v2\/media\/3766"}],"wp:attachment":[{"href":"https:\/\/cidadenoar.com\/global\/wp-json\/wp\/v2\/media?parent=3765"}],"wp:term":[{"taxonomy":"category","embeddable":true,"href":"https:\/\/cidadenoar.com\/global\/wp-json\/wp\/v2\/categories?post=3765"},{"taxonomy":"post_tag","embeddable":true,"href":"https:\/\/cidadenoar.com\/global\/wp-json\/wp\/v2\/tags?post=3765"}],"curies":[{"name":"wp","href":"https:\/\/api.w.org\/{rel}","templated":true}]}}